{"id":14584,"date":"1974-05-30T23:26:42","date_gmt":"1974-05-31T04:26:42","guid":{"rendered":"http:\/\/www.javeriana.edu.co\/hoy-en-la-javeriana?p=14584"},"modified":"2022-08-24T16:30:28","modified_gmt":"2022-08-24T21:30:28","slug":"cursos-de-educacion-continuada-2","status":"publish","type":"post","link":"https:\/\/www.javeriana.edu.co\/repositorio-hoy-en-la-javeriana\/cursos-de-educacion-continuada-2\/","title":{"rendered":"Cursos de Educaci\u00f3n Continuada"},"content":{"rendered":"<p>\u00abLa Ingenier\u00eda y el Computador\u00bb: ofrecido por la Asociacion de Ingenieros Javer\u00edanos y la Facultad de Ingenier\u00eda de la Universidad Javeriana. Se dictar\u00e1 en la Javeriana, entre el 27 de mayo y el 12 de junio, de lunes a viernes, de 6:30 p. m. a 8: 30. Valor del curso: $ 1.200.00 para asociados, $ l.500 para no asociados. Informes: Tels. 45 82 89 y 35 23 12.<\/p>\n<p>-La Facultad de Educaci\u00f3n ofrece, del 17 de junio al 13 de julio, sus ya tradicionales CURSOS DE VACACIONES, para Profesores de Secundaria, aprobados para ingreso y ascenso en el escalaf\u00f3n Nacional. Informes, prospectos e inscripciones en la Oficina 508, Edificio Central de la Universidad Javeriana<\/p>\n<p>&#8211; Administraci\u00f3n y Organizaci\u00f3n de Empresas, para Vicarios de Pastoral y Directores de Pastoral Social, de Junio 3 a 21 de 1974. Este curso se dictar\u00e1 bajo la direcci\u00f3n de Profesores de la Universidad y con la participaci\u00f3n de Vicarios de Pastoral y Directores de Pastoral Social, en el Secretariado Nacional de Pastoral Social (Calle 26 No. 27-48, piso 6, Tel. 328-781). Las conferencias estar\u00e1n a cargo de los Profesores: Dres. Hernando Arellano, Augusto Garz\u00f3n, Guillermo Gal\u00e1n, Jorge Mor N., Rodrigo Jaramillo, Michel Saffon y Hernando C\u00e1ceres.<\/p>\n<p style=\"text-align: center;\"><span style=\"color: #000000;\"><strong>Reuniones Profesionales cient\u00edficas y t\u00e9cnicas en Colombia<\/strong><\/span><\/p>\n<table width=\"628\">\n<tbody>\n<tr>\n<td width=\"95\">Mayo 13-15<\/td>\n<td colspan=\"2\" width=\"168\">Cirug\u00eda oral<\/td>\n<td width=\"144\">Rodrigo Abello<\/td>\n<td width=\"222\">Ser vic . Salud Fac. Odontol.\u00a0\u00a0 Cundinamarca Univ . Javeriana<\/td>\n<\/tr>\n<tr>\n<td width=\"95\">Mayo 13<\/td>\n<td colspan=\"2\" width=\"168\">objetivos educacionales&#8217;<\/td>\n<td width=\"144\">Decano Fae. Nutric.y Diet.<\/td>\n<td width=\"222\">Fac.Nutrici\u00f3n. Univ. Jave- verlana<\/td>\n<\/tr>\n<tr>\n<td width=\"95\">Mayo 14-21<\/td>\n<td colspan=\"2\" width=\"168\">La Enfermera en la Unidad de Cuidado Intensivo<\/td>\n<td width=\"144\">Continuada Depto. Educaci\u00d3n<\/td>\n<td width=\"222\">Hosp. Militar, Fac . Enfermer\u00eda, Clin. Sha io,Univer-Nal Caja.<\/p>\n<p>&nbsp;<\/td>\n<\/tr>\n<tr>\n<td width=\"95\">Mayo 16-18<\/td>\n<td colspan=\"2\" width=\"168\">laboratorio Cl\u00ednico.<\/td>\n<td width=\"144\">Rodrigo Abello<\/td>\n<td width=\"222\">Servic . SaludFac.Odont01. Cundinam.\u00a0 Univ. Javeriana<\/td>\n<\/tr>\n<tr>\n<td width=\"95\">Mayo 30 &#8211; Junio 1<\/td>\n<td colspan=\"2\" width=\"168\">Ortodoncia Preventiva y materiales dentales<\/td>\n<td width=\"144\">Rodrigo A bello<\/td>\n<td width=\"222\">Servic . Salud del Huila Neiva<\/td>\n<\/tr>\n<tr>\n<td width=\"95\"><\/td>\n<td colspan=\"2\" width=\"168\"><\/td>\n<td width=\"144\"><\/td>\n<td width=\"222\"><\/td>\n<\/tr>\n<tr>\n<td width=\"95\">Mayo 20-25<\/td>\n<td colspan=\"2\" width=\"168\">Diagn\u00f3stico, endodoncia y ortodoncia preventiva<\/td>\n<td width=\"144\">Rodrigo A bello<\/td>\n<td width=\"222\">Servic. Salud\u00a0\u00a0 D taita ma Boyac\u00e1<\/td>\n<\/tr>\n<tr>\n<td width=\"95\">Junio 3-30<\/td>\n<td width=\"167\">Ense\u00f1anza de la F\u00edsica<\/td>\n<td colspan=\"2\" width=\"144\">Andr\u00e9s Rodr\u00edguez Mario Am\u00e9zquita Miguel Orjuela<\/td>\n<td width=\"222\">Comisi\u00f3n para Univ. Jave- \u00a0Intercam. Educ. mana ICFES, Instituc.Facultad de colomb- educa &#8211; Cienc ias ci\u00f3n superior.<\/td>\n<\/tr>\n<tr>\n<td width=\"95\">Junio 3-30<\/td>\n<td colspan=\"2\" width=\"168\">Fisiogen\u00e9tica del Desarrollo<\/td>\n<td width=\"144\">F.R. Hunter, Dr. A. Hunter \u00a0Dr. Jaime George, Dra. I. de Esca milla &#8211;<\/td>\n<td width=\"222\">Comisi\u00d3n para Univ. Javeriana Intercam . Educ . ICFES, Colciencias-Facultad de Ciencias<\/td>\n<\/tr>\n<tr>\n<td width=\"95\">Junio 9-19<\/td>\n<td colspan=\"2\" width=\"168\">Seminario Latinoamericano sobre legislaci\u00f3n en Enfermer\u00eda<\/td>\n<td width=\"144\">A Internacional Enfermer\u00eda(CIE)<\/td>\n<td width=\"222\">Asoc. Nal. Enf. Hotel Continental de Bogot\u00e1 \u00a0Fae .Enferm. Univ. Javeriana<\/td>\n<\/tr>\n<\/tbody>\n<\/table>\n","protected":false},"excerpt":{"rendered":"<p>\u00abLa Ingenier\u00eda y el Computador\u00bb: ofrecido por la Asociacion de Ingenieros Javer\u00edanos y la Facultad de Ingenier\u00eda de la Universidad Javeriana. Se dictar\u00e1 en la Javeriana, entre el 27 de mayo y el 12 de junio, de lunes a viernes, de 6:30 p. m. a 8: 30. Valor del curso: $ 1.200.00 para asociados, $ l.500 para no asociados. Informes: Tels. 45 82 89 y 35 23 12. -La Facultad de Educaci\u00f3n ofrece, del 17 de junio al 13 de julio, sus ya tradicionales CURSOS DE VACACIONES, para Profesores de Secundaria, aprobados para ingreso y ascenso en el escalaf\u00f3n Nacional. Informes, prospectos e inscripciones en la Oficina 508, Edificio Central de la Universidad Javeriana &#8211; Administraci\u00f3n y Organizaci\u00f3n de Empresas,[&hellip;]<\/p>\n","protected":false},"author":5,"featured_media":20876,"comment_status":"closed","ping_status":"closed","sticky":false,"template":"","format":"standard","meta":{"footnotes":""},"categories":[51,59],"tags":[25411,11790,381,25415,11823,751,11821,265,109,11819,25416,635,25420,25417,25412,25340,25419,25413,25414,507,25418,11818],"class_list":["post-14584","post","type-post","status-publish","format-standard","has-post-thumbnail","hentry","category-cultura","category-sociedad","tag-andres-rodriguez","tag-ano-13-no-539","tag-asociacion-de-ingenieros-javerianos","tag-augusto-garzon","tag-cursos-de-vacaciones","tag-educacion-continuada","tag-endodoncia-y-ortodoncia-preventiva","tag-facultad-de-educacion","tag-facultad-de-ingenieria","tag-fisiogenetica-del-desarrollo","tag-guillermo-galan","tag-hernando-arellano","tag-hernando-caceres","tag-jorge-mor-n","tag-mario-amezquita","tag-mayo-1974","tag-michel-saffon","tag-miguel-orjuela","tag-pastoral","tag-pastoral-social","tag-rodrigo-jaramillo","tag-seminario-latinoamericano-sobre-legislacion-en-enfermeria"],"acf":[],"_links":{"self":[{"href":"https:\/\/www.javeriana.edu.co\/repositorio-hoy-en-la-javeriana\/wp-json\/wp\/v2\/posts\/14584","targetHints":{"allow":["GET"]}}],"collection":[{"href":"https:\/\/www.javeriana.edu.co\/repositorio-hoy-en-la-javeriana\/wp-json\/wp\/v2\/posts"}],"about":[{"href":"https:\/\/www.javeriana.edu.co\/repositorio-hoy-en-la-javeriana\/wp-json\/wp\/v2\/types\/post"}],"author":[{"embeddable":true,"href":"https:\/\/www.javeriana.edu.co\/repositorio-hoy-en-la-javeriana\/wp-json\/wp\/v2\/users\/5"}],"replies":[{"embeddable":true,"href":"https:\/\/www.javeriana.edu.co\/repositorio-hoy-en-la-javeriana\/wp-json\/wp\/v2\/comments?post=14584"}],"version-history":[{"count":3,"href":"https:\/\/www.javeriana.edu.co\/repositorio-hoy-en-la-javeriana\/wp-json\/wp\/v2\/posts\/14584\/revisions"}],"predecessor-version":[{"id":23396,"href":"https:\/\/www.javeriana.edu.co\/repositorio-hoy-en-la-javeriana\/wp-json\/wp\/v2\/posts\/14584\/revisions\/23396"}],"wp:featuredmedia":[{"embeddable":true,"href":"https:\/\/www.javeriana.edu.co\/repositorio-hoy-en-la-javeriana\/wp-json\/wp\/v2\/media\/20876"}],"wp:attachment":[{"href":"https:\/\/www.javeriana.edu.co\/repositorio-hoy-en-la-javeriana\/wp-json\/wp\/v2\/media?parent=14584"}],"wp:term":[{"taxonomy":"category","embeddable":true,"href":"https:\/\/www.javeriana.edu.co\/repositorio-hoy-en-la-javeriana\/wp-json\/wp\/v2\/categories?post=14584"},{"taxonomy":"post_tag","embeddable":true,"href":"https:\/\/www.javeriana.edu.co\/repositorio-hoy-en-la-javeriana\/wp-json\/wp\/v2\/tags?post=14584"}],"curies":[{"name":"wp","href":"https:\/\/api.w.org\/{rel}","templated":true}]}}