{"id":14638,"date":"1974-11-27T19:11:47","date_gmt":"1974-11-28T00:11:47","guid":{"rendered":"http:\/\/www.javeriana.edu.co\/hoy-en-la-javeriana?p=14638"},"modified":"2022-08-30T15:56:25","modified_gmt":"2022-08-30T20:56:25","slug":"nombramiento-3","status":"publish","type":"post","link":"https:\/\/www.javeriana.edu.co\/repositorio-hoy-en-la-javeriana\/nombramiento-3\/","title":{"rendered":"Nombramientos"},"content":{"rendered":"<p>Por reciente Decreto del Sr. Ministro de Comunicaciones, Dr. Jaime Garc\u00eda Parra, fue reintegrado el Consejo de Programaci\u00f3n del Instituto Nacional de Radio y Televisi\u00f3n &#8216;INTRAVISION&#8217; .<\/p>\n<p>Entre los cuatro miembros principales fue confirmado el P. Angel Valtierra, S. J., Director de la Oficina de Relaciones Publicas de la Universidad Javeriana.<\/p>\n","protected":false},"excerpt":{"rendered":"<p>Por reciente Decreto del Sr. Ministro de Comunicaciones, Dr. Jaime Garc\u00eda Parra, fue reintegrado el Consejo de Programaci\u00f3n del Instituto Nacional de Radio y Televisi\u00f3n &#8216;INTRAVISION&#8217; . Entre los cuatro miembros principales fue confirmado el P. Angel Valtierra, S. J., Director de la Oficina de Relaciones Publicas de la Universidad Javeriana.<\/p>\n","protected":false},"author":5,"featured_media":20876,"comment_status":"closed","ping_status":"closed","sticky":false,"template":"","format":"standard","meta":{"footnotes":""},"categories":[51,59],"tags":[8066,11063,25504,21152,11921,25486,13758],"class_list":["post-14638","post","type-post","status-publish","format-standard","has-post-thumbnail","hentry","category-cultura","category-sociedad","tag-angel-valtierra","tag-instituto-nacional-de-radio-y-television","tag-intravision","tag-jaime-garcia-parra","tag-ministro-de-comunicaciones","tag-noviembre-1974","tag-oficina-de-relaciones-publicas"],"acf":[],"_links":{"self":[{"href":"https:\/\/www.javeriana.edu.co\/repositorio-hoy-en-la-javeriana\/wp-json\/wp\/v2\/posts\/14638","targetHints":{"allow":["GET"]}}],"collection":[{"href":"https:\/\/www.javeriana.edu.co\/repositorio-hoy-en-la-javeriana\/wp-json\/wp\/v2\/posts"}],"about":[{"href":"https:\/\/www.javeriana.edu.co\/repositorio-hoy-en-la-javeriana\/wp-json\/wp\/v2\/types\/post"}],"author":[{"embeddable":true,"href":"https:\/\/www.javeriana.edu.co\/repositorio-hoy-en-la-javeriana\/wp-json\/wp\/v2\/users\/5"}],"replies":[{"embeddable":true,"href":"https:\/\/www.javeriana.edu.co\/repositorio-hoy-en-la-javeriana\/wp-json\/wp\/v2\/comments?post=14638"}],"version-history":[{"count":4,"href":"https:\/\/www.javeriana.edu.co\/repositorio-hoy-en-la-javeriana\/wp-json\/wp\/v2\/posts\/14638\/revisions"}],"predecessor-version":[{"id":23501,"href":"https:\/\/www.javeriana.edu.co\/repositorio-hoy-en-la-javeriana\/wp-json\/wp\/v2\/posts\/14638\/revisions\/23501"}],"wp:featuredmedia":[{"embeddable":true,"href":"https:\/\/www.javeriana.edu.co\/repositorio-hoy-en-la-javeriana\/wp-json\/wp\/v2\/media\/20876"}],"wp:attachment":[{"href":"https:\/\/www.javeriana.edu.co\/repositorio-hoy-en-la-javeriana\/wp-json\/wp\/v2\/media?parent=14638"}],"wp:term":[{"taxonomy":"category","embeddable":true,"href":"https:\/\/www.javeriana.edu.co\/repositorio-hoy-en-la-javeriana\/wp-json\/wp\/v2\/categories?post=14638"},{"taxonomy":"post_tag","embeddable":true,"href":"https:\/\/www.javeriana.edu.co\/repositorio-hoy-en-la-javeriana\/wp-json\/wp\/v2\/tags?post=14638"}],"curies":[{"name":"wp","href":"https:\/\/api.w.org\/{rel}","templated":true}]}}