{"id":14641,"date":"1974-11-27T19:45:16","date_gmt":"1974-11-28T00:45:16","guid":{"rendered":"http:\/\/www.javeriana.edu.co\/hoy-en-la-javeriana?p=14641"},"modified":"2022-09-06T17:10:10","modified_gmt":"2022-09-06T22:10:10","slug":"congresos-2","status":"publish","type":"post","link":"https:\/\/www.javeriana.edu.co\/repositorio-hoy-en-la-javeriana\/congresos-2\/","title":{"rendered":"Congresos"},"content":{"rendered":"<p><strong><span style=\"color: #000000;\">VI Congreso Panamericano de Ense\u00f1anza de la Ingenier\u00eda:<\/span> <\/strong>La Facultad de Ingenier\u00eda Civil e Industrial de la Universidad Javeriana asisti\u00f3 al VI Congreso Panamericano de Ense\u00f1anza de la Ingenier\u00eda, celebrado el pasado mes de octubre en la ciudad de Toronto, Canad\u00e1, al cual asistieron m\u00e1s de 250 ingenieros entre Decanos y profesores de todo el continente,<\/p>\n<p>La ponencia del Dr. Alvaro Silva Fajardo, Decano Acad\u00e9mico de la Facultad de Ingenier\u00eda Civil, titulada &#8216; &#8216;La interdisciplinariedad en la Ingenier\u00eda y su influencia en la formaci\u00f3n de investigadores\u00bb, se present\u00f3 en la sesi\u00f3n inaugural y fue recibida con mucho inter\u00e9s por los asistentes al Congreso.<\/p>\n<p>Las recomendaciones de esta ponencia fueron acogidas en el documento final del mencionado Congreso y se distribuir\u00e1n a todas las universidades del continente.<\/p>\n<p><u><strong><span style=\"color: #000000;\">Seminario de Ciencias del Mar<\/span><\/strong>:<\/u> Se llev\u00f3 a cabo en la ciudad de Cartagena, y el Dr. Fabio Pati\u00f1o, Profesor del Departamento de Ciencias Biol\u00f3gicas de la Universidad Javeriana, present\u00e1 un interesante trabajo titulado Zonaci\u00f3n de algas b\u00e9nticas macroscopicas en los arrecifes de la Parguera, Puerto Rico.<\/p>\n<p>Los Doctores Otto Uscher Castellanos, Hernando Ben\u00edtez y Mar\u00eda Edith de la Facultad de Medicina de la Universidad Javeriana, representar\u00e1n el Seminario que sobre Prestaci\u00f3n de Servicios de Salud se reunir\u00e1 en Cali, a partir del 25 de noviembre. Los acompa\u00f1a, como representante de la Secretar\u00eda de Salud, el Dr. Hern\u00e1n Pico Gil. Al Seminario llevan la ponencia &#8216; &#8216;Proyecto para la prestaci\u00f3n de servicios de salud basado en un sistema de regionalizaci\u00f3n\u00bb<\/p>\n","protected":false},"excerpt":{"rendered":"<p>VI Congreso Panamericano de Ense\u00f1anza de la Ingenier\u00eda: La Facultad de Ingenier\u00eda Civil e Industrial de la Universidad Javeriana asisti\u00f3 al VI Congreso Panamericano de Ense\u00f1anza de la Ingenier\u00eda, celebrado el pasado mes de octubre en la ciudad de Toronto, Canad\u00e1, al cual asistieron m\u00e1s de 250 ingenieros entre Decanos y profesores de todo el continente, La ponencia del Dr. Alvaro Silva Fajardo, Decano Acad\u00e9mico de la Facultad de Ingenier\u00eda Civil, titulada &#8216; &#8216;La interdisciplinariedad en la Ingenier\u00eda y su influencia en la formaci\u00f3n de investigadores\u00bb, se present\u00f3 en la sesi\u00f3n inaugural y fue recibida con mucho inter\u00e9s por los asistentes al Congreso. Las recomendaciones de esta ponencia fueron acogidas en el documento final del mencionado Congreso y se distribuir\u00e1n[&hellip;]<\/p>\n","protected":false},"author":5,"featured_media":20876,"comment_status":"closed","ping_status":"closed","sticky":false,"template":"","format":"standard","meta":{"footnotes":""},"categories":[51,16,3],"tags":[7071,11937,32,2928,11925,11929,25505,11922,11666,25506,11933,11926,11934,11861,25486,11932,11931,11936,5409,11927,541,11923,11930],"class_list":["post-14641","post","type-post","status-publish","format-standard","has-post-thumbnail","hentry","category-cultura","category-investigacion","category-medio-ambiente","tag-alvaro-silva-fajardo","tag-ano-13-no-553","tag-canada","tag-cartagena","tag-decano-academico-de-la-facultad-de-ingenieria-civil","tag-departamento-de-ciencias-biologicas-de-la-universidad-javeriana","tag-fabio-patino","tag-facultad-de-ingenieria-civil-e-industrial","tag-facultad-de-medicina-de-la-universidad-javeriana","tag-hernan-pico-gil","tag-hernando-benitez","tag-la-interdisciplinariedad-en-la-ingenieria-y-su-influencia-en-la-formacion-de-investigadores","tag-maria-edith","tag-noviembre","tag-noviembre-1974","tag-otto-uscher-castellanos","tag-parguera","tag-proyecto-para-la-prestacion-de-servicios-de-salud-basado-en-un-sistema-de-regionalizacion","tag-puerto-rico","tag-seminario-de-ciencias-del-mar","tag-toronto","tag-vi-congreso-panamericano-de-ensenanza-de-la-ingenieria","tag-zonacion-de-algas-benticas-macroscopicas"],"acf":[],"_links":{"self":[{"href":"https:\/\/www.javeriana.edu.co\/repositorio-hoy-en-la-javeriana\/wp-json\/wp\/v2\/posts\/14641","targetHints":{"allow":["GET"]}}],"collection":[{"href":"https:\/\/www.javeriana.edu.co\/repositorio-hoy-en-la-javeriana\/wp-json\/wp\/v2\/posts"}],"about":[{"href":"https:\/\/www.javeriana.edu.co\/repositorio-hoy-en-la-javeriana\/wp-json\/wp\/v2\/types\/post"}],"author":[{"embeddable":true,"href":"https:\/\/www.javeriana.edu.co\/repositorio-hoy-en-la-javeriana\/wp-json\/wp\/v2\/users\/5"}],"replies":[{"embeddable":true,"href":"https:\/\/www.javeriana.edu.co\/repositorio-hoy-en-la-javeriana\/wp-json\/wp\/v2\/comments?post=14641"}],"version-history":[{"count":4,"href":"https:\/\/www.javeriana.edu.co\/repositorio-hoy-en-la-javeriana\/wp-json\/wp\/v2\/posts\/14641\/revisions"}],"predecessor-version":[{"id":23534,"href":"https:\/\/www.javeriana.edu.co\/repositorio-hoy-en-la-javeriana\/wp-json\/wp\/v2\/posts\/14641\/revisions\/23534"}],"wp:featuredmedia":[{"embeddable":true,"href":"https:\/\/www.javeriana.edu.co\/repositorio-hoy-en-la-javeriana\/wp-json\/wp\/v2\/media\/20876"}],"wp:attachment":[{"href":"https:\/\/www.javeriana.edu.co\/repositorio-hoy-en-la-javeriana\/wp-json\/wp\/v2\/media?parent=14641"}],"wp:term":[{"taxonomy":"category","embeddable":true,"href":"https:\/\/www.javeriana.edu.co\/repositorio-hoy-en-la-javeriana\/wp-json\/wp\/v2\/categories?post=14641"},{"taxonomy":"post_tag","embeddable":true,"href":"https:\/\/www.javeriana.edu.co\/repositorio-hoy-en-la-javeriana\/wp-json\/wp\/v2\/tags?post=14641"}],"curies":[{"name":"wp","href":"https:\/\/api.w.org\/{rel}","templated":true}]}}