{"id":14686,"date":"1975-01-21T21:13:52","date_gmt":"1975-01-22T02:13:52","guid":{"rendered":"http:\/\/www.javeriana.edu.co\/hoy-en-la-javeriana?p=14686"},"modified":"2022-09-07T09:24:43","modified_gmt":"2022-09-07T14:24:43","slug":"el-padre-carlos-ortiz-restrepo-s-j","status":"publish","type":"post","link":"https:\/\/www.javeriana.edu.co\/repositorio-hoy-en-la-javeriana\/el-padre-carlos-ortiz-restrepo-s-j\/","title":{"rendered":"El Padre Carlos Ortiz Restrepo, S.J."},"content":{"rendered":"<p>Mayo 30 ,1893 Enero 2, 1975<\/p>\n<p>Lentamente, como una l\u00e1mpara que va consumiendo todo su alimento, se fue apagando la vida del P. Carlos Ortiz, rector dos veces de la Universidad Javeriana, Mucho se podr\u00eda decir del jesuita, del sacerdote, del sabio, del amigo Solo queremos su recuerdo como un est\u00edmulo y un orgullo. Naci\u00f3 el P Ortiz en Bogot\u00e1 en el hogar de Manuel Ortiz y Julia Restrepo. Muy ni\u00f1o viaj\u00f3 con sus padres y hermanos a Par\u00eds, donde se inici\u00f3 en las humanidades, aprendiendo muy bien el franc\u00e9s, idioma que manejo a perfecci\u00f3n. Vuelto a Colombia, ya en el Colegio de San Bartolom\u00e9, decidi\u00f3 entrar a la Compa\u00f1\u00eda de Jes\u00fas. Curs\u00f3 humanidades latinas y griegas en Bogot\u00e1, Filosof\u00eda y Ciencias en Espa\u00f1a y regres\u00f3 a su colegio donde inici\u00f3 una brillante carrera profesional en el campo de las matem\u00e1ticas, en la que fue no solo excelente, sino a juicio de sus profesores europeos, un peque\u00f1o genio, Sell\u00f3 este profesorado elemental con la publicaci\u00f3n de la Trigonometr\u00eda, de sorprendente claridad. Inici\u00f3 sus estudios teol\u00f3gicos Espa\u00f1a y los termin\u00f3 en Valkenburg (Holanda), con los jesuitas alemanes. Deb\u00eda aprender ese idioma para su carrera de F\u00edsica que curs\u00f3 en la universidad de Friburgo (Suiza) hasta el doctorado, Su campo predilecto en esta rama del saber fue la electricidad. Ya en Colombia continu\u00f3 su profesorado en San Bartolom\u00e9 y en el Colegio M\u00e1ximo de la Compa\u00f1\u00eda de Jes\u00fas. Como profesor de los j\u00f3venes jesuitas fue el iniciador de una etapa cient\u00edfica en la vida de los que hab\u00edan de desempe\u00f1ar la docencia de matem\u00e1ticas en los diversos colegios jesu\u00edticos. Altern\u00f3 el oficio de Superior con el profesorado. En 1935 fue nombrado Rector de Sen Bartolom\u00e9; en locales se albergaba la restaurada Universidad Javeriana y as\u00ed fue uno de sus primeros rectores. Fue el primer profesor de F\u00edsica M\u00e9dica de la Facultad de Medicina creada en 1942. Ya antes hab\u00eda iniciado su curso de F\u00edsica At\u00f3mica en la Escuela Normal Superior de Colombia: Nombrado Vice-Rector en 1950, su influencia en la Javeriana se extender\u00e1 en los diez a\u00f1os siguientes de una manera muy eficiente, Sucede al P. Emilio Arango en la rector\u00eda 1955 hasta 1931. Su obra deja inmensa huella. Construye el Hogar Universitario Femenino, hov Facultad de ciencias,el campo de f\u00fatbol colabora con la creaci\u00f3n del Club Javeriano, participa como Rector en la creaci\u00f3n de Asociaci\u00f3n Colombiana de Universidades en 1958; re\u00fane en la Javeriana<\/p>\n<p>II Congreso de las Universidades Cat\u00f3licas de la Am\u00e9rica Latina. Lanza en compa\u00f1\u00eda de Arcadio Plazas serie Ediciones Universidad Javeriana, de traducciones cl\u00e1sicas de Econom\u00eda, Ya antes hab\u00eda representado a la Javeriana en el Congreso Internacional de Universidades Cat\u00f3licas en Roma en 1949, Visita las principales universidades americanas por especial invitaci\u00f3n del gobierno de aquel pa\u00eds. Inicia el Curso de Relaciones Industriales, que se convertir\u00e1 despu\u00e9s en la Facultad de Administraci\u00f3n.<\/p>\n<p>Re\u00fane en la Javeriana la II Semana Social colombiana, sobre el tema de vivien da humana, En todo esto no se ve sino al organizador. Lo m\u00e1s importante de su personalidad para cor: profesores y alumnos javerianos es su cultura y amabilidad exquisita. Dotado de un extraordinario talento y de grandes cualidades humanas, su rectorado hace resaltar al educador, al consejero, al amigo, al sabio sencillo, miembro de n\u00famero de la Academia de Ciencias. Jesuita Sacerdote entregado a los dem\u00e1s, conjug\u00f3 en su alma una bondad l\u00edmite, Todos recordamos al orientador. al sacerdote perfecto como ap\u00f3stol, al colombiano optimista, al jesuita modelo, al orador sagrado brillante, y sobre todo al amigo permanente, La Universidad recibi\u00f3 lo mejor de su vida quiere \u00a0un tributo agradecida.<\/p>\n","protected":false},"excerpt":{"rendered":"<p>Mayo 30 ,1893 Enero 2, 1975 Lentamente, como una l\u00e1mpara que va consumiendo todo su alimento, se fue apagando la vida del P. Carlos Ortiz, rector dos veces de la Universidad Javeriana, Mucho se podr\u00eda decir del jesuita, del sacerdote, del sabio, del amigo Solo queremos su recuerdo como un est\u00edmulo y un orgullo. Naci\u00f3 el P Ortiz en Bogot\u00e1 en el hogar de Manuel Ortiz y Julia Restrepo. Muy ni\u00f1o viaj\u00f3 con sus padres y hermanos a Par\u00eds, donde se inici\u00f3 en las humanidades, aprendiendo muy bien el franc\u00e9s, idioma que manejo a perfecci\u00f3n. Vuelto a Colombia, ya en el Colegio de San Bartolom\u00e9, decidi\u00f3 entrar a la Compa\u00f1\u00eda de Jes\u00fas. Curs\u00f3 humanidades latinas y griegas en Bogot\u00e1, Filosof\u00eda[&hellip;]<\/p>\n","protected":false},"author":5,"featured_media":20876,"comment_status":"closed","ping_status":"closed","sticky":false,"template":"","format":"standard","meta":{"footnotes":""},"categories":[51,105,59],"tags":[11972,25577,11985,11986,11981,80,5980,11984,6398,11983,11982],"class_list":["post-14686","post","type-post","status-publish","format-standard","has-post-thumbnail","hentry","category-cultura","category-institucional","category-sociedad","tag-ano-14-no-556","tag-enero-1975","tag-ii-semana-social-colombiana","tag-p-carlos-ortiz","tag-p-emilio-arango","tag-relaciones-industriales","tag-san-bartolome","tag-sociacion-colombiana-de-universidades-en-1958","tag-trigonometria","tag-universidad-de-friburgo-suiza","tag-valkenburg-holanda"],"acf":[],"_links":{"self":[{"href":"https:\/\/www.javeriana.edu.co\/repositorio-hoy-en-la-javeriana\/wp-json\/wp\/v2\/posts\/14686","targetHints":{"allow":["GET"]}}],"collection":[{"href":"https:\/\/www.javeriana.edu.co\/repositorio-hoy-en-la-javeriana\/wp-json\/wp\/v2\/posts"}],"about":[{"href":"https:\/\/www.javeriana.edu.co\/repositorio-hoy-en-la-javeriana\/wp-json\/wp\/v2\/types\/post"}],"author":[{"embeddable":true,"href":"https:\/\/www.javeriana.edu.co\/repositorio-hoy-en-la-javeriana\/wp-json\/wp\/v2\/users\/5"}],"replies":[{"embeddable":true,"href":"https:\/\/www.javeriana.edu.co\/repositorio-hoy-en-la-javeriana\/wp-json\/wp\/v2\/comments?post=14686"}],"version-history":[{"count":3,"href":"https:\/\/www.javeriana.edu.co\/repositorio-hoy-en-la-javeriana\/wp-json\/wp\/v2\/posts\/14686\/revisions"}],"predecessor-version":[{"id":23556,"href":"https:\/\/www.javeriana.edu.co\/repositorio-hoy-en-la-javeriana\/wp-json\/wp\/v2\/posts\/14686\/revisions\/23556"}],"wp:featuredmedia":[{"embeddable":true,"href":"https:\/\/www.javeriana.edu.co\/repositorio-hoy-en-la-javeriana\/wp-json\/wp\/v2\/media\/20876"}],"wp:attachment":[{"href":"https:\/\/www.javeriana.edu.co\/repositorio-hoy-en-la-javeriana\/wp-json\/wp\/v2\/media?parent=14686"}],"wp:term":[{"taxonomy":"category","embeddable":true,"href":"https:\/\/www.javeriana.edu.co\/repositorio-hoy-en-la-javeriana\/wp-json\/wp\/v2\/categories?post=14686"},{"taxonomy":"post_tag","embeddable":true,"href":"https:\/\/www.javeriana.edu.co\/repositorio-hoy-en-la-javeriana\/wp-json\/wp\/v2\/tags?post=14686"}],"curies":[{"name":"wp","href":"https:\/\/api.w.org\/{rel}","templated":true}]}}