{"id":14715,"date":"1975-01-28T22:07:12","date_gmt":"1975-01-29T03:07:12","guid":{"rendered":"http:\/\/www.javeriana.edu.co\/hoy-en-la-javeriana?p=14715"},"modified":"2022-09-07T11:00:47","modified_gmt":"2022-09-07T16:00:47","slug":"innovaciones-para-la-programacion-deportiva-de-1975","status":"publish","type":"post","link":"https:\/\/www.javeriana.edu.co\/repositorio-hoy-en-la-javeriana\/innovaciones-para-la-programacion-deportiva-de-1975\/","title":{"rendered":"Innovaciones para la programaci\u00f3n deportiva de 1975"},"content":{"rendered":"<p>Se inicia una nueva fase en la organizaci\u00f3n de nuestro deporte: El Sector Deportivo del Medio Universitario ha trazado tres campos de acci\u00f3n; recreativo, competitivo y formativo.<\/p>\n<p><u>Recreativo<\/u>: Divido el a\u00f1o en dos per\u00edodos, del lo. de febrero al 15 de mayo, y del 15 de agosto al lo. de noviembre, se programar\u00e1n temporadas para torneos internos en los siete deportes que est\u00e1 en capacidad de promover la Universidad&#8217;. Son ellos:<\/p>\n<ul>\n<li>1) Ajedrez<\/li>\n<li>2) Atletismo masculino y femenino<\/li>\n<li>3) Basquetbol masculino y femenino<\/li>\n<li>4) Futbol<\/li>\n<li>5) Tenis de campo masculino y femenino<\/li>\n<li>6) Tenis de mesa masculino y femenino<\/li>\n<li>7) Volibol masculino y femenino.<\/li>\n<\/ul>\n<p>Asesorados por el entrenador respectivo, se cuenta con la colaboraci\u00f3n de estudiantes destacados en la pr\u00e1ctica de cada deporte y se encomienda a ellos la promoci\u00f3n y desarrollo de los torneos.<\/p>\n<p>Cada per\u00edodo deportiva se divide en temporadas y las fechas se estudian en tal forma que un estudiante puede participar c\u00f3modamente en varios deportes.<\/p>\n<p>Para participar en cada torneo, los interesados llenan una tarjeta de inscripci\u00f3n en las oficinas de deporte, dentro de los l\u00edmites de tiempo estipulado. Adem\u00e1s, adquieren el carn\u00e9 que les permite retirar implementos, utilizar canchas para entrenamiento y otros servicios;<\/p>\n<p><u>Competitivo:<\/u> Se refiere este camp\u00f3 al trabajo que lleva a cabo la la Universidad en los diferentes deportes. Dirigidos por el entrenador, la selecci\u00f3n practica varias veces por semana en el Estadio Javeriano o en el Coliseo Cubierto del Colegio de San Bartolom\u00e9\u00a0 Merced, entidad que gentilmente presta los servicios para los programas de Basquetbol y Volibol de nuestra Universidad, a nivel de Selecci\u00f3n.Las selecciones desarrollan el programa competitivo a trav\u00e9s de torneos externos, compromisos ron otras instituciones, Ligas del Distrito e intercambios que se puedan programar fuera de la ciudad.<\/p>\n<p>A los estudiantes que pertenecen a cada selecci\u00f3n se les lleva un r\u00e9cord sobre su participaci\u00f3n y continuidad deportiva, que se da a conocer a los Decanos de la Facultad a las cuales pertenecen.<\/p>\n<p>Permanentemente las selecciones est\u00e1n recibiendo solicitudes de estudiantes para ingresar a ellas, o convocando a los m\u00e1s destacados, a quienes se observa a trav\u00e9s de los torneos.<\/p>\n<p><u>Formativo<\/u>: Este tercer campo de acci\u00f3n intenta instruir a trav\u00e9s de cursillos, sobre aspectos te\u00f3ricos y pr\u00e1cticos del deporte, los cuales comprenden historia, fundamentaci\u00f3n general y especializada, sistemas y estrategia de competici\u00f3n para deportes de conjunto e individuales, organizaci\u00f3n deportiva, administraci\u00f3n y reglamentaciones.<\/p>\n<p>\u00c9l programa incluye un m\u00ednimo de dos horas de pr\u00e1ctica semanal (s\u00e1bados por ma\u00f1ana), dirigida por el entrenador, que aplica los aspectos t\u00e9cnicos de cada deporte e inicia una nueva fase de preparaci\u00f3n atl\u00e9tica y especializada que significara, a corto plazo, la base humana para conformar los seleccionados de la Chiversidad.<\/p>\n<p>El campo del deporte formativo se ofrece para atletismo masculino y femenino, basquetbol masculino y femenino, volibol -masculino y femenino y futbol, y est\u00e1 a cargo de los profesores Carlos A. Rodr\u00edguez, V\u00edctor Moreno, Leonel Pedroza, Carlos J. Guti\u00e9rrez y Fernando Rodr\u00edguez. Sc contar\u00e1, adem\u00e1s, con especialistas de Coldeportes, la Junta de Deportes del Distrito y pedagogos deportivos de otras instituciones. Muchas de las conferencias programadas son ilustradas con material audiovisual.<\/p>\n<p>Como se trata de un trabajo de seguimiento personal, a nivel de pr\u00e1cticas, los cupos para este programa en cada deporte son limitados,<\/p>\n<p>El curso tiene 12 semanas y se realizar\u00e1 los s\u00e1bados en las horas de la ma\u00f1ana.<\/p>\n<p>Est\u00e1n invitados al cursillo, en forma especial, los alumnos de y 20. semestres de la Universidad, pero el programa se ofrece a todos los estudiantes, profesores y empleados interesados en actualizarse en asuntos del deporte.<\/p>\n<p>El curso es de car\u00e1cter interno, sin costo alguno, y se exigir\u00e1 \u00danicamente la adquisici\u00f3n del carn\u00e9. El Sector de Deportes se reserva el estudio y aprobaci\u00f3n de las solicitudes.<\/p>\n<p>Los escenarios y horas de juego, se- describen a continuaci\u00f3n: Pista atl\u00e9tica (Javeriana), Cancha de futbol (Javeriana), Cancha de b\u00e1squetbol (San Bartolom\u00e9), Cancha de Volibol (J averiana), Sal\u00f3n de tenis de mesa (Javeriana), Canchas de tenis de cam po (Parque Nacional), Sal\u00f3n de ajedrez.<\/p>\n<p>El Sector Deportivo del Medio Universitario saluda a todos los aficionados de la Universidad, estudiantes, profesores y empleados y les invita a vincularse a su programaci\u00f3n.<\/p>\n<p><img loading=\"lazy\" decoding=\"async\" class=\"alignnone size-medium wp-image-14716\" src=\"https:\/\/www.javeriana.edu.co\/repositorio-hoy-en-la-javeriana\/wp-content\/uploads\/2020\/03\/557-1-500x236.png\" alt=\"\" width=\"500\" height=\"236\" srcset=\"https:\/\/www.javeriana.edu.co\/repositorio-hoy-en-la-javeriana\/wp-content\/uploads\/2020\/03\/557-1-500x236.png 500w, https:\/\/www.javeriana.edu.co\/repositorio-hoy-en-la-javeriana\/wp-content\/uploads\/2020\/03\/557-1.png 728w\" sizes=\"auto, (max-width: 500px) 100vw, 500px\" \/><\/p>\n<p><img loading=\"lazy\" decoding=\"async\" class=\"alignnone size-medium wp-image-14717\" src=\"https:\/\/www.javeriana.edu.co\/repositorio-hoy-en-la-javeriana\/wp-content\/uploads\/2020\/03\/557-2-500x318.png\" alt=\"\" width=\"500\" height=\"318\" srcset=\"https:\/\/www.javeriana.edu.co\/repositorio-hoy-en-la-javeriana\/wp-content\/uploads\/2020\/03\/557-2-500x318.png 500w, https:\/\/www.javeriana.edu.co\/repositorio-hoy-en-la-javeriana\/wp-content\/uploads\/2020\/03\/557-2.png 733w\" sizes=\"auto, (max-width: 500px) 100vw, 500px\" \/><\/p>\n<p><img loading=\"lazy\" decoding=\"async\" class=\"alignnone size-medium wp-image-14718\" src=\"https:\/\/www.javeriana.edu.co\/repositorio-hoy-en-la-javeriana\/wp-content\/uploads\/2020\/03\/557-3-500x398.png\" alt=\"\" width=\"500\" height=\"398\" srcset=\"https:\/\/www.javeriana.edu.co\/repositorio-hoy-en-la-javeriana\/wp-content\/uploads\/2020\/03\/557-3-500x398.png 500w, https:\/\/www.javeriana.edu.co\/repositorio-hoy-en-la-javeriana\/wp-content\/uploads\/2020\/03\/557-3.png 725w\" sizes=\"auto, (max-width: 500px) 100vw, 500px\" \/><\/p>\n","protected":false},"excerpt":{"rendered":"<p>Se inicia una nueva fase en la organizaci\u00f3n de nuestro deporte: El Sector Deportivo del Medio Universitario ha trazado tres campos de acci\u00f3n; recreativo, competitivo y formativo. Recreativo: Divido el a\u00f1o en dos per\u00edodos, del lo. de febrero al 15 de mayo, y del 15 de agosto al lo. de noviembre, se programar\u00e1n temporadas para torneos internos en los siete deportes que est\u00e1 en capacidad de promover la Universidad&#8217;. Son ellos: 1) Ajedrez 2) Atletismo masculino y femenino 3) Basquetbol masculino y femenino 4) Futbol 5) Tenis de campo masculino y femenino 6) Tenis de mesa masculino y femenino 7) Volibol masculino y femenino. Asesorados por el entrenador respectivo, se cuenta con la colaboraci\u00f3n de estudiantes destacados en la pr\u00e1ctica[&hellip;]<\/p>\n","protected":false},"author":5,"featured_media":20876,"comment_status":"closed","ping_status":"closed","sticky":false,"template":"","format":"standard","meta":{"footnotes":""},"categories":[51,59],"tags":[12016,12017,12020,25580,25582,25579,25577,25583,12364,549,12018,12022,12021,12019,25581],"class_list":["post-14715","post","type-post","status-publish","format-standard","has-post-thumbnail","hentry","category-cultura","category-sociedad","tag-ano-14-no-557","tag-cancha-de-basquetbol","tag-canchas-de-tenis-de-campo","tag-carlos-a-rodriguez","tag-carlos-j-gutierrez","tag-colegio-de-san-bartolome-merced","tag-enero-1975","tag-fernando-rodriguez","tag-leonel-pedroza","tag-medio-universitario","tag-pista-atletica","tag-recreativo","tag-salon-de-ajedrez","tag-salon-de-tenis-de-mesa","tag-victor-moreno"],"acf":[],"_links":{"self":[{"href":"https:\/\/www.javeriana.edu.co\/repositorio-hoy-en-la-javeriana\/wp-json\/wp\/v2\/posts\/14715","targetHints":{"allow":["GET"]}}],"collection":[{"href":"https:\/\/www.javeriana.edu.co\/repositorio-hoy-en-la-javeriana\/wp-json\/wp\/v2\/posts"}],"about":[{"href":"https:\/\/www.javeriana.edu.co\/repositorio-hoy-en-la-javeriana\/wp-json\/wp\/v2\/types\/post"}],"author":[{"embeddable":true,"href":"https:\/\/www.javeriana.edu.co\/repositorio-hoy-en-la-javeriana\/wp-json\/wp\/v2\/users\/5"}],"replies":[{"embeddable":true,"href":"https:\/\/www.javeriana.edu.co\/repositorio-hoy-en-la-javeriana\/wp-json\/wp\/v2\/comments?post=14715"}],"version-history":[{"count":3,"href":"https:\/\/www.javeriana.edu.co\/repositorio-hoy-en-la-javeriana\/wp-json\/wp\/v2\/posts\/14715\/revisions"}],"predecessor-version":[{"id":23571,"href":"https:\/\/www.javeriana.edu.co\/repositorio-hoy-en-la-javeriana\/wp-json\/wp\/v2\/posts\/14715\/revisions\/23571"}],"wp:featuredmedia":[{"embeddable":true,"href":"https:\/\/www.javeriana.edu.co\/repositorio-hoy-en-la-javeriana\/wp-json\/wp\/v2\/media\/20876"}],"wp:attachment":[{"href":"https:\/\/www.javeriana.edu.co\/repositorio-hoy-en-la-javeriana\/wp-json\/wp\/v2\/media?parent=14715"}],"wp:term":[{"taxonomy":"category","embeddable":true,"href":"https:\/\/www.javeriana.edu.co\/repositorio-hoy-en-la-javeriana\/wp-json\/wp\/v2\/categories?post=14715"},{"taxonomy":"post_tag","embeddable":true,"href":"https:\/\/www.javeriana.edu.co\/repositorio-hoy-en-la-javeriana\/wp-json\/wp\/v2\/tags?post=14715"}],"curies":[{"name":"wp","href":"https:\/\/api.w.org\/{rel}","templated":true}]}}