{"id":14747,"date":"1975-02-26T15:43:34","date_gmt":"1975-02-26T20:43:34","guid":{"rendered":"http:\/\/www.javeriana.edu.co\/hoy-en-la-javeriana?p=14747"},"modified":"2020-04-02T12:53:54","modified_gmt":"2020-04-02T17:53:54","slug":"la-facultad-de-filosofia-y-letras-ayer-y-hoy","status":"publish","type":"post","link":"https:\/\/www.javeriana.edu.co\/repositorio-hoy-en-la-javeriana\/la-facultad-de-filosofia-y-letras-ayer-y-hoy\/","title":{"rendered":"La facultad de Filosof\u00eda y letras. Ayer y Hoy"},"content":{"rendered":"<p>Como se puede apreciar la Facultad empez\u00f3 con un elenco brillante de profesores. La Facultad, a trav\u00e9s de sus diferentes adaptaciones, ha sido como el manantial de diferentes facultades, tales como Pedagog\u00eda, Literatura, Ciencias Naturales, etc. Este es el ayer.<\/p>\n<p>La Facultad, al comenzar el a\u00f1o 1975 (el hoy): Cuenta con 281 estudiantes, incluidos los de Bibliotecolog\u00eda, y los de pre-grado y post-grado en las carreras de ciencias humanas, Hay adem\u00e1s 184 estudiantes de cursos libres. Hay 74 profesores, de los cuales 16 son de tiempo completo. Este a\u00f1o se ha registrado un gran aumento en el n\u00famero de alumnos nuevos de la Facultad, que en total pasan de 70.<\/p>\n<p>Se ha organizado este a\u00f1o un nuevo plan de estudios de la Facultad que, en s\u00edntesis, es reducir a un solo semestre los estudios comunes precedentes a la iniciaci\u00f3n de las 3 materias b\u00e1sicas, y otras adaptaciones y mecanismos que tocan directamente las asignaturas y los preseminarios.<\/p>\n","protected":false},"excerpt":{"rendered":"<p>Como se puede apreciar la Facultad empez\u00f3 con un elenco brillante de profesores. La Facultad, a trav\u00e9s de sus diferentes adaptaciones, ha sido como el manantial de diferentes facultades, tales como Pedagog\u00eda, Literatura, Ciencias Naturales, etc. Este es el ayer. La Facultad, al comenzar el a\u00f1o 1975 (el hoy): Cuenta con 281 estudiantes, incluidos los de Bibliotecolog\u00eda, y los de pre-grado y post-grado en las carreras de ciencias humanas, Hay adem\u00e1s 184 estudiantes de cursos libres. Hay 74 profesores, de los cuales 16 son de tiempo completo. Este a\u00f1o se ha registrado un gran aumento en el n\u00famero de alumnos nuevos de la Facultad, que en total pasan de 70. Se ha organizado este a\u00f1o un nuevo plan de estudios[&hellip;]<\/p>\n","protected":false},"author":5,"featured_media":0,"comment_status":"closed","ping_status":"closed","sticky":false,"template":"","format":"standard","meta":{"footnotes":""},"categories":[51,59],"tags":[12086,12084,11953,12085,12087,12088,12083,12038],"class_list":["post-14747","post","type-post","status-publish","format-standard","hentry","category-cultura","category-sociedad","tag-16-son-de-tiempo-completo","tag-184-estudiantes-de-cursos-libres","tag-11953","tag-74-profesores","tag-al-comenzar-el-ano-1975","tag-ano-14-no-561","tag-cuenta-con-281-estudiantes","tag-febrero"],"acf":[],"_links":{"self":[{"href":"https:\/\/www.javeriana.edu.co\/repositorio-hoy-en-la-javeriana\/wp-json\/wp\/v2\/posts\/14747","targetHints":{"allow":["GET"]}}],"collection":[{"href":"https:\/\/www.javeriana.edu.co\/repositorio-hoy-en-la-javeriana\/wp-json\/wp\/v2\/posts"}],"about":[{"href":"https:\/\/www.javeriana.edu.co\/repositorio-hoy-en-la-javeriana\/wp-json\/wp\/v2\/types\/post"}],"author":[{"embeddable":true,"href":"https:\/\/www.javeriana.edu.co\/repositorio-hoy-en-la-javeriana\/wp-json\/wp\/v2\/users\/5"}],"replies":[{"embeddable":true,"href":"https:\/\/www.javeriana.edu.co\/repositorio-hoy-en-la-javeriana\/wp-json\/wp\/v2\/comments?post=14747"}],"version-history":[{"count":1,"href":"https:\/\/www.javeriana.edu.co\/repositorio-hoy-en-la-javeriana\/wp-json\/wp\/v2\/posts\/14747\/revisions"}],"predecessor-version":[{"id":14752,"href":"https:\/\/www.javeriana.edu.co\/repositorio-hoy-en-la-javeriana\/wp-json\/wp\/v2\/posts\/14747\/revisions\/14752"}],"wp:attachment":[{"href":"https:\/\/www.javeriana.edu.co\/repositorio-hoy-en-la-javeriana\/wp-json\/wp\/v2\/media?parent=14747"}],"wp:term":[{"taxonomy":"category","embeddable":true,"href":"https:\/\/www.javeriana.edu.co\/repositorio-hoy-en-la-javeriana\/wp-json\/wp\/v2\/categories?post=14747"},{"taxonomy":"post_tag","embeddable":true,"href":"https:\/\/www.javeriana.edu.co\/repositorio-hoy-en-la-javeriana\/wp-json\/wp\/v2\/tags?post=14747"}],"curies":[{"name":"wp","href":"https:\/\/api.w.org\/{rel}","templated":true}]}}