{"id":14753,"date":"1975-02-26T16:04:18","date_gmt":"1975-02-26T21:04:18","guid":{"rendered":"http:\/\/www.javeriana.edu.co\/hoy-en-la-javeriana?p=14753"},"modified":"2020-03-30T16:37:17","modified_gmt":"2020-03-30T21:37:17","slug":"actividades-del-area-del-medio-universitario","status":"publish","type":"post","link":"https:\/\/www.javeriana.edu.co\/repositorio-hoy-en-la-javeriana\/actividades-del-area-del-medio-universitario\/","title":{"rendered":"Actividades del \u00e1rea del medio universitario"},"content":{"rendered":"<p>Recepci\u00f3n a los nuevos estudiantes, Febrero 15: En la cancha de f\u00fatbol de la\u00a0 universidad, se llev\u00f3 a cabo la recepci\u00f3n general a prim\u00edparos, ofrecida por el Medio Universitario. Atletismo, f\u00fatbol, caminata) conjunto vallenato, tunas y otras actividades fueron parte del programa, \u00a0participaron alrededor de 600 alumnos.<\/p>\n<p>Semana organizada por las Tunas Javerianas. febrero a 28.<\/p>\n<p>Homenaje a profesores, marzo 7.<\/p>\n<p>Semana \u00a0por conjunto de danzas Folcl\u00f3ricas, rnarzo 17 a 22<\/p>\n<p>Festival del cantante javeriano, abril 7 a 11<\/p>\n<p>Semana organizada por el grupo de coro javeriano, abril 21 a 26<\/p>\n<p>evento especial par empleados ,\u00a0 mayo 2<\/p>\n<p>Semana organizada por el grupo de teatro javeriano, mayo 12 a 17<\/p>\n<p>-En el Sector SocioCultural:<\/p>\n<p>Deportes: con un total de 33 equipos se inici\u00f3 el 1 de Febrero la temporada de f\u00fatbol. Intervienen 11 Facultades, algunas con varios grupos, un equipo de empleados y un equipo de profesores, para un total de 577 participantes; distribuidos as\u00ed:<\/p>\n<p><img loading=\"lazy\" decoding=\"async\" class=\"alignnone size-medium wp-image-14756\" src=\"http:\/\/www.javeriana.edu.co\/hoy-en-la-javeriana\/wp-content\/uploads\/2020\/03\/661-500x229.png\" alt=\"\" width=\"500\" height=\"229\" srcset=\"https:\/\/www.javeriana.edu.co\/repositorio-hoy-en-la-javeriana\/wp-content\/uploads\/2020\/03\/661-500x229.png 500w, https:\/\/www.javeriana.edu.co\/repositorio-hoy-en-la-javeriana\/wp-content\/uploads\/2020\/03\/661.png 629w\" sizes=\"auto, (max-width: 500px) 100vw, 500px\" \/><\/p>\n<p><strong><span style=\"color: #000000\">Teatro:<\/span><\/strong> Nuestro grupo de teatro fue invitado por el Centro Colombo Americano a presentar su versi\u00f3n de\u00a0 \u00abLa historia del Zool\u00f3gico\u00bb de Edward Albee. En esta oportunidad fue llevada a escena por su -Director Humberto \u00a0en el papel de Jerry y Luis Eduardo Nates comoPeter: El acto se llev\u00f3 a cabo el lunes 17 de Febrero en el Teatro de dicho centro.<\/p>\n<p>En el Sector Pastoral: Entre las actividades programadas para este semestre est\u00e1n las siguientes: a) Asesor\u00eda espiritual, b) Misas. Le lunes a viernes se ofrecen 60 misas en la Universidad, c) Convivencias y retiros espirituales, especialmente durante la semana santa, d) Curso prematrimonial del 14 al 29 de abril, e) Semana santa universitaria, f) Atenci\u00f3n especial a los exempleados de universidad, con posibilidades de convivencias y retiros, g) Atenci\u00f3n pastoral a los profesores de la universidad Interesados en discutir problemas de cultura religiosa y moral, h) Finalmente atenci\u00f3n pastoral para las Facultades nocturnas.<\/p>\n","protected":false},"excerpt":{"rendered":"<p>Recepci\u00f3n a los nuevos estudiantes, Febrero 15: En la cancha de f\u00fatbol de la\u00a0 universidad, se llev\u00f3 a cabo la recepci\u00f3n general a prim\u00edparos, ofrecida por el Medio Universitario. Atletismo, f\u00fatbol, caminata) conjunto vallenato, tunas y otras actividades fueron parte del programa, \u00a0participaron alrededor de 600 alumnos. Semana organizada por las Tunas Javerianas. febrero a 28. Homenaje a profesores, marzo 7. Semana \u00a0por conjunto de danzas Folcl\u00f3ricas, rnarzo 17 a 22 Festival del cantante javeriano, abril 7 a 11 Semana organizada por el grupo de coro javeriano, abril 21 a 26 evento especial par empleados ,\u00a0 mayo 2 Semana organizada por el grupo de teatro javeriano, mayo 12 a 17 -En el Sector SocioCultural: Deportes: con un total de 33[&hellip;]<\/p>\n","protected":false},"author":5,"featured_media":0,"comment_status":"closed","ping_status":"closed","sticky":false,"template":"","format":"standard","meta":{"footnotes":""},"categories":[51,59],"tags":[11953,12106,12088,12108,12038,12109,12105,12103,12104,12111,12110,12107,1572],"class_list":["post-14753","post","type-post","status-publish","format-standard","hentry","category-cultura","category-sociedad","tag-11953","tag-60-misas-en-la-universidad","tag-ano-14-no-561","tag-atencion-pastoral-para-las-facultades-nocturnas","tag-febrero","tag-festival-del-cantante-javeriano","tag-jerry","tag-la-historia-del-zoologico-de-edward-albee","tag-luis-eduardo-nates","tag-sector-sociocultural","tag-semana-por-conjunto-de-danzas-folcloricas","tag-semana-santa-universitaria","tag-tunas-javerianas"],"acf":[],"_links":{"self":[{"href":"https:\/\/www.javeriana.edu.co\/repositorio-hoy-en-la-javeriana\/wp-json\/wp\/v2\/posts\/14753","targetHints":{"allow":["GET"]}}],"collection":[{"href":"https:\/\/www.javeriana.edu.co\/repositorio-hoy-en-la-javeriana\/wp-json\/wp\/v2\/posts"}],"about":[{"href":"https:\/\/www.javeriana.edu.co\/repositorio-hoy-en-la-javeriana\/wp-json\/wp\/v2\/types\/post"}],"author":[{"embeddable":true,"href":"https:\/\/www.javeriana.edu.co\/repositorio-hoy-en-la-javeriana\/wp-json\/wp\/v2\/users\/5"}],"replies":[{"embeddable":true,"href":"https:\/\/www.javeriana.edu.co\/repositorio-hoy-en-la-javeriana\/wp-json\/wp\/v2\/comments?post=14753"}],"version-history":[{"count":1,"href":"https:\/\/www.javeriana.edu.co\/repositorio-hoy-en-la-javeriana\/wp-json\/wp\/v2\/posts\/14753\/revisions"}],"predecessor-version":[{"id":14766,"href":"https:\/\/www.javeriana.edu.co\/repositorio-hoy-en-la-javeriana\/wp-json\/wp\/v2\/posts\/14753\/revisions\/14766"}],"wp:attachment":[{"href":"https:\/\/www.javeriana.edu.co\/repositorio-hoy-en-la-javeriana\/wp-json\/wp\/v2\/media?parent=14753"}],"wp:term":[{"taxonomy":"category","embeddable":true,"href":"https:\/\/www.javeriana.edu.co\/repositorio-hoy-en-la-javeriana\/wp-json\/wp\/v2\/categories?post=14753"},{"taxonomy":"post_tag","embeddable":true,"href":"https:\/\/www.javeriana.edu.co\/repositorio-hoy-en-la-javeriana\/wp-json\/wp\/v2\/tags?post=14753"}],"curies":[{"name":"wp","href":"https:\/\/api.w.org\/{rel}","templated":true}]}}