{"id":14773,"date":"1975-02-26T16:40:45","date_gmt":"1975-02-26T21:40:45","guid":{"rendered":"http:\/\/www.javeriana.edu.co\/hoy-en-la-javeriana?p=14773"},"modified":"2020-03-30T16:42:16","modified_gmt":"2020-03-30T21:42:16","slug":"investigacion","status":"publish","type":"post","link":"https:\/\/www.javeriana.edu.co\/repositorio-hoy-en-la-javeriana\/investigacion\/","title":{"rendered":"INVESTIGACI\u00d3N"},"content":{"rendered":"<p>El Fondo Colombiano de Investigaciones Cient\u00edficas Francisco Jos\u00e9 de Caldas\u00bb, ha aceptado financiar el proyecto de investigaci\u00f3n titulado \u00bb Entrenador y laboratorio de control\u00bb, propuesto a la mencionada, entidad por la Facultad de Electr\u00f3nica de la Universidad Javeriana. Investigador principal ser\u00e1 Ingeniero Gerardo Moncada, Decano Acad\u00e9mico de la Facultad.<\/p>\n","protected":false},"excerpt":{"rendered":"<p>El Fondo Colombiano de Investigaciones Cient\u00edficas Francisco Jos\u00e9 de Caldas\u00bb, ha aceptado financiar el proyecto de investigaci\u00f3n titulado \u00bb Entrenador y laboratorio de control\u00bb, propuesto a la mencionada, entidad por la Facultad de Electr\u00f3nica de la Universidad Javeriana. Investigador principal ser\u00e1 Ingeniero Gerardo Moncada, Decano Acad\u00e9mico de la Facultad.<\/p>\n","protected":false},"author":5,"featured_media":0,"comment_status":"closed","ping_status":"closed","sticky":false,"template":"","format":"standard","meta":{"footnotes":""},"categories":[51,16,3,59],"tags":[11953,12088,12124,12125,12038,12123,11745],"class_list":["post-14773","post","type-post","status-publish","format-standard","hentry","category-cultura","category-investigacion","category-medio-ambiente","category-sociedad","tag-11953","tag-ano-14-no-561","tag-decano-academico-de-la-facultad","tag-entrenador-y-laboratorio-de-control","tag-febrero","tag-fondo-colombiano-de-investigaciones-cientificas-francisco-jose-de-caldas","tag-ingeniero-gerardo-moncada"],"acf":[],"_links":{"self":[{"href":"https:\/\/www.javeriana.edu.co\/repositorio-hoy-en-la-javeriana\/wp-json\/wp\/v2\/posts\/14773","targetHints":{"allow":["GET"]}}],"collection":[{"href":"https:\/\/www.javeriana.edu.co\/repositorio-hoy-en-la-javeriana\/wp-json\/wp\/v2\/posts"}],"about":[{"href":"https:\/\/www.javeriana.edu.co\/repositorio-hoy-en-la-javeriana\/wp-json\/wp\/v2\/types\/post"}],"author":[{"embeddable":true,"href":"https:\/\/www.javeriana.edu.co\/repositorio-hoy-en-la-javeriana\/wp-json\/wp\/v2\/users\/5"}],"replies":[{"embeddable":true,"href":"https:\/\/www.javeriana.edu.co\/repositorio-hoy-en-la-javeriana\/wp-json\/wp\/v2\/comments?post=14773"}],"version-history":[{"count":1,"href":"https:\/\/www.javeriana.edu.co\/repositorio-hoy-en-la-javeriana\/wp-json\/wp\/v2\/posts\/14773\/revisions"}],"predecessor-version":[{"id":14774,"href":"https:\/\/www.javeriana.edu.co\/repositorio-hoy-en-la-javeriana\/wp-json\/wp\/v2\/posts\/14773\/revisions\/14774"}],"wp:attachment":[{"href":"https:\/\/www.javeriana.edu.co\/repositorio-hoy-en-la-javeriana\/wp-json\/wp\/v2\/media?parent=14773"}],"wp:term":[{"taxonomy":"category","embeddable":true,"href":"https:\/\/www.javeriana.edu.co\/repositorio-hoy-en-la-javeriana\/wp-json\/wp\/v2\/categories?post=14773"},{"taxonomy":"post_tag","embeddable":true,"href":"https:\/\/www.javeriana.edu.co\/repositorio-hoy-en-la-javeriana\/wp-json\/wp\/v2\/tags?post=14773"}],"curies":[{"name":"wp","href":"https:\/\/api.w.org\/{rel}","templated":true}]}}