{"id":14780,"date":"1975-03-01T16:49:55","date_gmt":"1975-03-01T21:49:55","guid":{"rendered":"http:\/\/www.javeriana.edu.co\/hoy-en-la-javeriana?p=14780"},"modified":"2020-03-30T17:03:39","modified_gmt":"2020-03-30T22:03:39","slug":"facultad-de-estudios-universitarios","status":"publish","type":"post","link":"https:\/\/www.javeriana.edu.co\/repositorio-hoy-en-la-javeriana\/facultad-de-estudios-universitarios\/","title":{"rendered":"FACULTAD DE ESTUDIOS UNIVERSITARIOS"},"content":{"rendered":"<p>Es tal vez esta Facultad, la \u00faltima creada de todas. UNESCO, en su libro \u00abScientific Thought\u00bb, dice: \u00abEl pensamiento cient\u00edfico intenta un acercamiento interdisciplinario a los problemas comunes, a las ciencias naturales y a las humanidades, suministrando un marco filos\u00f3fico dentro del cual puedan ser estudiados esos problemas<\/p>\n<p>La Universidad Javeriana constituya jur\u00eddicamente la Facultad de Estudios Interdisciplinarios el a\u00f1o 1973. Dentro de la tem\u00e1tica de los estudios universitarios, la Facultad es original y ha suscitado gran inter\u00e9s en los medios acad\u00e9micos, nacionales y extranjeros. El P. Alfonso Borrero, nos da una s\u00edntesis de lo que dicha Facultad significa:<\/p>\n<p>&#8216;En realidad la interdisciplinariedad se trata de la interacci\u00f3n de dos o m\u00e1s di versas disciplinas: puede ir desde una slmple comunicaci\u00f3n de ideas, hasta una mutua integraci\u00f3n de conceptos, metodolog\u00eda, procedimientos, epistemolog\u00eda, etc.<\/p>\n<p>Los grupos interdisciplinarios son integrados por personas entrenadas en los diferentes campos del conocimiento, y organizados en un esfuerzo com\u00dan, alrededor de un mismo problema y en continua comunicaci\u00f3n.<\/p>\n<p>Son estudios de post\u2014grado, y se orientan, en consecuencia, hacia una interdis\u2014 ciplinariedad que permita al profesional el avance en su especialidad, en profunda correlaci\u00f4n, integraci\u00f3n e interacci\u00f3n con otros campos del saber.<\/p>\n<p>La Facultad de Estudios Interdisciplinarios implica, dada su naturaleza, un enfoque que compromete a toda la Universidad, ya que significa la necesidad de mantener coordinaciones funcionales y permanentes<\/p>\n<p>El conocimiento humano se basa en tres grandes campos o unidades: Dios, el hombre y la naturaleza. Cada uno con sus disciplinas espec\u00edficas.. El hombre tiene cuatro grandes inquietudes: salud, educaci\u00f3n, justicia y \u00abhabitatl<sup>i <\/sup>. A estas grandes inquietudes quiere responder, en forma progresiva, la programaci\u00f3n de la Facultad de Estudios Interdisciplinarios.<\/p>\n<p>Inicialmente (1975), est\u00e1 ofreciendo seis post-grados:<\/p>\n<ul>\n<li>1) Programa de Estudios Pol\u00edticos, que investiga la realidad pol\u00edtica, en su doble aspecto nacional e internacional.<\/li>\n<li>2) Programa de Estudio Int egral de la Poblaci\u00f3n, con \u00e9nfasis en la dimensi\u00f3n demogr\u00e1fica y desarrollo mundial.<\/li>\n<li>3) Econom\u00eda y recursos humanos, en donde se busca analizar la din\u00e1mica de la poblaci\u00f3n, la educaci\u00f3n y la salud con la econom\u00eda.\n<p>4) Programa de Tecnolog\u00edas Educativas, para Obtener visiones m\u00e1s amplias y reales del problema.<\/p>\n<p>5) Planeaci\u00f3n y Urbanismo, en su realidad total y actual, y<\/li>\n<li>6) Bienestar Social, en toda su amplitud.\n<p>Estos 6 campos, Ofrecidos en la programaci\u00f3n de 1975, no est\u00e1n fosilizados y m\u00e1s tarde se sostendr\u00e1n o ampliar\u00e1n seg\u00fan las exigencias de las circunstancias.<\/p>\n<p>Este aporte original e integrador lleva intr\u00ednsecamente un gran ambiente renovador, y Se podr\u00eda decir que es el mejor homenaje de la Javeriana de hoy a la de hace 350 a\u00f1os, Es la Universidad proyectada hacia el desarrollo integral de la Naci\u00f3n, que no se atomiza en especialidades de circuito cerrado, lleva consigo un compromiso serio de mantener una coordinaci\u00f3n funcional, y da a la Universidad un aspecto de estudio. cualitativo de suma importancia.<\/li>\n<li><img loading=\"lazy\" decoding=\"async\" class=\"alignnone size-medium wp-image-14784\" src=\"http:\/\/www.javeriana.edu.co\/hoy-en-la-javeriana\/wp-content\/uploads\/2020\/03\/563-500x492.png\" alt=\"\" width=\"500\" height=\"492\" srcset=\"https:\/\/www.javeriana.edu.co\/repositorio-hoy-en-la-javeriana\/wp-content\/uploads\/2020\/03\/563-500x492.png 500w, https:\/\/www.javeriana.edu.co\/repositorio-hoy-en-la-javeriana\/wp-content\/uploads\/2020\/03\/563.png 715w\" sizes=\"auto, (max-width: 500px) 100vw, 500px\" \/><\/li>\n<li><img loading=\"lazy\" decoding=\"async\" class=\"alignnone size-medium wp-image-14785\" src=\"http:\/\/www.javeriana.edu.co\/hoy-en-la-javeriana\/wp-content\/uploads\/2020\/03\/563-2-500x480.png\" alt=\"\" width=\"500\" height=\"480\" srcset=\"https:\/\/www.javeriana.edu.co\/repositorio-hoy-en-la-javeriana\/wp-content\/uploads\/2020\/03\/563-2-500x480.png 500w, https:\/\/www.javeriana.edu.co\/repositorio-hoy-en-la-javeriana\/wp-content\/uploads\/2020\/03\/563-2.png 661w\" sizes=\"auto, (max-width: 500px) 100vw, 500px\" \/><\/li>\n<li><img loading=\"lazy\" decoding=\"async\" class=\"alignnone size-medium wp-image-14786\" src=\"http:\/\/www.javeriana.edu.co\/hoy-en-la-javeriana\/wp-content\/uploads\/2020\/03\/56-3-500x287.png\" alt=\"\" width=\"500\" height=\"287\" srcset=\"https:\/\/www.javeriana.edu.co\/repositorio-hoy-en-la-javeriana\/wp-content\/uploads\/2020\/03\/56-3-500x287.png 500w, https:\/\/www.javeriana.edu.co\/repositorio-hoy-en-la-javeriana\/wp-content\/uploads\/2020\/03\/56-3.png 667w\" sizes=\"auto, (max-width: 500px) 100vw, 500px\" \/><\/li>\n<li><img loading=\"lazy\" decoding=\"async\" class=\"alignnone size-medium wp-image-14787\" src=\"http:\/\/www.javeriana.edu.co\/hoy-en-la-javeriana\/wp-content\/uploads\/2020\/03\/56-4-500x133.png\" alt=\"\" width=\"500\" height=\"133\" srcset=\"https:\/\/www.javeriana.edu.co\/repositorio-hoy-en-la-javeriana\/wp-content\/uploads\/2020\/03\/56-4-500x133.png 500w, https:\/\/www.javeriana.edu.co\/repositorio-hoy-en-la-javeriana\/wp-content\/uploads\/2020\/03\/56-4.png 678w\" sizes=\"auto, (max-width: 500px) 100vw, 500px\" \/><\/li>\n<\/ul>\n","protected":false},"excerpt":{"rendered":"<p>Es tal vez esta Facultad, la \u00faltima creada de todas. UNESCO, en su libro \u00abScientific Thought\u00bb, dice: \u00abEl pensamiento cient\u00edfico intenta un acercamiento interdisciplinario a los problemas comunes, a las ciencias naturales y a las humanidades, suministrando un marco filos\u00f3fico dentro del cual puedan ser estudiados esos problemas La Universidad Javeriana constituya jur\u00eddicamente la Facultad de Estudios Interdisciplinarios el a\u00f1o 1973. Dentro de la tem\u00e1tica de los estudios universitarios, la Facultad es original y ha suscitado gran inter\u00e9s en los medios acad\u00e9micos, nacionales y extranjeros. El P. Alfonso Borrero, nos da una s\u00edntesis de lo que dicha Facultad significa: &#8216;En realidad la interdisciplinariedad se trata de la interacci\u00f3n de dos o m\u00e1s di versas disciplinas: puede ir desde una slmple[&hellip;]<\/p>\n","protected":false},"author":5,"featured_media":0,"comment_status":"closed","ping_status":"closed","sticky":false,"template":"","format":"standard","meta":{"footnotes":""},"categories":[51,16,59],"tags":[11953,12141,838,12038,934,12142,225],"class_list":["post-14780","post","type-post","status-publish","format-standard","hentry","category-cultura","category-investigacion","category-sociedad","tag-11953","tag-ano-14-no-563","tag-facultad-de-estudios-interdisciplinarios","tag-febrero","tag-p-alfonso-borrero","tag-scientific-thought","tag-unesco"],"acf":[],"_links":{"self":[{"href":"https:\/\/www.javeriana.edu.co\/repositorio-hoy-en-la-javeriana\/wp-json\/wp\/v2\/posts\/14780","targetHints":{"allow":["GET"]}}],"collection":[{"href":"https:\/\/www.javeriana.edu.co\/repositorio-hoy-en-la-javeriana\/wp-json\/wp\/v2\/posts"}],"about":[{"href":"https:\/\/www.javeriana.edu.co\/repositorio-hoy-en-la-javeriana\/wp-json\/wp\/v2\/types\/post"}],"author":[{"embeddable":true,"href":"https:\/\/www.javeriana.edu.co\/repositorio-hoy-en-la-javeriana\/wp-json\/wp\/v2\/users\/5"}],"replies":[{"embeddable":true,"href":"https:\/\/www.javeriana.edu.co\/repositorio-hoy-en-la-javeriana\/wp-json\/wp\/v2\/comments?post=14780"}],"version-history":[{"count":1,"href":"https:\/\/www.javeriana.edu.co\/repositorio-hoy-en-la-javeriana\/wp-json\/wp\/v2\/posts\/14780\/revisions"}],"predecessor-version":[{"id":14788,"href":"https:\/\/www.javeriana.edu.co\/repositorio-hoy-en-la-javeriana\/wp-json\/wp\/v2\/posts\/14780\/revisions\/14788"}],"wp:attachment":[{"href":"https:\/\/www.javeriana.edu.co\/repositorio-hoy-en-la-javeriana\/wp-json\/wp\/v2\/media?parent=14780"}],"wp:term":[{"taxonomy":"category","embeddable":true,"href":"https:\/\/www.javeriana.edu.co\/repositorio-hoy-en-la-javeriana\/wp-json\/wp\/v2\/categories?post=14780"},{"taxonomy":"post_tag","embeddable":true,"href":"https:\/\/www.javeriana.edu.co\/repositorio-hoy-en-la-javeriana\/wp-json\/wp\/v2\/tags?post=14780"}],"curies":[{"name":"wp","href":"https:\/\/api.w.org\/{rel}","templated":true}]}}