{"id":14793,"date":"1975-03-01T17:09:15","date_gmt":"1975-03-01T22:09:15","guid":{"rendered":"http:\/\/www.javeriana.edu.co\/hoy-en-la-javeriana?p=14793"},"modified":"2020-03-30T17:10:52","modified_gmt":"2020-03-30T22:10:52","slug":"simposio-sobre-ansiedad","status":"publish","type":"post","link":"https:\/\/www.javeriana.edu.co\/repositorio-hoy-en-la-javeriana\/simposio-sobre-ansiedad\/","title":{"rendered":"SIMPOSIO SOBRE ANSIEDAD"},"content":{"rendered":"<p>La Sociedad Colombiana:de Psiquiatr\u00eda, con el auspicio del Departamento de Psiquiatr\u00eda de la Universidad Javeriana, y los Laboratorios Wyeth Inc. , son los organizadores. Lugar: Sal\u00edn Paulo VI, Facultad de Enfermer\u00eda. D\u00eda viernes 7 de marzo de 1975, Hora: 6:30 p. m.<\/p>\n","protected":false},"excerpt":{"rendered":"<p>La Sociedad Colombiana:de Psiquiatr\u00eda, con el auspicio del Departamento de Psiquiatr\u00eda de la Universidad Javeriana, y los Laboratorios Wyeth Inc. , son los organizadores. Lugar: Sal\u00edn Paulo VI, Facultad de Enfermer\u00eda. D\u00eda viernes 7 de marzo de 1975, Hora: 6:30 p. m.<\/p>\n","protected":false},"author":5,"featured_media":0,"comment_status":"closed","ping_status":"closed","sticky":false,"template":"","format":"standard","meta":{"footnotes":""},"categories":[51,59],"tags":[11953,12141,12152,12151,11633],"class_list":["post-14793","post","type-post","status-publish","format-standard","hentry","category-cultura","category-sociedad","tag-11953","tag-ano-14-no-563","tag-departamento-de-psiquiatria-de-la-universidad-javeriana","tag-la-sociedad-colombiana-de-psiquiatria","tag-marzo"],"acf":[],"_links":{"self":[{"href":"https:\/\/www.javeriana.edu.co\/repositorio-hoy-en-la-javeriana\/wp-json\/wp\/v2\/posts\/14793","targetHints":{"allow":["GET"]}}],"collection":[{"href":"https:\/\/www.javeriana.edu.co\/repositorio-hoy-en-la-javeriana\/wp-json\/wp\/v2\/posts"}],"about":[{"href":"https:\/\/www.javeriana.edu.co\/repositorio-hoy-en-la-javeriana\/wp-json\/wp\/v2\/types\/post"}],"author":[{"embeddable":true,"href":"https:\/\/www.javeriana.edu.co\/repositorio-hoy-en-la-javeriana\/wp-json\/wp\/v2\/users\/5"}],"replies":[{"embeddable":true,"href":"https:\/\/www.javeriana.edu.co\/repositorio-hoy-en-la-javeriana\/wp-json\/wp\/v2\/comments?post=14793"}],"version-history":[{"count":1,"href":"https:\/\/www.javeriana.edu.co\/repositorio-hoy-en-la-javeriana\/wp-json\/wp\/v2\/posts\/14793\/revisions"}],"predecessor-version":[{"id":14794,"href":"https:\/\/www.javeriana.edu.co\/repositorio-hoy-en-la-javeriana\/wp-json\/wp\/v2\/posts\/14793\/revisions\/14794"}],"wp:attachment":[{"href":"https:\/\/www.javeriana.edu.co\/repositorio-hoy-en-la-javeriana\/wp-json\/wp\/v2\/media?parent=14793"}],"wp:term":[{"taxonomy":"category","embeddable":true,"href":"https:\/\/www.javeriana.edu.co\/repositorio-hoy-en-la-javeriana\/wp-json\/wp\/v2\/categories?post=14793"},{"taxonomy":"post_tag","embeddable":true,"href":"https:\/\/www.javeriana.edu.co\/repositorio-hoy-en-la-javeriana\/wp-json\/wp\/v2\/tags?post=14793"}],"curies":[{"name":"wp","href":"https:\/\/api.w.org\/{rel}","templated":true}]}}