{"id":14795,"date":"1975-03-01T17:10:55","date_gmt":"1975-03-01T22:10:55","guid":{"rendered":"http:\/\/www.javeriana.edu.co\/hoy-en-la-javeriana?p=14795"},"modified":"2020-03-30T17:12:26","modified_gmt":"2020-03-30T22:12:26","slug":"acustica-para-arquitectos-ingenieros","status":"publish","type":"post","link":"https:\/\/www.javeriana.edu.co\/repositorio-hoy-en-la-javeriana\/acustica-para-arquitectos-ingenieros\/","title":{"rendered":"AC\u00daSTICA PARA ARQUITECTOS INGENIEROS"},"content":{"rendered":"<p>Organizado por la Facultad de Arquitectura y Dise\u00f1o, a nivel de postgrado. Iniciaci\u00f3n 4 de marzo, Duraci\u00f3n 8 semanas.<\/p>\n","protected":false},"excerpt":{"rendered":"<p>Organizado por la Facultad de Arquitectura y Dise\u00f1o, a nivel de postgrado. Iniciaci\u00f3n 4 de marzo, Duraci\u00f3n 8 semanas.<\/p>\n","protected":false},"author":5,"featured_media":0,"comment_status":"closed","ping_status":"closed","sticky":false,"template":"","format":"standard","meta":{"footnotes":""},"categories":[51],"tags":[11953,11633,12153],"class_list":["post-14795","post","type-post","status-publish","format-standard","hentry","category-cultura","tag-11953","tag-marzo","tag-organizado-por-la-facultad-de-arquitectura-y-diseno"],"acf":[],"_links":{"self":[{"href":"https:\/\/www.javeriana.edu.co\/repositorio-hoy-en-la-javeriana\/wp-json\/wp\/v2\/posts\/14795","targetHints":{"allow":["GET"]}}],"collection":[{"href":"https:\/\/www.javeriana.edu.co\/repositorio-hoy-en-la-javeriana\/wp-json\/wp\/v2\/posts"}],"about":[{"href":"https:\/\/www.javeriana.edu.co\/repositorio-hoy-en-la-javeriana\/wp-json\/wp\/v2\/types\/post"}],"author":[{"embeddable":true,"href":"https:\/\/www.javeriana.edu.co\/repositorio-hoy-en-la-javeriana\/wp-json\/wp\/v2\/users\/5"}],"replies":[{"embeddable":true,"href":"https:\/\/www.javeriana.edu.co\/repositorio-hoy-en-la-javeriana\/wp-json\/wp\/v2\/comments?post=14795"}],"version-history":[{"count":1,"href":"https:\/\/www.javeriana.edu.co\/repositorio-hoy-en-la-javeriana\/wp-json\/wp\/v2\/posts\/14795\/revisions"}],"predecessor-version":[{"id":14796,"href":"https:\/\/www.javeriana.edu.co\/repositorio-hoy-en-la-javeriana\/wp-json\/wp\/v2\/posts\/14795\/revisions\/14796"}],"wp:attachment":[{"href":"https:\/\/www.javeriana.edu.co\/repositorio-hoy-en-la-javeriana\/wp-json\/wp\/v2\/media?parent=14795"}],"wp:term":[{"taxonomy":"category","embeddable":true,"href":"https:\/\/www.javeriana.edu.co\/repositorio-hoy-en-la-javeriana\/wp-json\/wp\/v2\/categories?post=14795"},{"taxonomy":"post_tag","embeddable":true,"href":"https:\/\/www.javeriana.edu.co\/repositorio-hoy-en-la-javeriana\/wp-json\/wp\/v2\/tags?post=14795"}],"curies":[{"name":"wp","href":"https:\/\/api.w.org\/{rel}","templated":true}]}}