{"id":14797,"date":"1975-03-21T17:12:40","date_gmt":"1975-03-21T22:12:40","guid":{"rendered":"http:\/\/www.javeriana.edu.co\/hoy-en-la-javeriana?p=14797"},"modified":"2020-03-30T17:23:20","modified_gmt":"2020-03-30T22:23:20","slug":"facultad-de-ingenieria-electronica","status":"publish","type":"post","link":"https:\/\/www.javeriana.edu.co\/repositorio-hoy-en-la-javeriana\/facultad-de-ingenieria-electronica\/","title":{"rendered":"FACULTAD DE INGENIER\u00cdA ELECTR\u00d3NICA"},"content":{"rendered":"<p>Dentro del plan de ir presentando en <sup>r <\/sup>&#8216;Eloy en la Javeria.na&#8217;t aspectos de las obras de la Universidad hoy nos ocupamos de la Facultad de Ingenier\u00eda Electr\u00f3nica.<\/p>\n<ul>\n<li>Historia: Fundada en 1961, con el fin de atender la urgente demanda de Ingenieros Electr\u00f3nicos. Inici\u00f3 labores con tres profesores y doce alumnos, que ya hab\u00edan cursado tres a\u00f1og de Ingenier\u00eda. El 2 de mayo de 1961 se instal\u00f3 el primer laboratorio. Terminaron estudios los 12 primeros estudiantes en 1962 y se gradua\u2014 ron, despu\u00e9s de hacer la tesis, en 1963, Inicialmente la carrera era anual. En 1965 se semestraliz6. En 1968 se introdujo el sist ema de cr\u00e9ditos.<\/li>\n<\/ul>\n<p>Por el Acuerdo No. 5 de 1962 el Comit\u00e9 Administrativo de la Asociaci\u00f3n Colombiana de Universidades aprob\u00f3 el primer curso de Ingenier\u00eda Electr\u00f3nica, Pos teriormente, por el Acuerdo No. 6 de Julio 12 de 1963, se aprob\u00f3 el plan de estudios de la Facultad. El Ministerio de Educaci\u00f3n Nacional aprob6 el funcionamiento de la Facultad, seg\u00fan Resoluci\u00f3n N <sup>O <\/sup>3106 del 13 de septiembre de 1963.<\/p>\n<p>En la actualidad hay 265 graduados,<\/p>\n<ul>\n<li>Definici\u00f3n: Se ha definido.la Ingenier\u00eda breve pero exactamente como: El arte profesional de aplicar la ciencia en la \u00f3ptima cont,rersi\u00f3n de las fuentes natu\u2014 rales en beneficio del hombre y de la sociedad. La Ingeniera Electr6nica est\u00e1 dedi\u2014 c ada al planeamiento, desarrollo y operaci\u00f3n de sistemas que utilizan dispositivos de conducci\u00f3n electr\u00f3nica.<\/li>\n<li>Areas de trabajo de los egresados: los resultados de la encuesta desarro<\/li>\n<\/ul>\n<p>llada-.<\/p>\n<ul>\n<li>Personal y carrera: duraci\u00f3n de carrera es de cinco a\u00f1os. Se da 11\u2014 na instrucci\u00f3n formativa, informativa y pr\u00e1ctica. En la carrera hay siete laboratorios de electr\u00f3nica, uno de m\u00e1quinas el\u00e9ctricas segun convenio con el SENA, iniciado en 1975. Tambi\u00e9n se inici\u00f3 un Laboratorio de Televisi6n en este semestre, Adem\u00e1s de los cursos del programa, existen otras actividades acad\u00e9micas tales como conferencias, pel\u00edculas todos los viernes, adem\u00e1s de cursillos opcionales ofrecidos a los alumnos. En algunos casos se programan visitas de los alumnos a industrias importantes como Siemens, Inravisi6n, etc.<\/li>\n<\/ul>\n<p>En la actualidad existen en la Facultad 8 profesores de tiempo completo. Dos de medio tiempo y cerca de 20 profesores de tiempo parcial. n\u00famero de alumnos es de cerca de 500.<\/p>\n<ul>\n<li>En este semestre la Facultad se departamentaliz\u00f3 en cuatro departamentos, que son el de Circuitos Electr\u00f3nicos, T\u00e9cnicas Digitales y Sistemas, Comunicaciones, Laboratorios y Oficina de Asesor\u00eda e Investigaci\u00f3n.<\/li>\n<\/ul>\n<p>6) En la Facultad interesa mucho la investigaci\u00f3n y se est\u00e1 tratando de tener una vinculaci\u00f3n efectiva con la industria (ya existe), para proyectos de investigaci\u00f3n, cursos de actualizaci\u00f3n y asesor\u00edas. El Departamento de Asesor\u00eda e Investigaci\u00f3n tiene como fin esa proyecci\u00f3n de la Facultad en la industria, y procurar el incremento de la investigaci\u00f3n en la Facultad. Para obtener el grado es necesario efectuar un proyecto final dirigido, el cual trata de ser, y en algunos casos lo es, un proyecto de investigaci\u00f3n, el que puede ser te\u00f3rico o pr\u00e1ctico, COLCIENCIAS ha financiado varios de estos proyectos, entre ellos el de la construcci\u00f3n de un computador digital did\u00e1ctico al cual, y a trav\u00e9s de otros proyectos financiados por Colciencias, se le han adicionado lectoras de cintas magn\u00e9ticas, de tarjetas, etc. En la actualidad se est\u00e1 trabajando en la memoria del computador para su expansi\u00f3n y puesta en funcionamiento. Tambi\u00e9n se han desarrollado diversos equipos a trav\u00e9s de Colciencias es con fines exclusivamente did\u00e1cticos, Como ejemplo se tiene el Laboratorio de Controles, que puede estar en funcionamiento a comienzos de 1976, y el de Comunicaciones.<\/p>\n<p>Los laboratorios de la Facultad tienen una amplia dotaci\u00f3n de equipo especializado, y cada a\u00f1o, teniendo en cuenta las urgentes necesidades de equipo, se importan los que a\u00fan no est\u00e1n en existencia que pueden servir para prestar un servicio de aprendizaje mejor para los alumnos. En este sentido se import\u00f3 un Laboratorio de Microondas, el cual podr\u00e1 ser montado a fines de este a\u00f1o. Por Otra parte la Universidad, siempre consciente de la importancia de elementos y equipos en el proceso de aprendizaje de nuestros alumnos, aprueba anualmente la compra de los elementos y equipos requeridos para tal fin.<\/p>\n<ul>\n<li>7) En el aspecto acad\u00e9mico administrativo, se ingres\u00f3 al Centro de Sistemas en el registro acad\u00e9mico fines del pagado. Todos los certificados,hojas de vida, etc, se sacan por computadores<\/li>\n<li><\/li>\n<li>8) Asociaciones: En la Facultad se encuentra la rama estudiantil del IEEE (Instituto de Ingenieros El\u00e9ctricos y Electr\u00f3nicos), la cual es la Asociaci\u00f3n Mundial m\u00e1s importante de los profesionales de la Ingenier\u00eda Electr\u00f3nica en el mundo. Est\u00e1 tambi\u00e9n la Asociaci\u00f3n de Ingenieros Javeriaros y se est\u00e1 tratando de impulsar la rama estudiantil de ACIEM (Asociaci\u00f3n de Ingenieros El\u00e9ctricos, Mec\u00e1nicos y de ramas afines). Todos los estudiantes pueden participar de estas Asociaciones.<\/li>\n<li><\/li>\n<li>9) Con la estructuraci\u00f3n de las actividades del Medio Universitario, se crearon los comit\u00e9s, los cuales han trabajado con entusiasmo,<\/li>\n<li>La ubicaci\u00f3n de la Facultad : est\u00e1 encima del Departamento de Idiomas y se espera que en un futuro. no muy lejano, se construya el edificio de las Ingenier\u00edas.<\/li>\n<\/ul>\n<p>El 7 de marzo se desarrollaron las elecciones para delegado de estudiantes,donde hab\u00edan dos candidatos. De 500 estudiantes votaron 416.<\/p>\n<p><img loading=\"lazy\" decoding=\"async\" class=\"alignnone size-medium wp-image-14798\" src=\"http:\/\/www.javeriana.edu.co\/hoy-en-la-javeriana\/wp-content\/uploads\/2020\/03\/564-500x179.png\" alt=\"\" width=\"500\" height=\"179\" srcset=\"https:\/\/www.javeriana.edu.co\/repositorio-hoy-en-la-javeriana\/wp-content\/uploads\/2020\/03\/564-500x179.png 500w, https:\/\/www.javeriana.edu.co\/repositorio-hoy-en-la-javeriana\/wp-content\/uploads\/2020\/03\/564.png 676w\" sizes=\"auto, (max-width: 500px) 100vw, 500px\" \/><\/p>\n<p><img loading=\"lazy\" decoding=\"async\" class=\"alignnone size-medium wp-image-14799\" src=\"http:\/\/www.javeriana.edu.co\/hoy-en-la-javeriana\/wp-content\/uploads\/2020\/03\/564-2-500x125.png\" alt=\"\" width=\"500\" height=\"125\" srcset=\"https:\/\/www.javeriana.edu.co\/repositorio-hoy-en-la-javeriana\/wp-content\/uploads\/2020\/03\/564-2-500x125.png 500w, https:\/\/www.javeriana.edu.co\/repositorio-hoy-en-la-javeriana\/wp-content\/uploads\/2020\/03\/564-2.png 642w\" sizes=\"auto, (max-width: 500px) 100vw, 500px\" \/><\/p>\n<p>&nbsp;<\/p>\n","protected":false},"excerpt":{"rendered":"<p>Dentro del plan de ir presentando en r &#8216;Eloy en la Javeria.na&#8217;t aspectos de las obras de la Universidad hoy nos ocupamos de la Facultad de Ingenier\u00eda Electr\u00f3nica. Historia: Fundada en 1961, con el fin de atender la urgente demanda de Ingenieros Electr\u00f3nicos. Inici\u00f3 labores con tres profesores y doce alumnos, que ya hab\u00edan cursado tres a\u00f1og de Ingenier\u00eda. El 2 de mayo de 1961 se instal\u00f3 el primer laboratorio. Terminaron estudios los 12 primeros estudiantes en 1962 y se gradua\u2014 ron, despu\u00e9s de hacer la tesis, en 1963, Inicialmente la carrera era anual. En 1965 se semestraliz6. En 1968 se introdujo el sist ema de cr\u00e9ditos. Por el Acuerdo No. 5 de 1962 el Comit\u00e9 Administrativo de la Asociaci\u00f3n[&hellip;]<\/p>\n","protected":false},"author":5,"featured_media":0,"comment_status":"closed","ping_status":"closed","sticky":false,"template":"","format":"standard","meta":{"footnotes":""},"categories":[51,16,3,59],"tags":[11953,12161,12160,12159,12154,12158,247,12163,12162,12155,11633,12157,12156],"class_list":["post-14797","post","type-post","status-publish","format-standard","hentry","category-cultura","category-investigacion","category-medio-ambiente","category-sociedad","tag-11953","tag-20-profesores-de-tiempo-parcial","tag-8-profesores-de-tiempo-completo","tag-academico-administrativo","tag-ano-14-no-564","tag-asociacion-de-ingenieros-javeriaros","tag-colciencias","tag-epartamento-de-asesoria-e-investigacion","tag-facultad-en-la-industria","tag-instituto-de-ingenieros-electricos-y-electronicos","tag-marzo","tag-mecanicos-y-de-ramas-afines","tag-sociacion-de-ingenieros-electricos"],"acf":[],"_links":{"self":[{"href":"https:\/\/www.javeriana.edu.co\/repositorio-hoy-en-la-javeriana\/wp-json\/wp\/v2\/posts\/14797","targetHints":{"allow":["GET"]}}],"collection":[{"href":"https:\/\/www.javeriana.edu.co\/repositorio-hoy-en-la-javeriana\/wp-json\/wp\/v2\/posts"}],"about":[{"href":"https:\/\/www.javeriana.edu.co\/repositorio-hoy-en-la-javeriana\/wp-json\/wp\/v2\/types\/post"}],"author":[{"embeddable":true,"href":"https:\/\/www.javeriana.edu.co\/repositorio-hoy-en-la-javeriana\/wp-json\/wp\/v2\/users\/5"}],"replies":[{"embeddable":true,"href":"https:\/\/www.javeriana.edu.co\/repositorio-hoy-en-la-javeriana\/wp-json\/wp\/v2\/comments?post=14797"}],"version-history":[{"count":1,"href":"https:\/\/www.javeriana.edu.co\/repositorio-hoy-en-la-javeriana\/wp-json\/wp\/v2\/posts\/14797\/revisions"}],"predecessor-version":[{"id":14800,"href":"https:\/\/www.javeriana.edu.co\/repositorio-hoy-en-la-javeriana\/wp-json\/wp\/v2\/posts\/14797\/revisions\/14800"}],"wp:attachment":[{"href":"https:\/\/www.javeriana.edu.co\/repositorio-hoy-en-la-javeriana\/wp-json\/wp\/v2\/media?parent=14797"}],"wp:term":[{"taxonomy":"category","embeddable":true,"href":"https:\/\/www.javeriana.edu.co\/repositorio-hoy-en-la-javeriana\/wp-json\/wp\/v2\/categories?post=14797"},{"taxonomy":"post_tag","embeddable":true,"href":"https:\/\/www.javeriana.edu.co\/repositorio-hoy-en-la-javeriana\/wp-json\/wp\/v2\/tags?post=14797"}],"curies":[{"name":"wp","href":"https:\/\/api.w.org\/{rel}","templated":true}]}}