{"id":14801,"date":"1975-03-21T17:23:23","date_gmt":"1975-03-21T22:23:23","guid":{"rendered":"http:\/\/www.javeriana.edu.co\/hoy-en-la-javeriana?p=14801"},"modified":"2020-03-30T17:25:17","modified_gmt":"2020-03-30T22:25:17","slug":"simposio","status":"publish","type":"post","link":"https:\/\/www.javeriana.edu.co\/repositorio-hoy-en-la-javeriana\/simposio\/","title":{"rendered":"SIMPOSIO"},"content":{"rendered":"<p>Con motivo de las Bodas de Plata de la Universidad de Medell\u00edn, esta entidad organiz\u00f3 un simposio sobre Pol\u00edtica Universitaria, en el auditorio Pablo Tob\u00f3n Uribe\u00bb, de la ciudad de Medell\u00edn. El rector de la Universidad Javeriana, por especial invitaci\u00f3n del rector de la Universidad de Medell\u00edn, Dr. Ori\u00f3n Alvarez, particip\u00f3 en el mismo, al que se unieron el Dr. Alvaro Escobar Navia, rector de la Universidad del Valle, el Dr. Milc\u00edades Ch\u00e1vez, rector de la Universidad de Nari\u00f1o, el Dr. Jos\u00e9 Consuegra, rector de la Universidad Sim\u00f3n Bol\u00edvar de Barranquilla, y el mismo Dr. Ori\u00f3n Alvarez. El simposio se realiz\u00f3 el d\u00eda 13 de marzo, a partir de las 6:30 de la tarde.<\/p>\n","protected":false},"excerpt":{"rendered":"<p>Con motivo de las Bodas de Plata de la Universidad de Medell\u00edn, esta entidad organiz\u00f3 un simposio sobre Pol\u00edtica Universitaria, en el auditorio Pablo Tob\u00f3n Uribe\u00bb, de la ciudad de Medell\u00edn. El rector de la Universidad Javeriana, por especial invitaci\u00f3n del rector de la Universidad de Medell\u00edn, Dr. Ori\u00f3n Alvarez, particip\u00f3 en el mismo, al que se unieron el Dr. Alvaro Escobar Navia, rector de la Universidad del Valle, el Dr. Milc\u00edades Ch\u00e1vez, rector de la Universidad de Nari\u00f1o, el Dr. Jos\u00e9 Consuegra, rector de la Universidad Sim\u00f3n Bol\u00edvar de Barranquilla, y el mismo Dr. Ori\u00f3n Alvarez. El simposio se realiz\u00f3 el d\u00eda 13 de marzo, a partir de las 6:30 de la tarde.<\/p>\n","protected":false},"author":5,"featured_media":0,"comment_status":"closed","ping_status":"closed","sticky":false,"template":"","format":"standard","meta":{"footnotes":""},"categories":[51,59],"tags":[11953,12154,12164,12167,12165,11633,5733,5437,12166],"class_list":["post-14801","post","type-post","status-publish","format-standard","hentry","category-cultura","category-sociedad","tag-11953","tag-ano-14-no-564","tag-auditorio-pablo-tobon-uribe","tag-dr-jose-consuegra","tag-dr-orion-alvarez","tag-marzo","tag-universidad-de-medellin","tag-universidad-de-narino","tag-universidad-simon-bolivar-de-barranquilla"],"acf":[],"_links":{"self":[{"href":"https:\/\/www.javeriana.edu.co\/repositorio-hoy-en-la-javeriana\/wp-json\/wp\/v2\/posts\/14801","targetHints":{"allow":["GET"]}}],"collection":[{"href":"https:\/\/www.javeriana.edu.co\/repositorio-hoy-en-la-javeriana\/wp-json\/wp\/v2\/posts"}],"about":[{"href":"https:\/\/www.javeriana.edu.co\/repositorio-hoy-en-la-javeriana\/wp-json\/wp\/v2\/types\/post"}],"author":[{"embeddable":true,"href":"https:\/\/www.javeriana.edu.co\/repositorio-hoy-en-la-javeriana\/wp-json\/wp\/v2\/users\/5"}],"replies":[{"embeddable":true,"href":"https:\/\/www.javeriana.edu.co\/repositorio-hoy-en-la-javeriana\/wp-json\/wp\/v2\/comments?post=14801"}],"version-history":[{"count":1,"href":"https:\/\/www.javeriana.edu.co\/repositorio-hoy-en-la-javeriana\/wp-json\/wp\/v2\/posts\/14801\/revisions"}],"predecessor-version":[{"id":14802,"href":"https:\/\/www.javeriana.edu.co\/repositorio-hoy-en-la-javeriana\/wp-json\/wp\/v2\/posts\/14801\/revisions\/14802"}],"wp:attachment":[{"href":"https:\/\/www.javeriana.edu.co\/repositorio-hoy-en-la-javeriana\/wp-json\/wp\/v2\/media?parent=14801"}],"wp:term":[{"taxonomy":"category","embeddable":true,"href":"https:\/\/www.javeriana.edu.co\/repositorio-hoy-en-la-javeriana\/wp-json\/wp\/v2\/categories?post=14801"},{"taxonomy":"post_tag","embeddable":true,"href":"https:\/\/www.javeriana.edu.co\/repositorio-hoy-en-la-javeriana\/wp-json\/wp\/v2\/tags?post=14801"}],"curies":[{"name":"wp","href":"https:\/\/api.w.org\/{rel}","templated":true}]}}