{"id":14803,"date":"1975-03-21T17:25:29","date_gmt":"1975-03-21T22:25:29","guid":{"rendered":"http:\/\/www.javeriana.edu.co\/hoy-en-la-javeriana?p=14803"},"modified":"2020-03-30T17:30:38","modified_gmt":"2020-03-30T22:30:38","slug":"una-experiencia-nueva","status":"publish","type":"post","link":"https:\/\/www.javeriana.edu.co\/repositorio-hoy-en-la-javeriana\/una-experiencia-nueva\/","title":{"rendered":"UNA EXPERIENCIA NUEVA"},"content":{"rendered":"<p>El 14, 15 y 16 de marzo se realiz\u00f3, en la finca Nazareth (El Ocaso, Cund.) un Vivencial de Din\u00e1mica de grupo, con 23 estudiantes de la Facultad de Enfermer\u00eda. Lo dirigi\u00f3 el P. Carlos Bernal, S. J. , con la cooperaci\u00f3n de Carlos Miguel Galvis, ambos del equipo de Asesor\u00eda Psicol\u00f3gica.<\/p>\n<p>Los resultados, a nivel de formaci\u00f3n personal, comunicaci\u00f3n, integraci\u00f3n y relaciones humanas, fueron positivos.<\/p>\n<p>Experiencias como \u00e9sta se est\u00e1n haciendo frecuentemente con grupos de todas las Facultades.<\/p>\n","protected":false},"excerpt":{"rendered":"<p>El 14, 15 y 16 de marzo se realiz\u00f3, en la finca Nazareth (El Ocaso, Cund.) un Vivencial de Din\u00e1mica de grupo, con 23 estudiantes de la Facultad de Enfermer\u00eda. Lo dirigi\u00f3 el P. Carlos Bernal, S. J. , con la cooperaci\u00f3n de Carlos Miguel Galvis, ambos del equipo de Asesor\u00eda Psicol\u00f3gica. Los resultados, a nivel de formaci\u00f3n personal, comunicaci\u00f3n, integraci\u00f3n y relaciones humanas, fueron positivos. Experiencias como \u00e9sta se est\u00e1n haciendo frecuentemente con grupos de todas las Facultades.<\/p>\n","protected":false},"author":5,"featured_media":0,"comment_status":"closed","ping_status":"closed","sticky":false,"template":"","format":"standard","meta":{"footnotes":""},"categories":[39,51,59],"tags":[11953,12154,488,12174,12173,12175,12176,11722,6782],"class_list":["post-14803","post","type-post","status-publish","format-standard","hentry","category-academia","category-cultura","category-sociedad","tag-11953","tag-ano-14-no-564","tag-comunicacion","tag-cooperacion-de-carlos-miguel-galvis","tag-finca-nazareth","tag-formacion-personal","tag-integracion","tag-mayo","tag-relaciones-humanas"],"acf":[],"_links":{"self":[{"href":"https:\/\/www.javeriana.edu.co\/repositorio-hoy-en-la-javeriana\/wp-json\/wp\/v2\/posts\/14803","targetHints":{"allow":["GET"]}}],"collection":[{"href":"https:\/\/www.javeriana.edu.co\/repositorio-hoy-en-la-javeriana\/wp-json\/wp\/v2\/posts"}],"about":[{"href":"https:\/\/www.javeriana.edu.co\/repositorio-hoy-en-la-javeriana\/wp-json\/wp\/v2\/types\/post"}],"author":[{"embeddable":true,"href":"https:\/\/www.javeriana.edu.co\/repositorio-hoy-en-la-javeriana\/wp-json\/wp\/v2\/users\/5"}],"replies":[{"embeddable":true,"href":"https:\/\/www.javeriana.edu.co\/repositorio-hoy-en-la-javeriana\/wp-json\/wp\/v2\/comments?post=14803"}],"version-history":[{"count":1,"href":"https:\/\/www.javeriana.edu.co\/repositorio-hoy-en-la-javeriana\/wp-json\/wp\/v2\/posts\/14803\/revisions"}],"predecessor-version":[{"id":14805,"href":"https:\/\/www.javeriana.edu.co\/repositorio-hoy-en-la-javeriana\/wp-json\/wp\/v2\/posts\/14803\/revisions\/14805"}],"wp:attachment":[{"href":"https:\/\/www.javeriana.edu.co\/repositorio-hoy-en-la-javeriana\/wp-json\/wp\/v2\/media?parent=14803"}],"wp:term":[{"taxonomy":"category","embeddable":true,"href":"https:\/\/www.javeriana.edu.co\/repositorio-hoy-en-la-javeriana\/wp-json\/wp\/v2\/categories?post=14803"},{"taxonomy":"post_tag","embeddable":true,"href":"https:\/\/www.javeriana.edu.co\/repositorio-hoy-en-la-javeriana\/wp-json\/wp\/v2\/tags?post=14803"}],"curies":[{"name":"wp","href":"https:\/\/api.w.org\/{rel}","templated":true}]}}