{"id":14806,"date":"1975-03-21T17:30:41","date_gmt":"1975-03-21T22:30:41","guid":{"rendered":"http:\/\/www.javeriana.edu.co\/hoy-en-la-javeriana?p=14806"},"modified":"2020-03-30T17:33:39","modified_gmt":"2020-03-30T22:33:39","slug":"distincion-3","status":"publish","type":"post","link":"https:\/\/www.javeriana.edu.co\/repositorio-hoy-en-la-javeriana\/distincion-3\/","title":{"rendered":"DISTINCI\u00d3N"},"content":{"rendered":"<p>El Dr. Otto Gonz\u00e1lez Alonso, Director del Departamento de Contadur\u00eda de la Facultad de Ciencias Econ\u00f3micas y Administrativas, ha sido designado Presidente de la Academia Colombiana de Contadores P\u00fablicos Titulados, entidad que re\u00fane a todos los Contadores P\u00fablicos que han egresado de Las distintas universidades. Felicitaciones.<\/p>\n","protected":false},"excerpt":{"rendered":"<p>El Dr. Otto Gonz\u00e1lez Alonso, Director del Departamento de Contadur\u00eda de la Facultad de Ciencias Econ\u00f3micas y Administrativas, ha sido designado Presidente de la Academia Colombiana de Contadores P\u00fablicos Titulados, entidad que re\u00fane a todos los Contadores P\u00fablicos que han egresado de Las distintas universidades. Felicitaciones.<\/p>\n","protected":false},"author":5,"featured_media":0,"comment_status":"closed","ping_status":"closed","sticky":false,"template":"","format":"standard","meta":{"footnotes":""},"categories":[39,51,59],"tags":[11953,12177,12154,12179,12178,11633],"class_list":["post-14806","post","type-post","status-publish","format-standard","hentry","category-academia","category-cultura","category-sociedad","tag-11953","tag-academia-colombiana-de-contadores-publicos-titulados","tag-ano-14-no-564","tag-director-del-departamento-de-contaduria-de-la-facultad-de-ciencias-economicas-y-administrativas","tag-dr-otto-gonzalez-alonso","tag-marzo"],"acf":[],"_links":{"self":[{"href":"https:\/\/www.javeriana.edu.co\/repositorio-hoy-en-la-javeriana\/wp-json\/wp\/v2\/posts\/14806","targetHints":{"allow":["GET"]}}],"collection":[{"href":"https:\/\/www.javeriana.edu.co\/repositorio-hoy-en-la-javeriana\/wp-json\/wp\/v2\/posts"}],"about":[{"href":"https:\/\/www.javeriana.edu.co\/repositorio-hoy-en-la-javeriana\/wp-json\/wp\/v2\/types\/post"}],"author":[{"embeddable":true,"href":"https:\/\/www.javeriana.edu.co\/repositorio-hoy-en-la-javeriana\/wp-json\/wp\/v2\/users\/5"}],"replies":[{"embeddable":true,"href":"https:\/\/www.javeriana.edu.co\/repositorio-hoy-en-la-javeriana\/wp-json\/wp\/v2\/comments?post=14806"}],"version-history":[{"count":1,"href":"https:\/\/www.javeriana.edu.co\/repositorio-hoy-en-la-javeriana\/wp-json\/wp\/v2\/posts\/14806\/revisions"}],"predecessor-version":[{"id":14811,"href":"https:\/\/www.javeriana.edu.co\/repositorio-hoy-en-la-javeriana\/wp-json\/wp\/v2\/posts\/14806\/revisions\/14811"}],"wp:attachment":[{"href":"https:\/\/www.javeriana.edu.co\/repositorio-hoy-en-la-javeriana\/wp-json\/wp\/v2\/media?parent=14806"}],"wp:term":[{"taxonomy":"category","embeddable":true,"href":"https:\/\/www.javeriana.edu.co\/repositorio-hoy-en-la-javeriana\/wp-json\/wp\/v2\/categories?post=14806"},{"taxonomy":"post_tag","embeddable":true,"href":"https:\/\/www.javeriana.edu.co\/repositorio-hoy-en-la-javeriana\/wp-json\/wp\/v2\/tags?post=14806"}],"curies":[{"name":"wp","href":"https:\/\/api.w.org\/{rel}","templated":true}]}}