{"id":14829,"date":"1966-10-28T18:07:43","date_gmt":"1966-10-28T23:07:43","guid":{"rendered":"http:\/\/www.javeriana.edu.co\/hoy-en-la-javeriana?p=14829"},"modified":"2020-03-30T18:12:30","modified_gmt":"2020-03-30T23:12:30","slug":"visitante-5","status":"publish","type":"post","link":"https:\/\/www.javeriana.edu.co\/repositorio-hoy-en-la-javeriana\/visitante-5\/","title":{"rendered":"Visitante"},"content":{"rendered":"<p>Ayer, en las horas de la ma\u00f1ana, visit\u00f3 la Universidad Javeriana el Dr. Paul Ladame, periodista suizo, del Comit\u00e9 permanente de la Asociaci\u00f3n de Universidades Europeas. El Dr. Ladame est\u00e1 \u00abvivamente interesado en lograr un mejor entendimiento y mayor conexi\u00f3n de las universidades europeas con las universidades colombianas y de Latinoam\u00e9rica, para tratar de suministrarles profesorado europeo debidamente preparado.<\/p>\n","protected":false},"excerpt":{"rendered":"<p>Ayer, en las horas de la ma\u00f1ana, visit\u00f3 la Universidad Javeriana el Dr. Paul Ladame, periodista suizo, del Comit\u00e9 permanente de la Asociaci\u00f3n de Universidades Europeas. El Dr. Ladame est\u00e1 \u00abvivamente interesado en lograr un mejor entendimiento y mayor conexi\u00f3n de las universidades europeas con las universidades colombianas y de Latinoam\u00e9rica, para tratar de suministrarles profesorado europeo debidamente preparado.<\/p>\n","protected":false},"author":1,"featured_media":1866,"comment_status":"closed","ping_status":"closed","sticky":false,"template":"","format":"standard","meta":{"footnotes":""},"categories":[39],"tags":[12215,12217,11597,12216,2530,7851],"class_list":["post-14829","post","type-post","status-publish","format-standard","has-post-thumbnail","hentry","category-academia","tag-ano-6-n-54","tag-asociacion-de-universidades-europeas","tag-octubre-1966","tag-paul-ladame","tag-universidad-javeriana","tag-visitante"],"acf":[],"_links":{"self":[{"href":"https:\/\/www.javeriana.edu.co\/repositorio-hoy-en-la-javeriana\/wp-json\/wp\/v2\/posts\/14829","targetHints":{"allow":["GET"]}}],"collection":[{"href":"https:\/\/www.javeriana.edu.co\/repositorio-hoy-en-la-javeriana\/wp-json\/wp\/v2\/posts"}],"about":[{"href":"https:\/\/www.javeriana.edu.co\/repositorio-hoy-en-la-javeriana\/wp-json\/wp\/v2\/types\/post"}],"author":[{"embeddable":true,"href":"https:\/\/www.javeriana.edu.co\/repositorio-hoy-en-la-javeriana\/wp-json\/wp\/v2\/users\/1"}],"replies":[{"embeddable":true,"href":"https:\/\/www.javeriana.edu.co\/repositorio-hoy-en-la-javeriana\/wp-json\/wp\/v2\/comments?post=14829"}],"version-history":[{"count":1,"href":"https:\/\/www.javeriana.edu.co\/repositorio-hoy-en-la-javeriana\/wp-json\/wp\/v2\/posts\/14829\/revisions"}],"predecessor-version":[{"id":14833,"href":"https:\/\/www.javeriana.edu.co\/repositorio-hoy-en-la-javeriana\/wp-json\/wp\/v2\/posts\/14829\/revisions\/14833"}],"wp:featuredmedia":[{"embeddable":true,"href":"https:\/\/www.javeriana.edu.co\/repositorio-hoy-en-la-javeriana\/wp-json\/wp\/v2\/media\/1866"}],"wp:attachment":[{"href":"https:\/\/www.javeriana.edu.co\/repositorio-hoy-en-la-javeriana\/wp-json\/wp\/v2\/media?parent=14829"}],"wp:term":[{"taxonomy":"category","embeddable":true,"href":"https:\/\/www.javeriana.edu.co\/repositorio-hoy-en-la-javeriana\/wp-json\/wp\/v2\/categories?post=14829"},{"taxonomy":"post_tag","embeddable":true,"href":"https:\/\/www.javeriana.edu.co\/repositorio-hoy-en-la-javeriana\/wp-json\/wp\/v2\/tags?post=14829"}],"curies":[{"name":"wp","href":"https:\/\/api.w.org\/{rel}","templated":true}]}}