{"id":14835,"date":"1975-04-30T18:13:23","date_gmt":"1975-04-30T23:13:23","guid":{"rendered":"http:\/\/www.javeriana.edu.co\/hoy-en-la-javeriana?p=14835"},"modified":"2020-03-30T18:19:41","modified_gmt":"2020-03-30T23:19:41","slug":"bodas-de-plata-del-instituto-de-capacitacion-laboral","status":"publish","type":"post","link":"https:\/\/www.javeriana.edu.co\/repositorio-hoy-en-la-javeriana\/bodas-de-plata-del-instituto-de-capacitacion-laboral\/","title":{"rendered":"BODAS DE PLATA DEL INSTITUTO DE CAPACITACI\u00d3N LABORAL"},"content":{"rendered":"<p>Como se anunci\u00f3 en eL n\u00famero pasado, la presente semana -lunes 28 a s\u00e1bado 3 de mayo- est\u00e1 consagrada a Conmemorar los 25 a\u00f1os de este Instituto.<\/p>\n<p>Serie de conferencias de lunes a jueves, sobre Construcci\u00f3n y Topograf\u00eda. El jueves lo, de Mayo conmemoraci\u00f3n especial, con misa en el hall del edificio central de la UniverSdad Javeriana, 9 a. \u00a0\u00a0\u00a0\u00a0 premiaci\u00f3n del concurso composici\u00f3n literaria sobre el d\u00eda del obrero, 9:30 a. m.; descubrimiento de una placa en agradecimiento a la Universidad, ofrecida por los exalumnos, y al medio d\u00eda eventos deportivos y almuerzo de camarader\u00eda.<\/p>\n<p>El viernes 3 de mayo, a las 7 de la noche, presentaci\u00f3n del Coro, Danzas, y Tunas de la Universidad, para concluir el s\u00e1bado 3 de mayo, 9 p. m., con la fiesta de las bodas de plata, en la Cafeter\u00eda Central.<\/p>\n<p>Esta es la ocasi\u00f3n que se nos da en el \u00abHoy en la Javeriana\u00bb, para hacer una breve rese\u00f1a hist\u00f3rica del Instituto del cual hay un total de egresados de 479: Construcci\u00f3n 312, Topograf\u00eda 163, Sindicalismo 4. Los alumnos actuales, 1975, son: 80 en Construcci6n y 80 en Topograf\u00eda.<\/p>\n<p>Hay que anotar que pr\u00e1cticamente el servicio es de becas, ya que la cuota de cada uno es de $ 400.00 al a\u00f1o.<\/p>\n<p>Algo de historia;<\/p>\n<p>A fines de mayo de 1950 se reunio en Bogot\u00e1 el Primer Congreso Universitario Javeriano y adopt\u00f3, como una de sus resoluciones. la iniciativa de un grupo de alumnos de la Univcrsidad: la creaci\u00f3n del instituto de capacitaci\u00f3n worera; quienes propusieron su f!\u017endaci\u00f3n buscaban oc ,7010 la formaci6n de los trabajadores y su vinculaci6n a la Javeriana, sino el \u00a0\u00a0\u00a0\u00a0 estudiantes a la clase menos favorecida, proporcion\u00e1ndoles la oportunidad de transmitir lo que hab\u00edan aprendido.<\/p>\n<p>Crateias al apoyo del entonces Rector de la Universidad, R. P. Emilio Arango, se adapt6 una peque\u00f1a buhardilla en el viejo edificio de la Calle IO, en donde hoy est\u00e1 la Plazuela Camilo T arres; all\u00ed se organiz\u00f3 una \u00fanica aula y la secretar\u00eda del Instituto, y en agosto del a\u00f1o comenz\u00f3 a funcionar La Secci\u00d3n Sindical, en la que se preparaban l\u00edderes para las centrales obreras en ese entonces existentes.<\/p>\n<p>En 1951 \u00f3 1952, a ra\u00edz de la iniciaci\u00f3n de tareas de la Facultad de Arquitectura, se cre\u00f3 la Secci\u00f3n T\u00e9cnica la cual, la postre, es la que ha perdurado, gracias al apoyo de los estudiantes de la acuitad antes mencionada y de la de Ingenier\u00eda, posterior en su fundaci\u00f3n a aqulla.<\/p>\n<p>En 1954, siendo Ministro del Trabajo el Dr. C\u00e1stor Jaramillo Arrubla, quien hab\u00eda sido varios a\u00f1os Decano de la Facultad de Derecho de la Javeriana y, por consiguiente, hab\u00eda conocido la existencia y la organizaci\u00f3n del Instituto de Capacitaci\u00f3n Obrera, cre\u00f3, mediante el Decreto N&#8217; 2920 del xnismo a\u00f1o, un Instituto del mismo nombre, anexo a la Universidad Nacional, designando como su director al Dr. Rodolfo Mart\u00ednez Tono.<\/p>\n<p>La estructura de este Instituto, que comenz\u00f3 contando con el apoyo oficial y tom\u00f3 por tanto r\u00e1pido auge, era igual a la del Instituto de nuestra Universidad, puesto que en \u00e9l se hab\u00eda inspirado el Ministro Jaramillo para su creaci\u00f3n. Este Instituto Nacional de Capacitaci\u00f3n Obrera se convirti\u00f3, tres a\u00f1os despu\u00e9s, en el Sena. De aqu\u00ed que no sea exagerado afirmar que la iniciativa de los javerianos de 1950 fue, a la postre, la que di\u00f3 origen a una instituci\u00f3n tan importante como la mencionada.<\/p>\n<p>Estatutos<\/p>\n<p>No sobra recordar, adem\u00e1s, que tambi\u00e9n por iniciativa del Instituto de Capacitaci\u00f3n Obrera de la Universidad, el Consejo Profesional Nacional de Ingenier\u00eda y Arquitectura aprob\u00f3, en agosto de 1956, los cursos y los certificados de idoneidad expedidos tanto por el Instituto de la Javeriana como por el de la Nacional.<\/p>\n<p><img loading=\"lazy\" decoding=\"async\" class=\"alignnone size-full wp-image-14839\" src=\"http:\/\/www.javeriana.edu.co\/hoy-en-la-javeriana\/wp-content\/uploads\/2020\/03\/565-6.png\" alt=\"\" width=\"354\" height=\"219\" \/><\/p>\n<h5>NUEVAS PUBLICACIONES<\/h5>\n<p>&#8211; Educaci\u00f3n en Salud a Grupos de la Comunidad: Ejemplos\u00bb. Con este t\u00edtulo el Departamento de Educaci\u00f3n Continuada de la Facultad de Enfermer\u00eda ha publicado su Folleto N<sup>e <\/sup>11, bajo los auspicios de la Fundaci\u00f3n\u00a0 \u00a0 \u00a0 \u00a0 \u00a0 \u00a0 \u00a0 \u00a0 W. K. Kellogg.<\/p>\n<p>El Folleto ofrece, en primer lugar, una revisi\u00f3n del proceso de aprendizaje y del valor de los objetivos de comportamiento; seguido de una serie de modelos de clase o planes de lecci\u00f3n. Dichos modelos presentan una metodolog\u00eda propia y sus temas est\u00e1n dirigidos a llenar necesidades urgentes de aprendizaje a grupos de la comunidad. Por ello el Folleto puede servir de referencia tanto para enfermeras como para maestros, profesores y l\u00edderes de la comunidad.<\/p>\n<p>\u00abCiencia, hombre, religi\u00f3n\u00bb &#8211; Documentos universitarios para un comienzo de di\u00e1logo interdisciplinario. Publicaci\u00f3n del Departamento de Ciencias Religiosas de la Universidad Javeriana.<\/p>\n<p>&#8211; &#8216;I PAAS <sup>I <\/sup>&#8216;, publicaci\u00f3n de la Facultad de Arquitectura y Diseno de la Javeriana, bajo la direcci\u00f3n de: Jaime I. Dom\u00ednguez C. y Gilberto Rodr\u00edguez Q. Contiene el directorio telef\u00f3nico de la v acuitad, para 1975.<\/p>\n<p>&#8211; Estructuras acad\u00e9micas universitarias. Curr\u00edculos y programas. T\u00edtulos , por el P. Alfonso Borrero C., S.J. Art\u00edculo que aparece en la revista DOCENCIA, Vol. TI, No. 3, de Junio 30 de 1974.<\/p>\n","protected":false},"excerpt":{"rendered":"<p>Como se anunci\u00f3 en eL n\u00famero pasado, la presente semana -lunes 28 a s\u00e1bado 3 de mayo- est\u00e1 consagrada a Conmemorar los 25 a\u00f1os de este Instituto. Serie de conferencias de lunes a jueves, sobre Construcci\u00f3n y Topograf\u00eda. El jueves lo, de Mayo conmemoraci\u00f3n especial, con misa en el hall del edificio central de la UniverSdad Javeriana, 9 a. \u00a0\u00a0\u00a0\u00a0 premiaci\u00f3n del concurso composici\u00f3n literaria sobre el d\u00eda del obrero, 9:30 a. m.; descubrimiento de una placa en agradecimiento a la Universidad, ofrecida por los exalumnos, y al medio d\u00eda eventos deportivos y almuerzo de camarader\u00eda. El viernes 3 de mayo, a las 7 de la noche, presentaci\u00f3n del Coro, Danzas, y Tunas de la Universidad, para concluir el s\u00e1bado[&hellip;]<\/p>\n","protected":false},"author":5,"featured_media":0,"comment_status":"closed","ping_status":"closed","sticky":false,"template":"","format":"standard","meta":{"footnotes":""},"categories":[39,51,59],"tags":[2650,11953,11685,12189,3345,12227,7597,12226,12229,12228,9433],"class_list":["post-14835","post","type-post","status-publish","format-standard","hentry","category-academia","category-cultura","category-sociedad","tag-ciencia","tag-11953","tag-abril","tag-ano-14-no-565","tag-departamento-de-educacion","tag-documentos-universitarios-para-un-comienzo-de-dialogo-interdisciplinario","tag-fundacion-w-k-kellogg","tag-hombre","tag-instituto-nacional-de-capacitacion-obrera","tag-p-alfonso-borrero-c","tag-religion"],"acf":[],"_links":{"self":[{"href":"https:\/\/www.javeriana.edu.co\/repositorio-hoy-en-la-javeriana\/wp-json\/wp\/v2\/posts\/14835","targetHints":{"allow":["GET"]}}],"collection":[{"href":"https:\/\/www.javeriana.edu.co\/repositorio-hoy-en-la-javeriana\/wp-json\/wp\/v2\/posts"}],"about":[{"href":"https:\/\/www.javeriana.edu.co\/repositorio-hoy-en-la-javeriana\/wp-json\/wp\/v2\/types\/post"}],"author":[{"embeddable":true,"href":"https:\/\/www.javeriana.edu.co\/repositorio-hoy-en-la-javeriana\/wp-json\/wp\/v2\/users\/5"}],"replies":[{"embeddable":true,"href":"https:\/\/www.javeriana.edu.co\/repositorio-hoy-en-la-javeriana\/wp-json\/wp\/v2\/comments?post=14835"}],"version-history":[{"count":1,"href":"https:\/\/www.javeriana.edu.co\/repositorio-hoy-en-la-javeriana\/wp-json\/wp\/v2\/posts\/14835\/revisions"}],"predecessor-version":[{"id":14843,"href":"https:\/\/www.javeriana.edu.co\/repositorio-hoy-en-la-javeriana\/wp-json\/wp\/v2\/posts\/14835\/revisions\/14843"}],"wp:attachment":[{"href":"https:\/\/www.javeriana.edu.co\/repositorio-hoy-en-la-javeriana\/wp-json\/wp\/v2\/media?parent=14835"}],"wp:term":[{"taxonomy":"category","embeddable":true,"href":"https:\/\/www.javeriana.edu.co\/repositorio-hoy-en-la-javeriana\/wp-json\/wp\/v2\/categories?post=14835"},{"taxonomy":"post_tag","embeddable":true,"href":"https:\/\/www.javeriana.edu.co\/repositorio-hoy-en-la-javeriana\/wp-json\/wp\/v2\/tags?post=14835"}],"curies":[{"name":"wp","href":"https:\/\/api.w.org\/{rel}","templated":true}]}}