{"id":14844,"date":"1975-05-01T18:19:49","date_gmt":"1975-05-01T23:19:49","guid":{"rendered":"http:\/\/www.javeriana.edu.co\/hoy-en-la-javeriana?p=14844"},"modified":"2020-03-30T18:23:46","modified_gmt":"2020-03-30T23:23:46","slug":"ayer-y-hoy-en-la-universidad-javeriana","status":"publish","type":"post","link":"https:\/\/www.javeriana.edu.co\/repositorio-hoy-en-la-javeriana\/ayer-y-hoy-en-la-universidad-javeriana\/","title":{"rendered":"AYER Y HOY EN LA UNIVERSIDAD JAVERIANA"},"content":{"rendered":"<p>Dentro del origen de las Facultades de la Universidad Javeriana, en su orden hist\u00f3rico, presentamos hoy la creaci\u00f3n de las Facultades Eclesi\u00e1sticas.<\/p>\n<p>Tomado del archivo original, y que constituye una curiosidad hist\u00f3rica:<\/p>\n<p>En el a\u00f1o 1938 nos encontramos,en las actas originales, con la siguiente n\u00f3mina de directivas y profesorado:<\/p>\n<p>Filosof\u00eda: Decano P. Lorenzo Uribe S. J.<\/p>\n<p>Teolog\u00eda: Decano P, Eduardo Ospina S. J,<\/p>\n<p>Derecho Can\u00f3nico: Decano P. Jos\u00e9 Mar\u00eda Ur\u00eda S. J, Secretario: P. Jos\u00e9 Arango S. J,<\/p>\n<p><strong><span style=\"color: #000000\">Profesores:<\/span><\/strong><\/p>\n<p>Pedagog\u00eda; P, Jes\u00das Mar\u00eda Fern\u00e1ndez S. J.<\/p>\n<p>Sociolog\u00eda: P. Vicente Andrade S. J.<\/p>\n<p>Teolog\u00eda Moral. Liturgia. Teolog\u00eda asc\u00e9tica: P. Jos\u00e9 Arango, Ingl\u00e9s: P. Ismael Delgado so J.<\/p>\n<p>Teodicea: P. Tom\u00e1s Galvis S. J.<\/p>\n<p>Teolog\u00eda fundamental: P, Eduardo Ospina S. J, historia de la Filosof\u00eda: P, Leonardo Ram\u00edrez S, J,<\/p>\n<p>Cr\u00edtica Ontolog\u00eda, Cuestiones selectas: P. Jes\u00fas S\u00e1enz S. J.<\/p>\n<p>Derecho Can\u00f3nico: P. Jos\u00e9 Mar\u00eda Ur\u00eda S. J.<\/p>\n<p>Psicolog\u00eda racional: P. Lorenzo Uribe S. J.<\/p>\n<p>Introducci\u00f3n a la Sagrada Escritura: P. Vicente Andrade S. J.<\/p>\n<p>Estas Facultades que iban a adquirir gran desenvolvimiento, -tuvieron en el a\u00f1o 1938 el origen que acabamos de transcribir, de las actas originales.<\/p>\n","protected":false},"excerpt":{"rendered":"<p>Dentro del origen de las Facultades de la Universidad Javeriana, en su orden hist\u00f3rico, presentamos hoy la creaci\u00f3n de las Facultades Eclesi\u00e1sticas. Tomado del archivo original, y que constituye una curiosidad hist\u00f3rica: En el a\u00f1o 1938 nos encontramos,en las actas originales, con la siguiente n\u00f3mina de directivas y profesorado: Filosof\u00eda: Decano P. Lorenzo Uribe S. J. Teolog\u00eda: Decano P, Eduardo Ospina S. J, Derecho Can\u00f3nico: Decano P. Jos\u00e9 Mar\u00eda Ur\u00eda S. J, Secretario: P. Jos\u00e9 Arango S. J, Profesores: Pedagog\u00eda; P, Jes\u00das Mar\u00eda Fern\u00e1ndez S. J. Sociolog\u00eda: P. Vicente Andrade S. J. Teolog\u00eda Moral. Liturgia. Teolog\u00eda asc\u00e9tica: P. Jos\u00e9 Arango, Ingl\u00e9s: P. Ismael Delgado so J. Teodicea: P. Tom\u00e1s Galvis S. J. Teolog\u00eda fundamental: P, Eduardo Ospina S. J, historia[&hellip;]<\/p>\n","protected":false},"author":5,"featured_media":0,"comment_status":"closed","ping_status":"closed","sticky":false,"template":"","format":"standard","meta":{"footnotes":""},"categories":[39,51,59],"tags":[2525,12233,12237,12236,12234,12241,12239,11722,12238,12240,12235],"class_list":["post-14844","post","type-post","status-publish","format-standard","hentry","category-academia","category-cultura","category-sociedad","tag-2525","tag-ano-14-no-567","tag-derecho-canonico-decano-p-jose-maria-uria-s-j","tag-eduardo-ospina-s-j","tag-filosofia-decano-p-lorenzo-uribe-s-j","tag-ingles-p-ismael-delgado-so-j","tag-introduccion-a-la-sagrada-escritura-p-vicente-andrade-s-j","tag-mayo","tag-secretario-p-jose-arango-s-j","tag-teologia-moral-liturgia-teologia-ascetica-p-jose-arango","tag-teologia-decano-p"],"acf":[],"_links":{"self":[{"href":"https:\/\/www.javeriana.edu.co\/repositorio-hoy-en-la-javeriana\/wp-json\/wp\/v2\/posts\/14844","targetHints":{"allow":["GET"]}}],"collection":[{"href":"https:\/\/www.javeriana.edu.co\/repositorio-hoy-en-la-javeriana\/wp-json\/wp\/v2\/posts"}],"about":[{"href":"https:\/\/www.javeriana.edu.co\/repositorio-hoy-en-la-javeriana\/wp-json\/wp\/v2\/types\/post"}],"author":[{"embeddable":true,"href":"https:\/\/www.javeriana.edu.co\/repositorio-hoy-en-la-javeriana\/wp-json\/wp\/v2\/users\/5"}],"replies":[{"embeddable":true,"href":"https:\/\/www.javeriana.edu.co\/repositorio-hoy-en-la-javeriana\/wp-json\/wp\/v2\/comments?post=14844"}],"version-history":[{"count":1,"href":"https:\/\/www.javeriana.edu.co\/repositorio-hoy-en-la-javeriana\/wp-json\/wp\/v2\/posts\/14844\/revisions"}],"predecessor-version":[{"id":14848,"href":"https:\/\/www.javeriana.edu.co\/repositorio-hoy-en-la-javeriana\/wp-json\/wp\/v2\/posts\/14844\/revisions\/14848"}],"wp:attachment":[{"href":"https:\/\/www.javeriana.edu.co\/repositorio-hoy-en-la-javeriana\/wp-json\/wp\/v2\/media?parent=14844"}],"wp:term":[{"taxonomy":"category","embeddable":true,"href":"https:\/\/www.javeriana.edu.co\/repositorio-hoy-en-la-javeriana\/wp-json\/wp\/v2\/categories?post=14844"},{"taxonomy":"post_tag","embeddable":true,"href":"https:\/\/www.javeriana.edu.co\/repositorio-hoy-en-la-javeriana\/wp-json\/wp\/v2\/tags?post=14844"}],"curies":[{"name":"wp","href":"https:\/\/api.w.org\/{rel}","templated":true}]}}