{"id":14852,"date":"1975-05-01T18:27:23","date_gmt":"1975-05-01T23:27:23","guid":{"rendered":"http:\/\/www.javeriana.edu.co\/hoy-en-la-javeriana?p=14852"},"modified":"2020-03-30T18:29:05","modified_gmt":"2020-03-30T23:29:05","slug":"dia-mundial-de-la-enfermera-12-de-mayo","status":"publish","type":"post","link":"https:\/\/www.javeriana.edu.co\/repositorio-hoy-en-la-javeriana\/dia-mundial-de-la-enfermera-12-de-mayo\/","title":{"rendered":"D\u00cdA MUNDIAL DE LA ENFERMERA: 12 DE MAYO"},"content":{"rendered":"<p>Con motivo de celebrarse, el pr\u00f3ximo 12 de mayo, el D\u00eda Mundial de la Enfermera, la Facultad de Enfermer\u00eda de la Universidad Javeriana y el Hospital de San Ignacio han preparado el siguiente programa: el pr\u00f3ximo lunes, a las 12 m., Misa en el Sal\u00f3n Pablo VI del edificio de Enfermer\u00eda, y a continuaci\u00f3n entrega de condecoraciones al personal de enfermer\u00eda que se ha distinguido por su responsabilidad y amor a la profesi\u00f3n. Con posterioridad a este acto se ofrecer\u00e1, en el campo de futbol de la Universidad, una lechona. A las 4 de la tarde se llevar\u00e1 a cabo un panel en el Sal\u00f3n Pablo VI, sobre &#8216; &#8216;El significado del A\u00f1o Internacional de la Mujer y los Derechos de la Mujer en Colombia\u00bb. Actuar\u00e1n como ponentes las siguientes personas: Sri ta. Thelma C)&#8217; Conno, Representante de las Naciones Unidas para Colombia, Ecuador y Venezuela; la abogada Dra. Ayd\u00e9e Anzola Linares, la Sra. Blanca Mart\u00ed de David Almeida, de la Mesa Panamericana de Mujeres, y la Sra. Beatriz Su\u00e1rez de Sarmiento, Decana de Enfermer\u00eda. Toda la comunidad universitaria est\u00e1 invitada a este importante p\u00e1nel<\/p>\n","protected":false},"excerpt":{"rendered":"<p>Con motivo de celebrarse, el pr\u00f3ximo 12 de mayo, el D\u00eda Mundial de la Enfermera, la Facultad de Enfermer\u00eda de la Universidad Javeriana y el Hospital de San Ignacio han preparado el siguiente programa: el pr\u00f3ximo lunes, a las 12 m., Misa en el Sal\u00f3n Pablo VI del edificio de Enfermer\u00eda, y a continuaci\u00f3n entrega de condecoraciones al personal de enfermer\u00eda que se ha distinguido por su responsabilidad y amor a la profesi\u00f3n. Con posterioridad a este acto se ofrecer\u00e1, en el campo de futbol de la Universidad, una lechona. A las 4 de la tarde se llevar\u00e1 a cabo un panel en el Sal\u00f3n Pablo VI, sobre &#8216; &#8216;El significado del A\u00f1o Internacional de la Mujer y los Derechos[&hellip;]<\/p>\n","protected":false},"author":5,"featured_media":0,"comment_status":"closed","ping_status":"closed","sticky":false,"template":"","format":"standard","meta":{"footnotes":""},"categories":[51,59],"tags":[11953,12233,12256,11722,11946,12257],"class_list":["post-14852","post","type-post","status-publish","format-standard","hentry","category-cultura","category-sociedad","tag-11953","tag-ano-14-no-567","tag-el-significado-del-ano-internacional-de-la-mujer-y-los-derechos-de-la-mujer-en-colombia","tag-mayo","tag-salon-pablo-vi-del-edificio-de-enfermeria","tag-universidad-javeriana-y-el-hospital-de-san-ignacio"],"acf":[],"_links":{"self":[{"href":"https:\/\/www.javeriana.edu.co\/repositorio-hoy-en-la-javeriana\/wp-json\/wp\/v2\/posts\/14852","targetHints":{"allow":["GET"]}}],"collection":[{"href":"https:\/\/www.javeriana.edu.co\/repositorio-hoy-en-la-javeriana\/wp-json\/wp\/v2\/posts"}],"about":[{"href":"https:\/\/www.javeriana.edu.co\/repositorio-hoy-en-la-javeriana\/wp-json\/wp\/v2\/types\/post"}],"author":[{"embeddable":true,"href":"https:\/\/www.javeriana.edu.co\/repositorio-hoy-en-la-javeriana\/wp-json\/wp\/v2\/users\/5"}],"replies":[{"embeddable":true,"href":"https:\/\/www.javeriana.edu.co\/repositorio-hoy-en-la-javeriana\/wp-json\/wp\/v2\/comments?post=14852"}],"version-history":[{"count":1,"href":"https:\/\/www.javeriana.edu.co\/repositorio-hoy-en-la-javeriana\/wp-json\/wp\/v2\/posts\/14852\/revisions"}],"predecessor-version":[{"id":14854,"href":"https:\/\/www.javeriana.edu.co\/repositorio-hoy-en-la-javeriana\/wp-json\/wp\/v2\/posts\/14852\/revisions\/14854"}],"wp:attachment":[{"href":"https:\/\/www.javeriana.edu.co\/repositorio-hoy-en-la-javeriana\/wp-json\/wp\/v2\/media?parent=14852"}],"wp:term":[{"taxonomy":"category","embeddable":true,"href":"https:\/\/www.javeriana.edu.co\/repositorio-hoy-en-la-javeriana\/wp-json\/wp\/v2\/categories?post=14852"},{"taxonomy":"post_tag","embeddable":true,"href":"https:\/\/www.javeriana.edu.co\/repositorio-hoy-en-la-javeriana\/wp-json\/wp\/v2\/tags?post=14852"}],"curies":[{"name":"wp","href":"https:\/\/api.w.org\/{rel}","templated":true}]}}