{"id":14855,"date":"1975-05-01T18:29:08","date_gmt":"1975-05-01T23:29:08","guid":{"rendered":"http:\/\/www.javeriana.edu.co\/hoy-en-la-javeriana?p=14855"},"modified":"2020-03-30T18:32:50","modified_gmt":"2020-03-30T23:32:50","slug":"educacion-continuada","status":"publish","type":"post","link":"https:\/\/www.javeriana.edu.co\/repositorio-hoy-en-la-javeriana\/educacion-continuada\/","title":{"rendered":"EDUCACI\u00d3N CONTINUADA"},"content":{"rendered":"<p>A partir de Mayo 13, y hasta Junio 9, la Facultad de Enfermer\u00eda, por medio de su Departamento de Educaci\u00f3n Continuada, dictar\u00e1 un curso para Auxiliares de Enfermer\u00eda, sobre el tema:\u00bb Atenci\u00f3n de Enfermer\u00eda a pacientes en \u00e1reas m\u00e9dico-quir\u00fargicas v\u00edas digestivas y cardio-pulmonares&#8217;<\/p>\n<p>-Gerencia de Obra: Con todo \u00e9xito se inici\u00f3 la 5a. edici\u00f3n del curso de educaci\u00f3n continuada \u00abGerencia de obra\u00bb, organizado por la Facultad de Ingenier\u00eda Civil de la Universidad Javeriana, para la Sociedad Colombiana de Arquitectos.<\/p>\n<p>Los profesores que dictan dicha curso son los Ingenieros Alvaro Silva Fajardo, Decano Acad\u00e9mico de la Facultad&gt; Federico Nieto Tafur, Francisco Manrique Ruiz, y Jorge Garc\u00eda Reyes, profesores de la Facultad.<\/p>\n<p>A este curso asisten m\u00e1s de 67 profesionales de la Arquitectura y la Ingenier\u00eda, vinculados a diversas empresas constructoras, entidades gubernamentales y corporaciones financieras,<\/p>\n<p>Dicho curso, que ya ha adquirido renombre internacional, ser\u00e1 dictado durante el pr\u00f3ximo mes de &#8216;Junio en la ciudad de Quito y Guayaquil, y posteriormente en la ciudad de Barranquilla.<\/p>\n<p>-Lagunas de estabilizaci\u00f3n y zanjas de oxidaci\u00f3n: Durante la semana del 7 al 12 del presente mes, la Facultad de Ingenier\u00eda Civil de la Universidad realiz\u00f3 un curso de educaci\u00f3n continuada titulado: \u00abLagunas de estabilizaci\u00f3n y zanjas de oxidaci\u00f3n\u00bb, patrocinado por la Organizaci\u00f3n Panamericana de la Salud.<\/p>\n<p>La coordinaci\u00f3n internacional estuvo a cargo del Ingeniero Eduardo G\u00f3mez, de la Organizaci\u00f3n Panamericana de la Salud, y la coordinaci\u00f3n nacional del Ingeniero Germ\u00e1n Soler S\u00e1nchez, Director del Departamento de Aguas y Sanitaria de la Facultad de Ingenier\u00eda \u00a0Civil de esta Universidad.<\/p>\n<p>A este curso asistieron Ingenieros Sanitarios vinculados a diferentes entidades p\u00fablicas, empresas consultoras y asociaciones profesionales del pa\u00eds.<\/p>\n","protected":false},"excerpt":{"rendered":"<p>A partir de Mayo 13, y hasta Junio 9, la Facultad de Enfermer\u00eda, por medio de su Departamento de Educaci\u00f3n Continuada, dictar\u00e1 un curso para Auxiliares de Enfermer\u00eda, sobre el tema:\u00bb Atenci\u00f3n de Enfermer\u00eda a pacientes en \u00e1reas m\u00e9dico-quir\u00fargicas v\u00edas digestivas y cardio-pulmonares&#8217; -Gerencia de Obra: Con todo \u00e9xito se inici\u00f3 la 5a. edici\u00f3n del curso de educaci\u00f3n continuada \u00abGerencia de obra\u00bb, organizado por la Facultad de Ingenier\u00eda Civil de la Universidad Javeriana, para la Sociedad Colombiana de Arquitectos. Los profesores que dictan dicha curso son los Ingenieros Alvaro Silva Fajardo, Decano Acad\u00e9mico de la Facultad&gt; Federico Nieto Tafur, Francisco Manrique Ruiz, y Jorge Garc\u00eda Reyes, profesores de la Facultad. A este curso asisten m\u00e1s de 67 profesionales de la[&hellip;]<\/p>\n","protected":false},"author":5,"featured_media":0,"comment_status":"closed","ping_status":"closed","sticky":false,"template":"","format":"standard","meta":{"footnotes":""},"categories":[51,16,3,59],"tags":[2525,7071,12233,12124,12258,12260,12261,12259,11722,12262],"class_list":["post-14855","post","type-post","status-publish","format-standard","hentry","category-cultura","category-investigacion","category-medio-ambiente","category-sociedad","tag-2525","tag-alvaro-silva-fajardo","tag-ano-14-no-567","tag-decano-academico-de-la-facultad","tag-director-del-departamento-de-aguas-y-sanitaria-de-la-facultad-de-ingenieria-civil-de-esta-universidad","tag-federico-nieto-tafur","tag-francisco-manrique-ruiz","tag-ingenieros-sanitarios","tag-mayo","tag-y-jorge-garcia-reyes"],"acf":[],"_links":{"self":[{"href":"https:\/\/www.javeriana.edu.co\/repositorio-hoy-en-la-javeriana\/wp-json\/wp\/v2\/posts\/14855","targetHints":{"allow":["GET"]}}],"collection":[{"href":"https:\/\/www.javeriana.edu.co\/repositorio-hoy-en-la-javeriana\/wp-json\/wp\/v2\/posts"}],"about":[{"href":"https:\/\/www.javeriana.edu.co\/repositorio-hoy-en-la-javeriana\/wp-json\/wp\/v2\/types\/post"}],"author":[{"embeddable":true,"href":"https:\/\/www.javeriana.edu.co\/repositorio-hoy-en-la-javeriana\/wp-json\/wp\/v2\/users\/5"}],"replies":[{"embeddable":true,"href":"https:\/\/www.javeriana.edu.co\/repositorio-hoy-en-la-javeriana\/wp-json\/wp\/v2\/comments?post=14855"}],"version-history":[{"count":1,"href":"https:\/\/www.javeriana.edu.co\/repositorio-hoy-en-la-javeriana\/wp-json\/wp\/v2\/posts\/14855\/revisions"}],"predecessor-version":[{"id":14856,"href":"https:\/\/www.javeriana.edu.co\/repositorio-hoy-en-la-javeriana\/wp-json\/wp\/v2\/posts\/14855\/revisions\/14856"}],"wp:attachment":[{"href":"https:\/\/www.javeriana.edu.co\/repositorio-hoy-en-la-javeriana\/wp-json\/wp\/v2\/media?parent=14855"}],"wp:term":[{"taxonomy":"category","embeddable":true,"href":"https:\/\/www.javeriana.edu.co\/repositorio-hoy-en-la-javeriana\/wp-json\/wp\/v2\/categories?post=14855"},{"taxonomy":"post_tag","embeddable":true,"href":"https:\/\/www.javeriana.edu.co\/repositorio-hoy-en-la-javeriana\/wp-json\/wp\/v2\/tags?post=14855"}],"curies":[{"name":"wp","href":"https:\/\/api.w.org\/{rel}","templated":true}]}}