{"id":14929,"date":"1975-04-01T15:24:27","date_gmt":"1975-04-01T20:24:27","guid":{"rendered":"http:\/\/www.javeriana.edu.co\/hoy-en-la-javeriana?p=14929"},"modified":"2020-04-02T15:30:40","modified_gmt":"2020-04-02T20:30:40","slug":"coloquio-en-psicologia-escolar","status":"publish","type":"post","link":"https:\/\/www.javeriana.edu.co\/repositorio-hoy-en-la-javeriana\/coloquio-en-psicologia-escolar\/","title":{"rendered":"COLOQUIO EN PSICOLOG\u00edA ESCOLAR"},"content":{"rendered":"<p>Entre el 22 y el 26 de julio se celebr6, en Munich, el Primer Coloquio Mundial en Psicolog\u00eda Escolar, organizado por el Comit\u00e9 Internacional de Psicolog\u00eda Escolar y patrocinado por la Divisi\u00f3n 16 de la APA y por la Asociaci\u00f3n Americana de Psicolog\u00eda Escolar. Invitado por el Comit\u00e9 Internacional de Psicolog\u00eda Escolar, asisti\u00f3 el Dr. Gerardo Su\u00e1rez Rond\u00f3n. quien present\u00f3 un trabajo sobre manipulaci\u00f3n de estructuras cognoscitivas en los procesos de aprendizaje verbal. El Dr. Su\u00e1rez ha venido invest igando sobre dicho tema, con motivo de su disertaci\u00f3n doctoral para la obtenci\u00f3n del PH.D. en Psicolog\u00eda Escolar, en la Universidad de Pensilvania. El Dr. Su\u00e1rez ha sido muy estimado profesor de la Universidad Javeriana, y egresado de la misma.<\/p>\n","protected":false},"excerpt":{"rendered":"<p>Entre el 22 y el 26 de julio se celebr6, en Munich, el Primer Coloquio Mundial en Psicolog\u00eda Escolar, organizado por el Comit\u00e9 Internacional de Psicolog\u00eda Escolar y patrocinado por la Divisi\u00f3n 16 de la APA y por la Asociaci\u00f3n Americana de Psicolog\u00eda Escolar. Invitado por el Comit\u00e9 Internacional de Psicolog\u00eda Escolar, asisti\u00f3 el Dr. Gerardo Su\u00e1rez Rond\u00f3n. quien present\u00f3 un trabajo sobre manipulaci\u00f3n de estructuras cognoscitivas en los procesos de aprendizaje verbal. El Dr. Su\u00e1rez ha venido invest igando sobre dicho tema, con motivo de su disertaci\u00f3n doctoral para la obtenci\u00f3n del PH.D. en Psicolog\u00eda Escolar, en la Universidad de Pensilvania. El Dr. Su\u00e1rez ha sido muy estimado profesor de la Universidad Javeriana, y egresado de la misma.<\/p>\n","protected":false},"author":5,"featured_media":0,"comment_status":"closed","ping_status":"closed","sticky":false,"template":"","format":"standard","meta":{"footnotes":""},"categories":[51,59],"tags":[12394,12416,12417,12320,12415],"class_list":["post-14929","post","type-post","status-publish","format-standard","hentry","category-cultura","category-sociedad","tag-ano-14-no-574","tag-comite-internacional-de-psicologia-escolar","tag-dr-gerardo-suarez-rondon","tag-junio-1975","tag-primer-coloquio-mundial-en-psicologia-escolar"],"acf":[],"_links":{"self":[{"href":"https:\/\/www.javeriana.edu.co\/repositorio-hoy-en-la-javeriana\/wp-json\/wp\/v2\/posts\/14929","targetHints":{"allow":["GET"]}}],"collection":[{"href":"https:\/\/www.javeriana.edu.co\/repositorio-hoy-en-la-javeriana\/wp-json\/wp\/v2\/posts"}],"about":[{"href":"https:\/\/www.javeriana.edu.co\/repositorio-hoy-en-la-javeriana\/wp-json\/wp\/v2\/types\/post"}],"author":[{"embeddable":true,"href":"https:\/\/www.javeriana.edu.co\/repositorio-hoy-en-la-javeriana\/wp-json\/wp\/v2\/users\/5"}],"replies":[{"embeddable":true,"href":"https:\/\/www.javeriana.edu.co\/repositorio-hoy-en-la-javeriana\/wp-json\/wp\/v2\/comments?post=14929"}],"version-history":[{"count":1,"href":"https:\/\/www.javeriana.edu.co\/repositorio-hoy-en-la-javeriana\/wp-json\/wp\/v2\/posts\/14929\/revisions"}],"predecessor-version":[{"id":14930,"href":"https:\/\/www.javeriana.edu.co\/repositorio-hoy-en-la-javeriana\/wp-json\/wp\/v2\/posts\/14929\/revisions\/14930"}],"wp:attachment":[{"href":"https:\/\/www.javeriana.edu.co\/repositorio-hoy-en-la-javeriana\/wp-json\/wp\/v2\/media?parent=14929"}],"wp:term":[{"taxonomy":"category","embeddable":true,"href":"https:\/\/www.javeriana.edu.co\/repositorio-hoy-en-la-javeriana\/wp-json\/wp\/v2\/categories?post=14929"},{"taxonomy":"post_tag","embeddable":true,"href":"https:\/\/www.javeriana.edu.co\/repositorio-hoy-en-la-javeriana\/wp-json\/wp\/v2\/tags?post=14929"}],"curies":[{"name":"wp","href":"https:\/\/api.w.org\/{rel}","templated":true}]}}