{"id":15045,"date":"1966-11-04T18:49:18","date_gmt":"1966-11-04T23:49:18","guid":{"rendered":"http:\/\/www.javeriana.edu.co\/hoy-en-la-javeriana?p=15045"},"modified":"2020-04-06T19:00:30","modified_gmt":"2020-04-07T00:00:30","slug":"la-copa-persa","status":"publish","type":"post","link":"https:\/\/www.javeriana.edu.co\/repositorio-hoy-en-la-javeriana\/la-copa-persa\/","title":{"rendered":"La copa persa"},"content":{"rendered":"<p>La Rector\u00eda de la Universidad Javeriana, considerando la magn\u00edfica labor desarrollada tanto por el profesor Rito A. Mantilla y su Se\u00f1ora, como por los integrantes del CEC, ha decidido obsequiar al Club una copa de plata persa, como trofeo y recuerdo del campeonato de los Clubes de Estudiantes Cantores en 1966. Esta entrega tendr\u00e1 lugar en Sasaima, el s\u00e1bado 5 noviembre, en donde los estudiarte:3 cantores ser\u00e1n agasajados por la Rector\u00eda con un almuerzo campestre.<\/p>\n","protected":false},"excerpt":{"rendered":"<p>La Rector\u00eda de la Universidad Javeriana, considerando la magn\u00edfica labor desarrollada tanto por el profesor Rito A. Mantilla y su Se\u00f1ora, como por los integrantes del CEC, ha decidido obsequiar al Club una copa de plata persa, como trofeo y recuerdo del campeonato de los Clubes de Estudiantes Cantores en 1966. Esta entrega tendr\u00e1 lugar en Sasaima, el s\u00e1bado 5 noviembre, en donde los estudiarte:3 cantores ser\u00e1n agasajados por la Rector\u00eda con un almuerzo campestre.<\/p>\n","protected":false},"author":1,"featured_media":1866,"comment_status":"closed","ping_status":"closed","sticky":false,"template":"","format":"standard","meta":{"footnotes":""},"categories":[105],"tags":[12609,7146,4104,12628,12610,8402,12360,2530],"class_list":["post-15045","post","type-post","status-publish","format-standard","has-post-thumbnail","hentry","category-institucional","tag-ano-6-n-55","tag-cec","tag-clubes-de-estudiantes-cantores","tag-la-copa-persa","tag-noviembre-1966","tag-rito-a-mantilla","tag-sasaima","tag-universidad-javeriana"],"acf":[],"_links":{"self":[{"href":"https:\/\/www.javeriana.edu.co\/repositorio-hoy-en-la-javeriana\/wp-json\/wp\/v2\/posts\/15045","targetHints":{"allow":["GET"]}}],"collection":[{"href":"https:\/\/www.javeriana.edu.co\/repositorio-hoy-en-la-javeriana\/wp-json\/wp\/v2\/posts"}],"about":[{"href":"https:\/\/www.javeriana.edu.co\/repositorio-hoy-en-la-javeriana\/wp-json\/wp\/v2\/types\/post"}],"author":[{"embeddable":true,"href":"https:\/\/www.javeriana.edu.co\/repositorio-hoy-en-la-javeriana\/wp-json\/wp\/v2\/users\/1"}],"replies":[{"embeddable":true,"href":"https:\/\/www.javeriana.edu.co\/repositorio-hoy-en-la-javeriana\/wp-json\/wp\/v2\/comments?post=15045"}],"version-history":[{"count":1,"href":"https:\/\/www.javeriana.edu.co\/repositorio-hoy-en-la-javeriana\/wp-json\/wp\/v2\/posts\/15045\/revisions"}],"predecessor-version":[{"id":15055,"href":"https:\/\/www.javeriana.edu.co\/repositorio-hoy-en-la-javeriana\/wp-json\/wp\/v2\/posts\/15045\/revisions\/15055"}],"wp:featuredmedia":[{"embeddable":true,"href":"https:\/\/www.javeriana.edu.co\/repositorio-hoy-en-la-javeriana\/wp-json\/wp\/v2\/media\/1866"}],"wp:attachment":[{"href":"https:\/\/www.javeriana.edu.co\/repositorio-hoy-en-la-javeriana\/wp-json\/wp\/v2\/media?parent=15045"}],"wp:term":[{"taxonomy":"category","embeddable":true,"href":"https:\/\/www.javeriana.edu.co\/repositorio-hoy-en-la-javeriana\/wp-json\/wp\/v2\/categories?post=15045"},{"taxonomy":"post_tag","embeddable":true,"href":"https:\/\/www.javeriana.edu.co\/repositorio-hoy-en-la-javeriana\/wp-json\/wp\/v2\/tags?post=15045"}],"curies":[{"name":"wp","href":"https:\/\/api.w.org\/{rel}","templated":true}]}}