{"id":15053,"date":"1975-04-22T18:29:30","date_gmt":"1975-04-22T23:29:30","guid":{"rendered":"http:\/\/www.javeriana.edu.co\/hoy-en-la-javeriana?p=15053"},"modified":"2020-04-06T19:52:12","modified_gmt":"2020-04-07T00:52:12","slug":"universidad-javeriana-cali","status":"publish","type":"post","link":"https:\/\/www.javeriana.edu.co\/repositorio-hoy-en-la-javeriana\/universidad-javeriana-cali\/","title":{"rendered":"UNIVERSIDAD JAVERIANA CALI"},"content":{"rendered":"<p>Al celebrar el 3 de octubre 01 primer lustro, al completar 5 a\u00f1os de dura labor, nos parece conveniente transcribir las palabras del P. Alfonso Borrero, S. J, Rector de la Universidad, en la ceremonia de los primeros grados. Vaya este aparte de su discurso como una felicitaci\u00f3n y un agradecimiento sincero,<\/p>\n<p>Aunque toda enumeraci\u00f3n conlleva omisiones inculpables, no puedo pasar por alto los nombres de quienes, en un momento, propiciaron un anhelo justo\u00a0 el P.Fernando Lar\u00f3n, S. J. a Rector de la Universidad Javeriana cuando el programa de Contadur\u00eda sali\u00f3 a la luz; a los doctores Bernardo Gait\u00e1n Mahecha Eduardo Hern\u00e1ndez. autoridades acad\u00e9micas cuando se sent\u00f3 la piedra angular; a los doctores Alvar o L\u00e1t,&#8217;iJa y Otto Gonz\u00e1lez, responsables mediatos del programa; a los Rectores del Colegio Berchrnans PP. Alfonso Carvajal, S. J. , y Alberto Guti\u00e9rrez, S. J.\u00bb cuya benevolencia y coraz\u00f3n no tuvieron l\u00edmite<\/p>\n<p>\u00abY qu\u00e9 hubiera sido de tan noble empe\u00f1o de no haber estado siempre alerta. estimulantes las figuras de los Doctores Gilberto Troncoso y del P. Antonio G\u00f3mez, S. J. , de Orlando David y Juan Guillermo Villegas\u00bb.<\/p>\n<p>&nbsp;<\/p>\n","protected":false},"excerpt":{"rendered":"<p>Al celebrar el 3 de octubre 01 primer lustro, al completar 5 a\u00f1os de dura labor, nos parece conveniente transcribir las palabras del P. Alfonso Borrero, S. J, Rector de la Universidad, en la ceremonia de los primeros grados. Vaya este aparte de su discurso como una felicitaci\u00f3n y un agradecimiento sincero, Aunque toda enumeraci\u00f3n conlleva omisiones inculpables, no puedo pasar por alto los nombres de quienes, en un momento, propiciaron un anhelo justo\u00a0 el P.Fernando Lar\u00f3n, S. J. a Rector de la Universidad Javeriana cuando el programa de Contadur\u00eda sali\u00f3 a la luz; a los doctores Bernardo Gait\u00e1n Mahecha Eduardo Hern\u00e1ndez. autoridades acad\u00e9micas cuando se sent\u00f3 la piedra angular; a los doctores Alvar o L\u00e1t,&#8217;iJa y Otto Gonz\u00e1lez, responsables[&hellip;]<\/p>\n","protected":false},"author":5,"featured_media":0,"comment_status":"closed","ping_status":"closed","sticky":false,"template":"","format":"standard","meta":{"footnotes":""},"categories":[105,59],"tags":[12633,12629,12631,12521,12630,12605,12068,12632],"class_list":["post-15053","post","type-post","status-publish","format-standard","hentry","category-institucional","category-sociedad","tag-ano-14-no-584","tag-doctores-gilberto-troncoso","tag-juan-guillermo-villegas","tag-octubre-1975","tag-orlando-david","tag-p-alfonso-borrero-s-j","tag-p-antonio-gomez-s-j","tag-p-fernando-laron-s-j"],"acf":[],"_links":{"self":[{"href":"https:\/\/www.javeriana.edu.co\/repositorio-hoy-en-la-javeriana\/wp-json\/wp\/v2\/posts\/15053","targetHints":{"allow":["GET"]}}],"collection":[{"href":"https:\/\/www.javeriana.edu.co\/repositorio-hoy-en-la-javeriana\/wp-json\/wp\/v2\/posts"}],"about":[{"href":"https:\/\/www.javeriana.edu.co\/repositorio-hoy-en-la-javeriana\/wp-json\/wp\/v2\/types\/post"}],"author":[{"embeddable":true,"href":"https:\/\/www.javeriana.edu.co\/repositorio-hoy-en-la-javeriana\/wp-json\/wp\/v2\/users\/5"}],"replies":[{"embeddable":true,"href":"https:\/\/www.javeriana.edu.co\/repositorio-hoy-en-la-javeriana\/wp-json\/wp\/v2\/comments?post=15053"}],"version-history":[{"count":1,"href":"https:\/\/www.javeriana.edu.co\/repositorio-hoy-en-la-javeriana\/wp-json\/wp\/v2\/posts\/15053\/revisions"}],"predecessor-version":[{"id":15056,"href":"https:\/\/www.javeriana.edu.co\/repositorio-hoy-en-la-javeriana\/wp-json\/wp\/v2\/posts\/15053\/revisions\/15056"}],"wp:attachment":[{"href":"https:\/\/www.javeriana.edu.co\/repositorio-hoy-en-la-javeriana\/wp-json\/wp\/v2\/media?parent=15053"}],"wp:term":[{"taxonomy":"category","embeddable":true,"href":"https:\/\/www.javeriana.edu.co\/repositorio-hoy-en-la-javeriana\/wp-json\/wp\/v2\/categories?post=15053"},{"taxonomy":"post_tag","embeddable":true,"href":"https:\/\/www.javeriana.edu.co\/repositorio-hoy-en-la-javeriana\/wp-json\/wp\/v2\/tags?post=15053"}],"curies":[{"name":"wp","href":"https:\/\/api.w.org\/{rel}","templated":true}]}}