{"id":15069,"date":"1975-04-26T22:32:03","date_gmt":"1975-04-27T03:32:03","guid":{"rendered":"http:\/\/www.javeriana.edu.co\/hoy-en-la-javeriana?p=15069"},"modified":"2020-04-06T22:35:20","modified_gmt":"2020-04-07T03:35:20","slug":"sernana-cultural-en-comunicacion","status":"publish","type":"post","link":"https:\/\/www.javeriana.edu.co\/repositorio-hoy-en-la-javeriana\/sernana-cultural-en-comunicacion\/","title":{"rendered":"Sernana cultural en comunicaci\u00f3n"},"content":{"rendered":"<p>El Dr. Elumberto Upegui, Director de la Radiodifusora Nacional, dict\u00f3 una conferencia sobre la situaci\u00f3n de la radio oficial y comercial. Ofreci\u00f3, asimismo, recibir alumnos que trabajen en programaci\u00f3n, para colaborar con las pr\u00e1cticas de la Facultad.<\/p>\n<p><span style=\"color: #000000\">Otras actividades:<\/span> presentaci\u00f3n de cantantes de la Facultad, proyecci\u00f3n de un audiovisual elaborado por un alumno de \u00daltimo a\u00f1o, interpretaci\u00f3n de m\u00fasica juvenil.<\/p>\n","protected":false},"excerpt":{"rendered":"<p>El Dr. Elumberto Upegui, Director de la Radiodifusora Nacional, dict\u00f3 una conferencia sobre la situaci\u00f3n de la radio oficial y comercial. Ofreci\u00f3, asimismo, recibir alumnos que trabajen en programaci\u00f3n, para colaborar con las pr\u00e1cticas de la Facultad. Otras actividades: presentaci\u00f3n de cantantes de la Facultad, proyecci\u00f3n de un audiovisual elaborado por un alumno de \u00daltimo a\u00f1o, interpretaci\u00f3n de m\u00fasica juvenil.<\/p>\n","protected":false},"author":5,"featured_media":0,"comment_status":"closed","ping_status":"closed","sticky":false,"template":"","format":"standard","meta":{"footnotes":""},"categories":[51,59],"tags":[12663,12664,12666,12661,12665,7677],"class_list":["post-15069","post","type-post","status-publish","format-standard","hentry","category-cultura","category-sociedad","tag-ano-14-no-586","tag-dr-elumberto-upegui","tag-interpretacion-de-musica-juvenil","tag-noviembre-1975","tag-proyeccion-de-un-audiovisual-elaborado-por-un-alumno-de-ultimo-ano","tag-radiodifusora-nacional"],"acf":[],"_links":{"self":[{"href":"https:\/\/www.javeriana.edu.co\/repositorio-hoy-en-la-javeriana\/wp-json\/wp\/v2\/posts\/15069","targetHints":{"allow":["GET"]}}],"collection":[{"href":"https:\/\/www.javeriana.edu.co\/repositorio-hoy-en-la-javeriana\/wp-json\/wp\/v2\/posts"}],"about":[{"href":"https:\/\/www.javeriana.edu.co\/repositorio-hoy-en-la-javeriana\/wp-json\/wp\/v2\/types\/post"}],"author":[{"embeddable":true,"href":"https:\/\/www.javeriana.edu.co\/repositorio-hoy-en-la-javeriana\/wp-json\/wp\/v2\/users\/5"}],"replies":[{"embeddable":true,"href":"https:\/\/www.javeriana.edu.co\/repositorio-hoy-en-la-javeriana\/wp-json\/wp\/v2\/comments?post=15069"}],"version-history":[{"count":1,"href":"https:\/\/www.javeriana.edu.co\/repositorio-hoy-en-la-javeriana\/wp-json\/wp\/v2\/posts\/15069\/revisions"}],"predecessor-version":[{"id":15070,"href":"https:\/\/www.javeriana.edu.co\/repositorio-hoy-en-la-javeriana\/wp-json\/wp\/v2\/posts\/15069\/revisions\/15070"}],"wp:attachment":[{"href":"https:\/\/www.javeriana.edu.co\/repositorio-hoy-en-la-javeriana\/wp-json\/wp\/v2\/media?parent=15069"}],"wp:term":[{"taxonomy":"category","embeddable":true,"href":"https:\/\/www.javeriana.edu.co\/repositorio-hoy-en-la-javeriana\/wp-json\/wp\/v2\/categories?post=15069"},{"taxonomy":"post_tag","embeddable":true,"href":"https:\/\/www.javeriana.edu.co\/repositorio-hoy-en-la-javeriana\/wp-json\/wp\/v2\/tags?post=15069"}],"curies":[{"name":"wp","href":"https:\/\/api.w.org\/{rel}","templated":true}]}}