{"id":15173,"date":"1976-04-01T18:30:43","date_gmt":"1976-04-01T23:30:43","guid":{"rendered":"http:\/\/www.javeriana.edu.co\/hoy-en-la-javeriana?p=15173"},"modified":"2020-04-09T18:47:21","modified_gmt":"2020-04-09T23:47:21","slug":"publicaciones-18","status":"publish","type":"post","link":"https:\/\/www.javeriana.edu.co\/repositorio-hoy-en-la-javeriana\/publicaciones-18\/","title":{"rendered":"PUBLICACIONES"},"content":{"rendered":"<p>&#8211; Acaba de aparecer la revista THEOLOGICA XAVERIANA, n\u00fameros 1-2 del a\u00f1o 1975<\/p>\n<p>&#8211; UNIVERSITAS MEDICA, publicaci\u00f3n de la Facultad de Medicina de la Universidad Javeriana: n\u00famero 1 del volumen XVIII. Enero Abri1 1976,<\/p>\n<p>&#8211; La Facultad de Estudios Interdisciplinarios. Programa de Investigaci\u00f3n y Tecnolog\u00eda Educativas Programa Universidad Abierta, ha publicado el volumen \u00abPROYECTO DE EDUCACION A DISTANCIA Ciclo: Validaci\u00f3n del modelo operante\u00bb.<\/p>\n<p>&#8211; El P, Enrique Neira, S- J. , Director del Departamento de Ciencias Religiosas acaba de publicar un nuevo libro de 262 p\u00e1ginas B titulado: \u00abDel \u00e1tomo a Omega: Teilhard de Chardin\u00bbL Es una presentaci\u00f3n \u00e1gil, moderna y pedag\u00f3gica del pensamiento cient\u00edfico: filos\u00f3fico y religioso de este sabio jesu\u00edta franc\u00e9s, que ha cambiado la imagen del mundo en los fi&#8217;jf.imos 20 a\u00f1os. El libro trata los siguientes temas: 1) hard de Chardin\u201e signo de nuestro tiempo. 2) Etapas biobr\u00e1fico-mentales de Teilhard. 3) Obras de Teilhard. 4) Una desconcertante metodolog\u00eda cient\u00edfica. 5) El marco evolucionista del pensamiento teiihardianor 6) Fenomenolog\u00eda teilhardiana; la gran ley de la evoluci\u00f3n % 7) La cosmog\u00e9nesis y la biog\u00e9nesis, 8) La antropog\u00e9nesis y el despliegue de la noosfera, 9) El punto Omega. 10) Cristo y la evoluci\u00f3n. 11) La Parus\u00eda o final de la evoluci\u00f3n- 12) Una energ\u00e9tica cristiana. 13) S\u00edntesis de la cosmovisi\u00f3n teilhardiana, 14) Materia y esp\u00edritu; angustia y optimismo en Teilhard. 15) Creaci\u00f3n y evoluci\u00f3n; origen del hombre y del alma; lo natural y lo sobrenatural. 16) Existencia <span lang=\"EN-US\">del mal y el pecado. 17) Amor, sexo y feminismo. 18) Personalismo y pante\u00edsmo, 19) Teilhard y Marx. 20) Teilhard entre dos siglos.<\/span><\/p>\n<p>Un juicio autorizado del libro lo acaba de dar el Director del Departamento de Filosof\u00eda de la Javeriana, Gerardo Remolina, S, J n, en los siguientes t\u00e9rminos:<\/p>\n<p>&#8216;La obra me parece extraordinariamente valiosa por las siguientes razones: 1) Presenta una visi\u00f3n muy clara y completa del pensamiento de L\u00e8llhard\u00f8 2) Est\u00e1 estructurada en forma ordenada, sencilla, profunda, casi dir\u00eda pedag\u00f3gicas 3) Plantea los problemas claves de la obra de T\u00e8ilhard, 4) Trata los temas en forma muy sugerente y vital. 5) Despeja los malentendidos y puntualiza las controversias. 6) Hace referencias muy amplias y ricas a otros autores, comentadores, opositores, con un manejo muy completo de la bibliograf\u00eda sobre 7) Compara frecuentemente el pensamiento de TeiLhard con el pensamiento Oficial de la Iglesia, 8) Presenta gr\u00e1ficas muy bien realizadas que sintetizan y hacen m\u00e1s asequible el pensamiento teilhardiano. En resumen: encuentro que es un magn\u00edfico instrumento para el conocimiento.<\/p>\n<p>Recomendamos el libro a todos los universitarios en b\u00fasqueda y especialmente a log profesores y estudiantes de Ciencias Biol\u00f3gicas, Ciencias Sociales y Humanas, y Ciencias Religiosas. Se vende en la Librer\u00eda del hall central a $ 150.00 ejemplar.<\/p>\n","protected":false},"excerpt":{"rendered":"<p>&#8211; Acaba de aparecer la revista THEOLOGICA XAVERIANA, n\u00fameros 1-2 del a\u00f1o 1975 &#8211; UNIVERSITAS MEDICA, publicaci\u00f3n de la Facultad de Medicina de la Universidad Javeriana: n\u00famero 1 del volumen XVIII. Enero Abri1 1976, &#8211; La Facultad de Estudios Interdisciplinarios. Programa de Investigaci\u00f3n y Tecnolog\u00eda Educativas Programa Universidad Abierta, ha publicado el volumen \u00abPROYECTO DE EDUCACION A DISTANCIA Ciclo: Validaci\u00f3n del modelo operante\u00bb. &#8211; El P, Enrique Neira, S- J. , Director del Departamento de Ciencias Religiosas acaba de publicar un nuevo libro de 262 p\u00e1ginas B titulado: \u00abDel \u00e1tomo a Omega: Teilhard de Chardin\u00bbL Es una presentaci\u00f3n \u00e1gil, moderna y pedag\u00f3gica del pensamiento cient\u00edfico: filos\u00f3fico y religioso de este sabio jesu\u00edta franc\u00e9s, que ha cambiado la imagen del mundo[&hellip;]<\/p>\n","protected":false},"author":5,"featured_media":0,"comment_status":"closed","ping_status":"closed","sticky":false,"template":"","format":"standard","meta":{"footnotes":""},"categories":[51,59],"tags":[12866,12854,12855,12856,12857,1056],"class_list":["post-15173","post","type-post","status-publish","format-standard","hentry","category-cultura","category-sociedad","tag-ano-15-no-596","tag-mayo-1976","tag-pensamiento-teilhardiano","tag-proyecto-de-educacion-a-distancia","tag-rograma-de-investigacion-y-tecnologia-educativas-programa-universidad-abierta","tag-theologica-xaveriana"],"acf":[],"_links":{"self":[{"href":"https:\/\/www.javeriana.edu.co\/repositorio-hoy-en-la-javeriana\/wp-json\/wp\/v2\/posts\/15173","targetHints":{"allow":["GET"]}}],"collection":[{"href":"https:\/\/www.javeriana.edu.co\/repositorio-hoy-en-la-javeriana\/wp-json\/wp\/v2\/posts"}],"about":[{"href":"https:\/\/www.javeriana.edu.co\/repositorio-hoy-en-la-javeriana\/wp-json\/wp\/v2\/types\/post"}],"author":[{"embeddable":true,"href":"https:\/\/www.javeriana.edu.co\/repositorio-hoy-en-la-javeriana\/wp-json\/wp\/v2\/users\/5"}],"replies":[{"embeddable":true,"href":"https:\/\/www.javeriana.edu.co\/repositorio-hoy-en-la-javeriana\/wp-json\/wp\/v2\/comments?post=15173"}],"version-history":[{"count":2,"href":"https:\/\/www.javeriana.edu.co\/repositorio-hoy-en-la-javeriana\/wp-json\/wp\/v2\/posts\/15173\/revisions"}],"predecessor-version":[{"id":15181,"href":"https:\/\/www.javeriana.edu.co\/repositorio-hoy-en-la-javeriana\/wp-json\/wp\/v2\/posts\/15173\/revisions\/15181"}],"wp:attachment":[{"href":"https:\/\/www.javeriana.edu.co\/repositorio-hoy-en-la-javeriana\/wp-json\/wp\/v2\/media?parent=15173"}],"wp:term":[{"taxonomy":"category","embeddable":true,"href":"https:\/\/www.javeriana.edu.co\/repositorio-hoy-en-la-javeriana\/wp-json\/wp\/v2\/categories?post=15173"},{"taxonomy":"post_tag","embeddable":true,"href":"https:\/\/www.javeriana.edu.co\/repositorio-hoy-en-la-javeriana\/wp-json\/wp\/v2\/tags?post=15173"}],"curies":[{"name":"wp","href":"https:\/\/api.w.org\/{rel}","templated":true}]}}