{"id":15175,"date":"1976-04-01T18:38:58","date_gmt":"1976-04-01T23:38:58","guid":{"rendered":"http:\/\/www.javeriana.edu.co\/hoy-en-la-javeriana?p=15175"},"modified":"2020-04-09T18:41:18","modified_gmt":"2020-04-09T23:41:18","slug":"actividades-del-medio-universitario-2","status":"publish","type":"post","link":"https:\/\/www.javeriana.edu.co\/repositorio-hoy-en-la-javeriana\/actividades-del-medio-universitario-2\/","title":{"rendered":"ACTIVIDADES DEL MEDIO UNIVERSITARIO"},"content":{"rendered":"<p>\u2014El Sector Cultural del Medio Universitario inaugur\u00f3, el d\u00eda 29 de abril, el II Sal\u00f3n Javeriano de Artes Pl\u00e1sticas, La exposici\u00f3n est\u00e1 abierta a todos, en el edificio de la Facultad de Enfermer\u00eda.<\/p>\n<p>-El Servicio de Asesor\u00eda Psicol\u00f3gica tiene \u00e9l gusto de ofrecer un Seminario de<u> Orientaci\u00f3n Profesional,<\/u> que se realizar\u00e1 en las siguientes fechas:<\/p>\n<p>Grupo A: del lunes 3 de mayo al mi\u00e9rcoles 26 de mayo. de 4 a 6 p.m. (lunes y mi\u00e9rcoles de cada)<\/p>\n<p>Grupo B: Del martes 4 de mayo al martes 2 de junio , de 2 a 4 p. m. (martes y jueves de cada semana).<\/p>\n<p>Este Seminario est\u00e1 especialmente dise\u00f1ado para estudiantes de primer a\u00f1o y de Cursos Libres, que desean reconsiderar con mayor madurez la elecci\u00f3n de una carrera en la cual no se sienten satisfactoriamente ubicados.<\/p>\n<p>Para poder atender a cada estudiante en forma personal, el cupo se ha limitado a 12 estudiantes por grupo. El curso consta de 8 sesiones de 2 horas cada una, lo cual da un total de 16 horas de trabajo intenso. Con cada alumno se tendr\u00e1 al menos una entrevista preliminar y otra al final, con el fin de discutir individualmente su caso.<\/p>\n","protected":false},"excerpt":{"rendered":"<p>\u2014El Sector Cultural del Medio Universitario inaugur\u00f3, el d\u00eda 29 de abril, el II Sal\u00f3n Javeriano de Artes Pl\u00e1sticas, La exposici\u00f3n est\u00e1 abierta a todos, en el edificio de la Facultad de Enfermer\u00eda. -El Servicio de Asesor\u00eda Psicol\u00f3gica tiene \u00e9l gusto de ofrecer un Seminario de Orientaci\u00f3n Profesional, que se realizar\u00e1 en las siguientes fechas: Grupo A: del lunes 3 de mayo al mi\u00e9rcoles 26 de mayo. de 4 a 6 p.m. (lunes y mi\u00e9rcoles de cada) Grupo B: Del martes 4 de mayo al martes 2 de junio , de 2 a 4 p. m. (martes y jueves de cada semana). Este Seminario est\u00e1 especialmente dise\u00f1ado para estudiantes de primer a\u00f1o y de Cursos Libres, que desean reconsiderar con[&hellip;]<\/p>\n","protected":false},"author":5,"featured_media":0,"comment_status":"closed","ping_status":"closed","sticky":false,"template":"","format":"standard","meta":{"footnotes":""},"categories":[39,51,59],"tags":[12849,12828,12861,621,12860,12859,12858],"class_list":["post-15175","post","type-post","status-publish","format-standard","hentry","category-academia","category-cultura","category-sociedad","tag-abril-1976","tag-ano-15-no-593","tag-cursos-libres","tag-facultad-de-enfermeria","tag-ii-salon-javeriano-de-artes-plasticas","tag-sector-cultural-del-medio-universitario","tag-seminario-de-orientacion-profesional"],"acf":[],"_links":{"self":[{"href":"https:\/\/www.javeriana.edu.co\/repositorio-hoy-en-la-javeriana\/wp-json\/wp\/v2\/posts\/15175","targetHints":{"allow":["GET"]}}],"collection":[{"href":"https:\/\/www.javeriana.edu.co\/repositorio-hoy-en-la-javeriana\/wp-json\/wp\/v2\/posts"}],"about":[{"href":"https:\/\/www.javeriana.edu.co\/repositorio-hoy-en-la-javeriana\/wp-json\/wp\/v2\/types\/post"}],"author":[{"embeddable":true,"href":"https:\/\/www.javeriana.edu.co\/repositorio-hoy-en-la-javeriana\/wp-json\/wp\/v2\/users\/5"}],"replies":[{"embeddable":true,"href":"https:\/\/www.javeriana.edu.co\/repositorio-hoy-en-la-javeriana\/wp-json\/wp\/v2\/comments?post=15175"}],"version-history":[{"count":1,"href":"https:\/\/www.javeriana.edu.co\/repositorio-hoy-en-la-javeriana\/wp-json\/wp\/v2\/posts\/15175\/revisions"}],"predecessor-version":[{"id":15176,"href":"https:\/\/www.javeriana.edu.co\/repositorio-hoy-en-la-javeriana\/wp-json\/wp\/v2\/posts\/15175\/revisions\/15176"}],"wp:attachment":[{"href":"https:\/\/www.javeriana.edu.co\/repositorio-hoy-en-la-javeriana\/wp-json\/wp\/v2\/media?parent=15175"}],"wp:term":[{"taxonomy":"category","embeddable":true,"href":"https:\/\/www.javeriana.edu.co\/repositorio-hoy-en-la-javeriana\/wp-json\/wp\/v2\/categories?post=15175"},{"taxonomy":"post_tag","embeddable":true,"href":"https:\/\/www.javeriana.edu.co\/repositorio-hoy-en-la-javeriana\/wp-json\/wp\/v2\/tags?post=15175"}],"curies":[{"name":"wp","href":"https:\/\/api.w.org\/{rel}","templated":true}]}}