{"id":15202,"date":"1976-08-01T16:24:18","date_gmt":"1976-08-01T21:24:18","guid":{"rendered":"http:\/\/www.javeriana.edu.co\/hoy-en-la-javeriana?p=15202"},"modified":"2020-04-10T16:27:02","modified_gmt":"2020-04-10T21:27:02","slug":"publicaciones-20","status":"publish","type":"post","link":"https:\/\/www.javeriana.edu.co\/repositorio-hoy-en-la-javeriana\/publicaciones-20\/","title":{"rendered":"PUBLICACIONES"},"content":{"rendered":"<p>&#8211; \u00abFe e interpretaciones de la fe &#8211; Hermen\u00e9utica\u00bb, es el t\u00edtulo de una obra que acaba de aparecer, por el P. Alberto Parra, S. J. , Profesor de Teolog\u00eda sistem\u00e1tica en la Facultad de Teolog\u00eda de la Universidad Javeriana.<\/p>\n<p>&#8211; El P. Alberto M\u00f3nera Duque, S. Je, Decano Acad\u00e9mico de la Facultad de Teolog\u00eda y Decano del Medio Universitario de la Facultad de Estudios Interdisciplinarios de la Universidad Javeriana, public\u00f3 la obra intitulada ti MORAL<\/p>\n<p>&#8211; Ha hecho la aparici\u00f3n la revista UNIVERSITAS, de la Facultad de Ciencias Jur\u00eddicas y Socioecon\u00f3micas, n\u00famero 50, de Junio de 1976.<\/p>\n","protected":false},"excerpt":{"rendered":"<p>&#8211; \u00abFe e interpretaciones de la fe &#8211; Hermen\u00e9utica\u00bb, es el t\u00edtulo de una obra que acaba de aparecer, por el P. Alberto Parra, S. J. , Profesor de Teolog\u00eda sistem\u00e1tica en la Facultad de Teolog\u00eda de la Universidad Javeriana. &#8211; El P. Alberto M\u00f3nera Duque, S. Je, Decano Acad\u00e9mico de la Facultad de Teolog\u00eda y Decano del Medio Universitario de la Facultad de Estudios Interdisciplinarios de la Universidad Javeriana, public\u00f3 la obra intitulada ti MORAL &#8211; Ha hecho la aparici\u00f3n la revista UNIVERSITAS, de la Facultad de Ciencias Jur\u00eddicas y Socioecon\u00f3micas, n\u00famero 50, de Junio de 1976.<\/p>\n","protected":false},"author":5,"featured_media":0,"comment_status":"closed","ping_status":"closed","sticky":false,"template":"","format":"standard","meta":{"footnotes":""},"categories":[51,59],"tags":[12914,12889,12888,12915,2416,12916,12913],"class_list":["post-15202","post","type-post","status-publish","format-standard","hentry","category-cultura","category-sociedad","tag-academico-de-la-facultad-de-teologia","tag-agosto-1976","tag-ano-15-no-599","tag-decano-del-medio-universitario-de-la-facultad-de-estudios-interdisciplinarios-de-la-universidad-javeriana","tag-facultad-de-ciencias-juridicas-y-socioeconomicas","tag-fe-e-interpretaciones-de-la-fe-hermeneutica","tag-p-alberto-parra-s-j"],"acf":[],"_links":{"self":[{"href":"https:\/\/www.javeriana.edu.co\/repositorio-hoy-en-la-javeriana\/wp-json\/wp\/v2\/posts\/15202","targetHints":{"allow":["GET"]}}],"collection":[{"href":"https:\/\/www.javeriana.edu.co\/repositorio-hoy-en-la-javeriana\/wp-json\/wp\/v2\/posts"}],"about":[{"href":"https:\/\/www.javeriana.edu.co\/repositorio-hoy-en-la-javeriana\/wp-json\/wp\/v2\/types\/post"}],"author":[{"embeddable":true,"href":"https:\/\/www.javeriana.edu.co\/repositorio-hoy-en-la-javeriana\/wp-json\/wp\/v2\/users\/5"}],"replies":[{"embeddable":true,"href":"https:\/\/www.javeriana.edu.co\/repositorio-hoy-en-la-javeriana\/wp-json\/wp\/v2\/comments?post=15202"}],"version-history":[{"count":1,"href":"https:\/\/www.javeriana.edu.co\/repositorio-hoy-en-la-javeriana\/wp-json\/wp\/v2\/posts\/15202\/revisions"}],"predecessor-version":[{"id":15203,"href":"https:\/\/www.javeriana.edu.co\/repositorio-hoy-en-la-javeriana\/wp-json\/wp\/v2\/posts\/15202\/revisions\/15203"}],"wp:attachment":[{"href":"https:\/\/www.javeriana.edu.co\/repositorio-hoy-en-la-javeriana\/wp-json\/wp\/v2\/media?parent=15202"}],"wp:term":[{"taxonomy":"category","embeddable":true,"href":"https:\/\/www.javeriana.edu.co\/repositorio-hoy-en-la-javeriana\/wp-json\/wp\/v2\/categories?post=15202"},{"taxonomy":"post_tag","embeddable":true,"href":"https:\/\/www.javeriana.edu.co\/repositorio-hoy-en-la-javeriana\/wp-json\/wp\/v2\/tags?post=15202"}],"curies":[{"name":"wp","href":"https:\/\/api.w.org\/{rel}","templated":true}]}}