{"id":15204,"date":"1976-08-01T16:27:05","date_gmt":"1976-08-01T21:27:05","guid":{"rendered":"http:\/\/www.javeriana.edu.co\/hoy-en-la-javeriana?p=15204"},"modified":"2020-04-10T16:30:19","modified_gmt":"2020-04-10T21:30:19","slug":"cursos-de-educacion-continuada-7","status":"publish","type":"post","link":"https:\/\/www.javeriana.edu.co\/repositorio-hoy-en-la-javeriana\/cursos-de-educacion-continuada-7\/","title":{"rendered":"CURSOS DE EDUCACI\u00d3N CONTINUADA"},"content":{"rendered":"<p>&#8211; El Hospital Universitario San Ignacio, Departamento de Cirug\u00eda, y las Sociedades de Gastroenterolog\u00eda Cirujanos Generales-Radiolog\u00eda y Medicina Interna, invitaron a las conferencias y demostraciones del Profesor Rodolfo Mazariello. sobre v\u00edas biliares y extracci\u00f3n de c\u00e1lculos residuales del col\u00e9doco, que tuvieron lugar los d\u00edas 29, 30 y 31 de julio, en el Hospital San Ignacio (primer piso).<\/p>\n<p>-La Universidad Javeriana, dentro de su programa de Cursos Libres (Decoraci\u00f3n de Interiores), ofrece dos cursos sobre estampado textil y dise\u00f1o b\u00e1sico, con duraci\u00f3n de un semestre. Matr\u00edculas los d\u00edas 26 a 29 de Julio, en el Sector Quinta Catalu\u00f1a, Tel. 459-937.<\/p>\n","protected":false},"excerpt":{"rendered":"<p>&#8211; El Hospital Universitario San Ignacio, Departamento de Cirug\u00eda, y las Sociedades de Gastroenterolog\u00eda Cirujanos Generales-Radiolog\u00eda y Medicina Interna, invitaron a las conferencias y demostraciones del Profesor Rodolfo Mazariello. sobre v\u00edas biliares y extracci\u00f3n de c\u00e1lculos residuales del col\u00e9doco, que tuvieron lugar los d\u00edas 29, 30 y 31 de julio, en el Hospital San Ignacio (primer piso). -La Universidad Javeriana, dentro de su programa de Cursos Libres (Decoraci\u00f3n de Interiores), ofrece dos cursos sobre estampado textil y dise\u00f1o b\u00e1sico, con duraci\u00f3n de un semestre. Matr\u00edculas los d\u00edas 26 a 29 de Julio, en el Sector Quinta Catalu\u00f1a, Tel. 459-937.<\/p>\n","protected":false},"author":5,"featured_media":0,"comment_status":"closed","ping_status":"closed","sticky":false,"template":"","format":"standard","meta":{"footnotes":""},"categories":[39,51,59],"tags":[12889,12888,12919,7702,170,5454,12917,4293,12918],"class_list":["post-15204","post","type-post","status-publish","format-standard","hentry","category-academia","category-cultura","category-sociedad","tag-agosto-1976","tag-ano-15-no-599","tag-decoracion-de-interiores","tag-departamento-de-cirugia","tag-hospital-san-ignacio","tag-medicina-interna","tag-profesor-rodolfo-mazariello","tag-radiologia","tag-sociedades-de-gastroenterologia-cirujanos-generales"],"acf":[],"_links":{"self":[{"href":"https:\/\/www.javeriana.edu.co\/repositorio-hoy-en-la-javeriana\/wp-json\/wp\/v2\/posts\/15204","targetHints":{"allow":["GET"]}}],"collection":[{"href":"https:\/\/www.javeriana.edu.co\/repositorio-hoy-en-la-javeriana\/wp-json\/wp\/v2\/posts"}],"about":[{"href":"https:\/\/www.javeriana.edu.co\/repositorio-hoy-en-la-javeriana\/wp-json\/wp\/v2\/types\/post"}],"author":[{"embeddable":true,"href":"https:\/\/www.javeriana.edu.co\/repositorio-hoy-en-la-javeriana\/wp-json\/wp\/v2\/users\/5"}],"replies":[{"embeddable":true,"href":"https:\/\/www.javeriana.edu.co\/repositorio-hoy-en-la-javeriana\/wp-json\/wp\/v2\/comments?post=15204"}],"version-history":[{"count":1,"href":"https:\/\/www.javeriana.edu.co\/repositorio-hoy-en-la-javeriana\/wp-json\/wp\/v2\/posts\/15204\/revisions"}],"predecessor-version":[{"id":15205,"href":"https:\/\/www.javeriana.edu.co\/repositorio-hoy-en-la-javeriana\/wp-json\/wp\/v2\/posts\/15204\/revisions\/15205"}],"wp:attachment":[{"href":"https:\/\/www.javeriana.edu.co\/repositorio-hoy-en-la-javeriana\/wp-json\/wp\/v2\/media?parent=15204"}],"wp:term":[{"taxonomy":"category","embeddable":true,"href":"https:\/\/www.javeriana.edu.co\/repositorio-hoy-en-la-javeriana\/wp-json\/wp\/v2\/categories?post=15204"},{"taxonomy":"post_tag","embeddable":true,"href":"https:\/\/www.javeriana.edu.co\/repositorio-hoy-en-la-javeriana\/wp-json\/wp\/v2\/tags?post=15204"}],"curies":[{"name":"wp","href":"https:\/\/api.w.org\/{rel}","templated":true}]}}