{"id":15256,"date":"1967-02-21T20:38:37","date_gmt":"1967-02-22T01:38:37","guid":{"rendered":"http:\/\/www.javeriana.edu.co\/hoy-en-la-javeriana?p=15256"},"modified":"2020-04-10T20:42:57","modified_gmt":"2020-04-11T01:42:57","slug":"apoyo-universitario-a-planadas","status":"publish","type":"post","link":"https:\/\/www.javeriana.edu.co\/repositorio-hoy-en-la-javeriana\/apoyo-universitario-a-planadas\/","title":{"rendered":"Apoyo universitario a Planadas"},"content":{"rendered":"<p>Los universitarios javerianos han reaccionado frente a la calamidad que, en d\u00edas pasados, azot\u00f3 a la poblaci\u00f3n de Planadas.<\/p>\n<p>Un grupo formado por representantes de diversas Facultades, viaj\u00f3 el viernes 17 a ese lugar, en compa\u00f1\u00eda del Dr. Patricio Samper, Coordinador de la Comisi\u00f3n Interdisciplinaria creada para tal efecto. El viaje tiene como finalidad hacer una evaluaci\u00f3n y programaci\u00f3n de la la-bor que se desarrollar\u00e1 posteriormente.<\/p>\n","protected":false},"excerpt":{"rendered":"<p>Los universitarios javerianos han reaccionado frente a la calamidad que, en d\u00edas pasados, azot\u00f3 a la poblaci\u00f3n de Planadas. Un grupo formado por representantes de diversas Facultades, viaj\u00f3 el viernes 17 a ese lugar, en compa\u00f1\u00eda del Dr. Patricio Samper, Coordinador de la Comisi\u00f3n Interdisciplinaria creada para tal efecto. El viaje tiene como finalidad hacer una evaluaci\u00f3n y programaci\u00f3n de la la-bor que se desarrollar\u00e1 posteriormente.<\/p>\n","protected":false},"author":1,"featured_media":1866,"comment_status":"closed","ping_status":"closed","sticky":false,"template":"","format":"standard","meta":{"footnotes":""},"categories":[59],"tags":[13000,13021,12999,6909,13022],"class_list":["post-15256","post","type-post","status-publish","format-standard","has-post-thumbnail","hentry","category-sociedad","tag-ano-7-n-01","tag-apoyo-universitario-a-planadas","tag-febrero-1967","tag-patricio-samper","tag-planadas"],"acf":[],"_links":{"self":[{"href":"https:\/\/www.javeriana.edu.co\/repositorio-hoy-en-la-javeriana\/wp-json\/wp\/v2\/posts\/15256","targetHints":{"allow":["GET"]}}],"collection":[{"href":"https:\/\/www.javeriana.edu.co\/repositorio-hoy-en-la-javeriana\/wp-json\/wp\/v2\/posts"}],"about":[{"href":"https:\/\/www.javeriana.edu.co\/repositorio-hoy-en-la-javeriana\/wp-json\/wp\/v2\/types\/post"}],"author":[{"embeddable":true,"href":"https:\/\/www.javeriana.edu.co\/repositorio-hoy-en-la-javeriana\/wp-json\/wp\/v2\/users\/1"}],"replies":[{"embeddable":true,"href":"https:\/\/www.javeriana.edu.co\/repositorio-hoy-en-la-javeriana\/wp-json\/wp\/v2\/comments?post=15256"}],"version-history":[{"count":1,"href":"https:\/\/www.javeriana.edu.co\/repositorio-hoy-en-la-javeriana\/wp-json\/wp\/v2\/posts\/15256\/revisions"}],"predecessor-version":[{"id":15267,"href":"https:\/\/www.javeriana.edu.co\/repositorio-hoy-en-la-javeriana\/wp-json\/wp\/v2\/posts\/15256\/revisions\/15267"}],"wp:featuredmedia":[{"embeddable":true,"href":"https:\/\/www.javeriana.edu.co\/repositorio-hoy-en-la-javeriana\/wp-json\/wp\/v2\/media\/1866"}],"wp:attachment":[{"href":"https:\/\/www.javeriana.edu.co\/repositorio-hoy-en-la-javeriana\/wp-json\/wp\/v2\/media?parent=15256"}],"wp:term":[{"taxonomy":"category","embeddable":true,"href":"https:\/\/www.javeriana.edu.co\/repositorio-hoy-en-la-javeriana\/wp-json\/wp\/v2\/categories?post=15256"},{"taxonomy":"post_tag","embeddable":true,"href":"https:\/\/www.javeriana.edu.co\/repositorio-hoy-en-la-javeriana\/wp-json\/wp\/v2\/tags?post=15256"}],"curies":[{"name":"wp","href":"https:\/\/api.w.org\/{rel}","templated":true}]}}