{"id":1570,"date":"1986-12-17T10:19:26","date_gmt":"1986-12-17T15:19:26","guid":{"rendered":"http:\/\/masifica.co\/hoyenlajaveriana\/?p=1570"},"modified":"2019-05-07T13:53:40","modified_gmt":"2019-05-07T18:53:40","slug":"en-comunicacion-social","status":"publish","type":"post","link":"https:\/\/www.javeriana.edu.co\/repositorio-hoy-en-la-javeriana\/en-comunicacion-social\/","title":{"rendered":"En Comunicaci\u00f3n Social"},"content":{"rendered":"<p>La Asociaci\u00f3n de Comunicadores Sociales Javerianos, en su encuentro anual, ofreci\u00f3 un homenaje a todos los comunicadores que fueron distinguidos con premios por su labor profesional; tuvo lugar el pasado 21 de noviembre en el Callej\u00f3n de San Diego.<\/p>\n<p>En esta foto aparecen de izquierda a derecha: Antonio Cacua Prada, Margarita Vidal, Ketty Cuello de Lizarazo, Francisco Gil Tovar (Ex-decano de la Facultad), Amparo Amaya, Gloria Cecilia G\u00f3mez, Germ\u00e1n Yanc\u00e9s. En la primera fila de izquierda a derecha; Gilma Gir\u00f3n Trujillo, Presidenta de la Asociaci\u00f3n y Amparo Cepeda.<\/p>\n","protected":false},"excerpt":{"rendered":"<p>La Asociaci\u00f3n de Comunicadores Sociales Javerianos, en su encuentro anual, ofreci\u00f3 un homenaje a todos los comunicadores que fueron distinguidos con premios por su labor profesional; tuvo lugar el pasado 21 de noviembre en el Callej\u00f3n de San Diego. En esta foto aparecen de izquierda a derecha: Antonio Cacua Prada, Margarita Vidal, Ketty Cuello de Lizarazo, Francisco Gil Tovar (Ex-decano de la Facultad), Amparo Amaya, Gloria Cecilia G\u00f3mez, Germ\u00e1n Yanc\u00e9s. En la primera fila de izquierda a derecha; Gilma Gir\u00f3n Trujillo, Presidenta de la Asociaci\u00f3n y Amparo Cepeda.<\/p>\n","protected":false},"author":1,"featured_media":1571,"comment_status":"closed","ping_status":"closed","sticky":false,"template":"","format":"standard","meta":{"footnotes":""},"categories":[105],"tags":[596,2427,2431,2423,2422,2299,2421,2426,2429,2430,2428,2425,2424],"class_list":["post-1570","post","type-post","status-publish","format-standard","has-post-thumbnail","hentry","category-institucional","tag-596","tag-amparo-amaya","tag-amparo-cepeda","tag-antonio-cacua-prada","tag-asociacion-de-comunicadores-sociales-javerianos","tag-diciembre-1986","tag-en-comunicacion-social","tag-francisco-gil-tovar","tag-german-yances","tag-gilma-giron-trujillo","tag-gloria-cecilia-gomez","tag-ketty-cuello-de-lizarazo","tag-margarita-vidal"],"acf":[],"_links":{"self":[{"href":"https:\/\/www.javeriana.edu.co\/repositorio-hoy-en-la-javeriana\/wp-json\/wp\/v2\/posts\/1570","targetHints":{"allow":["GET"]}}],"collection":[{"href":"https:\/\/www.javeriana.edu.co\/repositorio-hoy-en-la-javeriana\/wp-json\/wp\/v2\/posts"}],"about":[{"href":"https:\/\/www.javeriana.edu.co\/repositorio-hoy-en-la-javeriana\/wp-json\/wp\/v2\/types\/post"}],"author":[{"embeddable":true,"href":"https:\/\/www.javeriana.edu.co\/repositorio-hoy-en-la-javeriana\/wp-json\/wp\/v2\/users\/1"}],"replies":[{"embeddable":true,"href":"https:\/\/www.javeriana.edu.co\/repositorio-hoy-en-la-javeriana\/wp-json\/wp\/v2\/comments?post=1570"}],"version-history":[{"count":0,"href":"https:\/\/www.javeriana.edu.co\/repositorio-hoy-en-la-javeriana\/wp-json\/wp\/v2\/posts\/1570\/revisions"}],"wp:featuredmedia":[{"embeddable":true,"href":"https:\/\/www.javeriana.edu.co\/repositorio-hoy-en-la-javeriana\/wp-json\/wp\/v2\/media\/1571"}],"wp:attachment":[{"href":"https:\/\/www.javeriana.edu.co\/repositorio-hoy-en-la-javeriana\/wp-json\/wp\/v2\/media?parent=1570"}],"wp:term":[{"taxonomy":"category","embeddable":true,"href":"https:\/\/www.javeriana.edu.co\/repositorio-hoy-en-la-javeriana\/wp-json\/wp\/v2\/categories?post=1570"},{"taxonomy":"post_tag","embeddable":true,"href":"https:\/\/www.javeriana.edu.co\/repositorio-hoy-en-la-javeriana\/wp-json\/wp\/v2\/tags?post=1570"}],"curies":[{"name":"wp","href":"https:\/\/api.w.org\/{rel}","templated":true}]}}