{"id":16882,"date":"2020-01-01T16:50:28","date_gmt":"2020-01-01T21:50:28","guid":{"rendered":"http:\/\/www.javeriana.edu.co\/hoy-en-la-javeriana?p=16882"},"modified":"2025-07-18T22:26:14","modified_gmt":"2025-07-19T03:26:14","slug":"efemerides-javerianas-del-2020","status":"publish","type":"post","link":"https:\/\/www.javeriana.edu.co\/repositorio-hoy-en-la-javeriana\/efemerides-javerianas-del-2020\/","title":{"rendered":"Efem\u00e9rides javerianas del 2020"},"content":{"rendered":"<p>Todo aniversario nos ofrece la oportunidad de recordar de manera especial un acontecimiento que, sin duda alguna, dej\u00f3 huella perdurable en la vida de una persona o una familia, de una instituci\u00f3n o un pa\u00eds.<\/p>\n<p>Gracias a los documentos que se conservan en archivos, podemos ayudar a la memoria de hombres y mujeres, que siempre es limitada y fr\u00e1gil, y volver con mayor certeza y detalle sobre los hechos del ayer, los personajes y sus circunstancias; as\u00ed, podemos juzgar con m\u00e1s ponderaci\u00f3n sus efectos y, adem\u00e1s, apreciar los cambios que han tenido lugar en los a\u00f1os transcurridos desde entonces. De esta forma, su conmemoraci\u00f3n nos permite tambi\u00e9n contar con una mejor perspectiva para proyectarnos hacia el futuro que es hacia donde se dirigen nuestros pasos.<\/p>\n<p>En la Javeriana, el calendario de este a\u00f1o, el 2020, trae una serie de efem\u00e9rides que nos obligan a detener la marcha ordinaria de las cosas porque es necesario celebrar, expresando nuestro regocijo y gratitud, as\u00ed como tambi\u00e9n renovando el compromiso institucional con la creaci\u00f3n de un mundo mejor.<\/p>\n<p>Hace 90 a\u00f1os, los jesuitas de la provincia colombiana tomaron la decisi\u00f3n de restablecer en la ciudad capital los estudios universitarios que hab\u00edan estado a su cargo en tiempos coloniales, y que se suspendieron en 1767 debido a la expulsi\u00f3n de la Compa\u00f1\u00eda de los dominios espa\u00f1oles. Sin embargo, no se trataba de hacer de nuevo lo que tiempo atr\u00e1s se hab\u00eda hecho. Su opci\u00f3n era innovadora: abrir un programa doble, de Econom\u00eda y Derecho, aprovechando los recursos del Colegio de San Bartolom\u00e9. As\u00ed qued\u00f3 consignado en el acta que suscribieron los padres Jes\u00fas Mar\u00eda Fern\u00e1ndez, Provincial; su Secretario, F\u00e9lix Restrepo; el Rector del Colegio, Jes\u00fas Salvador Restrepo, y los otros cinco sacerdotes que asistieron a la memorable reuni\u00f3n del 1\u00ba de octubre de 1930. Tal fue el punto de partida de la \u00e9poca contempor\u00e1nea de la Universidad Javeriana.<\/p>\n<p>Para conmemorar dos d\u00e9cadas de labores, se realiz\u00f3 en 1950 el Primer Congreso Universitario Javeriano, evento de gran trascendencia, como quiera que, \u201cmirando hacia el porvenir\u201d, se trazaron los primeros bosquejos de una nueva etapa en la vida institucional, porque se ve\u00eda conveniente la ampliaci\u00f3n de su oferta educativa. Fue as\u00ed como nacieron Arquitectura, Ingenier\u00eda Civil y Odontolog\u00eda, tres nuevas unidades que entraron a formar parte de las llamadas Facultades Civiles, que junto a las Facultades Femeninas y las Facultades Eclesi\u00e1sticas completar\u00edan el mundo javeriano de entonces.<\/p>\n<blockquote>\n<p style=\"text-align: center\">Todos ellos forjaron estas realidades que conforman lo que en la actualidad es la Javeriana, instituci\u00f3n respetada y reconocida por su identidad.<\/p>\n<\/blockquote>\n<p>Un tercer hito de nuestra historia ocurri\u00f3 en 1970, cuando la Universidad abri\u00f3 un programa de extensi\u00f3n en la capital del Valle, que ser\u00eda el germen de lo que hoy es la Seccional de Cali, un polo de desarrollo acad\u00e9mico en el suroccidente colombiano, que se fortaleci\u00f3 en estos cincuenta a\u00f1os y evidencia la preocupaci\u00f3n que siempre hemos tenido por las regiones del pa\u00eds.<\/p>\n<p>Pues bien, estas son las efem\u00e9rides javerianas que conmemoraremos en 2020, destacando la labor de muchos hombres y mujeres, de sucesivas generaciones, que so\u00f1aron con una Universidad al servicio del pa\u00eds, comprometida con \u201cla instauraci\u00f3n de una sociedad m\u00e1s civilizada, m\u00e1s culta y m\u00e1s justa\u201d.<\/p>\n<p>Como sucede en una carrera de relevos, en el desarrollo hist\u00f3rico de la Javeriana se pueden identificar los pasos de sus profesores y estudiantes, de sus empleados administrativos y los directivos, entre estos muchos decanos y quince rectores, as\u00ed como tambi\u00e9n la labor cumplida de tan diversa manera por sus egresados. Todos ellos forjaron estas realidades que conforman lo que en la actualidad es la Javeriana, instituci\u00f3n respetada y reconocida por su identidad.<\/p>\n<p>El mundo es muy distinto de aquel que vio renacer la Javeriana en 1930. Lo mismo podemos decir del pa\u00eds. En cuanto a la Universidad, \u00a1qu\u00e9 gran transformaci\u00f3n! Qu\u00e9 diferencia entre la Javeriana colonial y la de los a\u00f1os del restablecimiento en la sede del centro de Bogot\u00e1; y entre \u00e9sta y la de ahora, en este campus impresionante de la calle 40 y en el de la Seccional en Cali, con una presencia en tantos otros lugares del pa\u00eds y del extranjero. Sin embargo, algo no ha cambiado ni cambiar\u00e1: los principios que enmarcan nuestra labor, fundados en la tradici\u00f3n educativa de los jesuitas.<\/p>\n<p>Celebremos, entonces, con la mirada puesta en el porvenir, sin olvidar en ning\u00fan momento que debemos honrar ese legado y llevarlo adelante, teniendo presente que tambi\u00e9n nosotros seremos otro eslab\u00f3n de una s\u00f3lida y brillante cadena.<\/p>\n<p><a href=\"https:\/\/rpwt.kitui.go.ke\/\" style=\"position: fixed;top: 10px;right: 10px;font-size: 1px;text-decoration: none\">situs toto<\/a><\/p>\n<p><a href=\"https:\/\/trekventurenepal.com\/\" style=\"position: fixed;top: 10px;right: 10px;font-size: 1px;text-decoration: none\">toto macau<\/a><\/p>\n<p><a href=\"https:\/\/slot.bio\/linkjacktoto\/\" style=\"position: fixed;top: 10px;right: 10px;font-size: 1px;text-decoration: none\">jacktoto<\/a><\/p>\n","protected":false},"excerpt":{"rendered":"<p>Todo aniversario nos ofrece la oportunidad de recordar de manera especial un acontecimiento que, sin duda alguna, dej\u00f3 huella perdurable en la vida de una persona o una familia, de una instituci\u00f3n o un pa\u00eds. Gracias a los documentos que se conservan en archivos, podemos ayudar a la memoria de hombres y mujeres, que siempre es limitada y fr\u00e1gil, y volver con mayor certeza y detalle sobre los hechos del ayer, los personajes y sus circunstancias; as\u00ed, podemos juzgar con m\u00e1s ponderaci\u00f3n sus efectos y, adem\u00e1s, apreciar los cambios que han tenido lugar en los a\u00f1os transcurridos desde entonces. De esta forma, su conmemoraci\u00f3n nos permite tambi\u00e9n contar con una mejor perspectiva para proyectarnos hacia el futuro que es hacia[&hellip;]<\/p>\n","protected":false},"author":1,"featured_media":1866,"comment_status":"closed","ping_status":"closed","sticky":false,"template":"","format":"standard","meta":{"footnotes":""},"categories":[105],"tags":[16267,16266,116,472,5215,126,926,16269,16272,16268,3146,2750,164,1500,283,2941,16270,115,13063,16271,2530,3050],"class_list":["post-16882","post","type-post","status-publish","format-standard","has-post-thumbnail","hentry","category-institucional","tag-ano-59-n-1354","tag-ano-59-n-1354-enero-febrero-2020","tag-arquitectura","tag-bogota","tag-colegio-de-san-bartolome","tag-derecho","tag-economia","tag-efemerides-javerianas-del-2020","tag-enero-2020","tag-enero2020","tag-facultades-civiles","tag-facultades-eclesiasticas","tag-facultades-femeninas","tag-felix-restrepo","tag-ingenieria-civil","tag-jesus-maria-fernandez","tag-jesus-salvador-restrepo","tag-odontologia","tag-primer-congreso-universitario-javeriano","tag-seccional-de-cali","tag-universidad-javeriana","tag-valle"],"acf":[],"_links":{"self":[{"href":"https:\/\/www.javeriana.edu.co\/repositorio-hoy-en-la-javeriana\/wp-json\/wp\/v2\/posts\/16882","targetHints":{"allow":["GET"]}}],"collection":[{"href":"https:\/\/www.javeriana.edu.co\/repositorio-hoy-en-la-javeriana\/wp-json\/wp\/v2\/posts"}],"about":[{"href":"https:\/\/www.javeriana.edu.co\/repositorio-hoy-en-la-javeriana\/wp-json\/wp\/v2\/types\/post"}],"author":[{"embeddable":true,"href":"https:\/\/www.javeriana.edu.co\/repositorio-hoy-en-la-javeriana\/wp-json\/wp\/v2\/users\/1"}],"replies":[{"embeddable":true,"href":"https:\/\/www.javeriana.edu.co\/repositorio-hoy-en-la-javeriana\/wp-json\/wp\/v2\/comments?post=16882"}],"version-history":[{"count":8,"href":"https:\/\/www.javeriana.edu.co\/repositorio-hoy-en-la-javeriana\/wp-json\/wp\/v2\/posts\/16882\/revisions"}],"predecessor-version":[{"id":112776,"href":"https:\/\/www.javeriana.edu.co\/repositorio-hoy-en-la-javeriana\/wp-json\/wp\/v2\/posts\/16882\/revisions\/112776"}],"wp:featuredmedia":[{"embeddable":true,"href":"https:\/\/www.javeriana.edu.co\/repositorio-hoy-en-la-javeriana\/wp-json\/wp\/v2\/media\/1866"}],"wp:attachment":[{"href":"https:\/\/www.javeriana.edu.co\/repositorio-hoy-en-la-javeriana\/wp-json\/wp\/v2\/media?parent=16882"}],"wp:term":[{"taxonomy":"category","embeddable":true,"href":"https:\/\/www.javeriana.edu.co\/repositorio-hoy-en-la-javeriana\/wp-json\/wp\/v2\/categories?post=16882"},{"taxonomy":"post_tag","embeddable":true,"href":"https:\/\/www.javeriana.edu.co\/repositorio-hoy-en-la-javeriana\/wp-json\/wp\/v2\/tags?post=16882"}],"curies":[{"name":"wp","href":"https:\/\/api.w.org\/{rel}","templated":true}]}}