{"id":17088,"date":"2017-02-01T17:02:39","date_gmt":"2017-02-01T22:02:39","guid":{"rendered":"http:\/\/www.javeriana.edu.co\/hoy-en-la-javeriana?p=17088"},"modified":"2020-06-11T19:34:15","modified_gmt":"2020-06-12T00:34:15","slug":"es-una-buena-noticia","status":"publish","type":"post","link":"https:\/\/www.javeriana.edu.co\/repositorio-hoy-en-la-javeriana\/es-una-buena-noticia\/","title":{"rendered":"Es una buena noticia"},"content":{"rendered":"<p>Todos los d\u00edas, gracias a peri\u00f3dicos y revistas, a la televisi\u00f3n y la radio, a las redes sociales, nos informamos sobre lo que est\u00e1 ocurriendo en el pa\u00eds y en el mundo. Con velocidad sorprendente, una noticia sucede a otra, y en este contexto, un hecho en particular, por muy importante que sea, f\u00e1cilmente puede pasar inadvertido o tener muy poco espacio. Los medios de comunicaci\u00f3n tienen sus criterios para destacar o no un suceso, elevarlo a la categor\u00eda de titular, -chiva, primicia o esc\u00e1ndalo-, comentarlo con mayor o menor despliegue, y en esta manera, controlar su impacto en la formaci\u00f3n de opini\u00f3n p\u00fablica. Recientemente, los esc\u00e1ndalos de corrupci\u00f3n que han indignado a los ciudadanos de varios pa\u00edses latinoamericanos, en los cuales se han visto involucradas numerosas figuras p\u00fablicas, han merecido gran despliegue. De esa forma, un acontecimiento extraordinario en la historia de Colombia, no ha logrado capturar la atenci\u00f3n del pa\u00eds y ser valorado en toda su magnitud. Se trata de la movilizaci\u00f3n de cerca de 6.900 guerrilleros, que con sus armas silenciadas, hace unas semanas se dirigieron a lugares determinados de la geograf\u00eda nacional, donde hoy se hallan concentrados, dando cumplimiento a los acuerdos suscritos entre el Gobierno y las FARC. Es un hecho digno de especial reconocimiento, sin que por ello se desconozcan y menosprecien las dificultades que enfrenta un proceso tan complejo, con el cual se pretende superar definitivamente una larga confrontaci\u00f3n armada. Sin la menor duda, podemos afirmar que es una buena noticia. Basta pensar en el n\u00famero de vidas que se han salvado, la mayor\u00eda de ellas de j\u00f3venes que forman en las filas de nuestras fuerzas militares y de polic\u00eda; o que ingresaron en la guerrilla a temprana edad. Estos compatriotas, entre ellos muchos ni\u00f1os reclutados por la insurgencia, pueden ahora contemplar el porvenir con otros ojos. Y qu\u00e9 decir del sufrimiento de sus familias, que en las nuevas circunstancias s\u00ed tienen la posibilidad de reunirse con ellos y ya no sienten la zozobra de saberlos en combate. De igual forma, los escasos recursos econ\u00f3micos con que cuentan para vivir tantas familias en el campo no quedan bajo la amenaza de saqueo y destrucci\u00f3n. Adem\u00e1s de estos imponderables beneficios que traen la desmovilizaci\u00f3n y la ausencia de hostilidades, se deben tener presente los logros en materia de seguridad para los ciudadanos, para su circulaci\u00f3n por las v\u00edas del pa\u00eds, especialmente en zonas alejadas de las ciudades. Asimismo, debe recordarse la nueva orientaci\u00f3n que puede hacerse de los fondos p\u00fablicos que ayer eran esenciales para enfrentar a los alzados en armas o reparar sus da\u00f1os a la infraestructura nacional. Claro que no se pueden desconocer los costos que implica el sostenimiento de esta transici\u00f3n y de los programas para la reinserci\u00f3n en la vida civil de estos ciudadanos que hicieron opci\u00f3n por la v\u00eda armada, desconociendo la ley, las instituciones y el orden social establecido. Indudablemente, hay temores y tambi\u00e9n desconfianza. Esto es comprensible teniendo en cuenta tanto los antecedentes como los intereses, a veces ocultos, de algunos actores de la vida nacional. No ser\u00e1 f\u00e1cil llevar a t\u00e9rmino lo relativo a la justicia transicional, con medidas de excepci\u00f3n que resultan controversiales; lo mismo que lo relativo al manejo de los bienes acumulados por la guerrilla y la lucha contra el narcotr\u00e1fico. En todo caso, no puede haber tregua para asegurar la presencia del Estado en esos territorios donde la autoridad p\u00fablica hab\u00eda perdido vigencia. Ahora bien, todos tenemos algo que aportar y mucho que aprender para que este proceso tenga los resultados esperados. Es imprescindible la buena voluntad, no solo de quienes suscribieron los acuerdos, sino de todos los ciudadanos, que deber\u00edamos dejar de lado aspiraciones personales e intereses partidistas que se agudizan por estos d\u00edas ante la proximidad de las elecciones presidenciales. No podemos olvidar que la construcci\u00f3n de una nueva realidad social, que no se puede plantear en t\u00e9rminos de una ciencia exacta, con variables controladas y precisi\u00f3n matem\u00e1tica, exige una evaluaci\u00f3n continua, con prudencia, sin triunfalismos, para poder reconocer los desaciertos y procurar enmendarlos. Es necesario entonces que reconozcamos, por una parte, el valor monumental del paso que hemos dado en Colombia, -porque tan solo es un paso-, para dejar atr\u00e1s el pa\u00eds que se hab\u00eda acostumbrado a la guerra; y por otra, el enorme esfuerzo que debemos hacer para avanzar en esta nueva direcci\u00f3n. Todos debemos renovar el compromiso decidido con la sociedad incluyente y democr\u00e1tica, solidaria, donde sea posible convivir tranquilamente. S\u00ed, el reto es inmenso, pero bien vale la pena seguir apost\u00e1ndole a la paz.<\/p>\n","protected":false},"excerpt":{"rendered":"<p>Todos los d\u00edas, gracias a peri\u00f3dicos y revistas, a la televisi\u00f3n y la radio, a las redes sociales, nos informamos sobre lo que est\u00e1 ocurriendo en el pa\u00eds y en el mundo. Con velocidad sorprendente, una noticia sucede a otra, y en este contexto, un hecho en particular, por muy importante que sea, f\u00e1cilmente puede pasar inadvertido o tener muy poco espacio. Los medios de comunicaci\u00f3n tienen sus criterios para destacar o no un suceso, elevarlo a la categor\u00eda de titular, -chiva, primicia o esc\u00e1ndalo-, comentarlo con mayor o menor despliegue, y en esta manera, controlar su impacto en la formaci\u00f3n de opini\u00f3n p\u00fablica. Recientemente, los esc\u00e1ndalos de corrupci\u00f3n que han indignado a los ciudadanos de varios pa\u00edses latinoamericanos, en[&hellip;]<\/p>\n","protected":false},"author":5,"featured_media":0,"comment_status":"closed","ping_status":"closed","sticky":false,"template":"","format":"standard","meta":{"footnotes":""},"categories":[1],"tags":[16264,16640,16641],"class_list":["post-17088","post","type-post","status-publish","format-standard","hentry","category-destacado","tag-ano-56","tag-enero-febrero-2017","tag-nro-1324"],"acf":[],"_links":{"self":[{"href":"https:\/\/www.javeriana.edu.co\/repositorio-hoy-en-la-javeriana\/wp-json\/wp\/v2\/posts\/17088","targetHints":{"allow":["GET"]}}],"collection":[{"href":"https:\/\/www.javeriana.edu.co\/repositorio-hoy-en-la-javeriana\/wp-json\/wp\/v2\/posts"}],"about":[{"href":"https:\/\/www.javeriana.edu.co\/repositorio-hoy-en-la-javeriana\/wp-json\/wp\/v2\/types\/post"}],"author":[{"embeddable":true,"href":"https:\/\/www.javeriana.edu.co\/repositorio-hoy-en-la-javeriana\/wp-json\/wp\/v2\/users\/5"}],"replies":[{"embeddable":true,"href":"https:\/\/www.javeriana.edu.co\/repositorio-hoy-en-la-javeriana\/wp-json\/wp\/v2\/comments?post=17088"}],"version-history":[{"count":2,"href":"https:\/\/www.javeriana.edu.co\/repositorio-hoy-en-la-javeriana\/wp-json\/wp\/v2\/posts\/17088\/revisions"}],"predecessor-version":[{"id":17105,"href":"https:\/\/www.javeriana.edu.co\/repositorio-hoy-en-la-javeriana\/wp-json\/wp\/v2\/posts\/17088\/revisions\/17105"}],"wp:attachment":[{"href":"https:\/\/www.javeriana.edu.co\/repositorio-hoy-en-la-javeriana\/wp-json\/wp\/v2\/media?parent=17088"}],"wp:term":[{"taxonomy":"category","embeddable":true,"href":"https:\/\/www.javeriana.edu.co\/repositorio-hoy-en-la-javeriana\/wp-json\/wp\/v2\/categories?post=17088"},{"taxonomy":"post_tag","embeddable":true,"href":"https:\/\/www.javeriana.edu.co\/repositorio-hoy-en-la-javeriana\/wp-json\/wp\/v2\/tags?post=17088"}],"curies":[{"name":"wp","href":"https:\/\/api.w.org\/{rel}","templated":true}]}}