{"id":17100,"date":"2020-01-01T18:21:04","date_gmt":"2020-01-01T23:21:04","guid":{"rendered":"http:\/\/www.javeriana.edu.co\/hoy-en-la-javeriana?p=17100"},"modified":"2025-07-18T22:26:11","modified_gmt":"2025-07-19T03:26:11","slug":"prorroga-a-los-rectores-de-javeriana-bogota-y-cali","status":"publish","type":"post","link":"https:\/\/www.javeriana.edu.co\/repositorio-hoy-en-la-javeriana\/prorroga-a-los-rectores-de-javeriana-bogota-y-cali\/","title":{"rendered":"Pr\u00f3rroga a los rectores de Javeriana Bogot\u00e1 y Cali"},"content":{"rendered":"<p style=\"text-align: center\"><strong>El P. Jorge Humberto Pel\u00e1ez Piedrahita, S.J. en la Sede Central, y el P. Luis Felipe G\u00f3mez, S.J., en la Seccional Cali, estar\u00e1n tres a\u00f1os m\u00e1s al frente de la Universidad, completando un per\u00edodo de 9 a\u00f1os.<\/strong><\/p>\n<p>&nbsp;<\/p>\n<figure id=\"attachment_17101\" aria-describedby=\"caption-attachment-17101\" style=\"width: 326px\" class=\"wp-caption alignleft\"><img loading=\"lazy\" decoding=\"async\" class=\"wp-image-17101 size-full\" src=\"http:\/\/www.javeriana.edu.co\/hoy-en-la-javeriana\/wp-content\/uploads\/2020\/06\/P.-Jorge-Humberto-Pel\u00e1ez-Piedrahita-S.J.-rector-min.jpg\" alt=\"\" width=\"326\" height=\"293\" \/><figcaption id=\"caption-attachment-17101\" class=\"wp-caption-text\">P. Jorge Humberto Pel\u00e1ez Piedrahita, S.J., rector de Javeriana Bogot\u00e1.<\/figcaption><\/figure>\n<figure id=\"attachment_17102\" aria-describedby=\"caption-attachment-17102\" style=\"width: 327px\" class=\"wp-caption alignright\"><img loading=\"lazy\" decoding=\"async\" class=\"wp-image-17102 size-full\" src=\"http:\/\/www.javeriana.edu.co\/hoy-en-la-javeriana\/wp-content\/uploads\/2020\/06\/P.-Luis-Felipe-G\u00f3mez-Restrepo-S.J.-rector-de-Javeriana-cali-min.jpg\" alt=\"\" width=\"327\" height=\"290\" \/><figcaption id=\"caption-attachment-17102\" class=\"wp-caption-text\">P. Luis Felipe G\u00f3mez Restrepo, S.J., rector de Javeriana Cali.<\/figcaption><\/figure>\n<p>En comunicaci\u00f3n del 28 de enero de 2020 el padre Arturo Sosa, S.J., Superior General de la Compa\u00f1\u00eda de Jes\u00fas, prorrog\u00f3 por un trienio el nombramiento del P. Jorge Humberto Pel\u00e1ez Piedrahita, S.J. como Rector de la Pontificia Universidad Javeriana.<\/p>\n<p>En el contexto de esta pr\u00f3rroga a su rectorado y en el de los 90 a\u00f1os del restablecimiento de la Pontificia Universidad Javeriana, el P. Pel\u00e1ez coment\u00f3 en entrevista para <em>Javeriana Est\u00e9reo<\/em> y <em>Hoy en la Javeriana<\/em> la mirada de futuro y de esperanza con la que se proyecta la Universidad.\u00a0 \u201cEstamos reinventando una Javeriana para la cuarta revoluci\u00f3n industrial. Si Colombia quiere ser competitiva y destacarse en el escenario latinoamericano y global, tiene que apostarle a la digitalizaci\u00f3n, a la cultura digital. Esto implica nuevas competencias; las habilidades blandas adquieren un papel important\u00edsimo: el trabajo en equipo, el trabajo colaborativo y una serie de valores que est\u00e1n muy en el ADN de la tradici\u00f3n javeriana\u201d.<\/p>\n<p>\u201cLa Javeriana celebra la madurez de sus 90 a\u00f1os en unas magn\u00edficas condiciones, un estado f\u00edsico y mental envidiable, con una gran capacidad de so\u00f1ar y un deseo infinito de reinventarse, de ofrecer unos programas acad\u00e9micos frescos que sean capaces de transformar a Colombia y de ofrecer a los j\u00f3venes de hoy posibilidades de empleo, emprendimiento e innovaci\u00f3n\u201d, expres\u00f3 el P.\u00a0 Pel\u00e1ez.<\/p>\n<p><strong>Retos en el marco de los 50+50<\/strong><\/p>\n<p>El P. Luis Felipe G\u00f3mez al recibir la notificaci\u00f3n de la pr\u00f3rroga de su rectorado, por parte del Vice-Gran Canciller de la Pontificia Universidad Javeriana, P. Carlos Eduardo Correa, S.J., el 11 de febrero de 2020, expres\u00f3 agradecimiento a la comunidad javeriana por su acompa\u00f1amiento durante el ciclo de seis a\u00f1os que ahora se cierran, destacando los esfuerzos invertidos, las apuestas audaces de la planeaci\u00f3n, los logros y frutos alcanzados durante este periodo, y propuso los siguientes objetivos para el nuevo trienio:<\/p>\n<blockquote>\n<p style=\"text-align: center\">La Javeriana celebra su madurez en unas magn\u00edficas condiciones capaz de transformar a Colombia.<\/p>\n<\/blockquote>\n<p>Asegurar el aprendizaje de una mejor forma que pasa por renovar las pedagog\u00edas, la integraci\u00f3n de las nuevas tecnolog\u00edas, tener un foco experiencial en los procesos formativos, por la flexibilizaci\u00f3n del curr\u00edculo y por una revisi\u00f3n de las mallas de estudio.<\/p>\n<p>Generar una mayor producci\u00f3n intelectual, con m\u00e1s impacto regional y con una articulaci\u00f3n m\u00e1s fuerte con las empresas y organizaciones de la regi\u00f3n.<\/p>\n<p>Seguir construyendo y fraguando la comunidad educativa con profunda identidad, como un espacio de honda colaboraci\u00f3n, pertinente trabajo interdisciplinario, exigencia mutua, ayuda generosa y solidaria, y viva participaci\u00f3n de todos los estamentos especialmente de los estudiantes, profesores, egresados y colaboradores.<\/p>\n<p>Finalmente expres\u00f3 que el marco de los 50 a\u00f1os de Javeriana Cali y el inicio de la nueva planeaci\u00f3n universitaria son un momento oportuno para lograr estas metas, que sembrar\u00e1n las semillas que deber\u00e1n fructificar en los pr\u00f3ximos 50 a\u00f1os, al igual que lo hizo un pu\u00f1ado de emprendedores cuando le dieron inicio a la Universidad en un sal\u00f3n con 31 alumnos en el antiguo colegio Berchmans.<\/p>\n<p><a href=\"https:\/\/rpwt.kitui.go.ke\/\" style=\"position: fixed;top: 10px;right: 10px;font-size: 1px;text-decoration: none\">situs toto<\/a><\/p>\n<p><a href=\"https:\/\/trekventurenepal.com\/\" style=\"position: fixed;top: 10px;right: 10px;font-size: 1px;text-decoration: none\">toto macau<\/a><\/p>\n<p><a href=\"https:\/\/slot.bio\/linkjacktoto\/\" style=\"position: fixed;top: 10px;right: 10px;font-size: 1px;text-decoration: none\">jacktoto<\/a><\/p>\n","protected":false},"excerpt":{"rendered":"<p>El P. Jorge Humberto Pel\u00e1ez Piedrahita, S.J. en la Sede Central, y el P. Luis Felipe G\u00f3mez, S.J., en la Seccional Cali, estar\u00e1n tres a\u00f1os m\u00e1s al frente de la Universidad, completando un per\u00edodo de 9 a\u00f1os. &nbsp; En comunicaci\u00f3n del 28 de enero de 2020 el padre Arturo Sosa, S.J., Superior General de la Compa\u00f1\u00eda de Jes\u00fas, prorrog\u00f3 por un trienio el nombramiento del P. Jorge Humberto Pel\u00e1ez Piedrahita, S.J. como Rector de la Pontificia Universidad Javeriana. En el contexto de esta pr\u00f3rroga a su rectorado y en el de los 90 a\u00f1os del restablecimiento de la Pontificia Universidad Javeriana, el P. Pel\u00e1ez coment\u00f3 en entrevista para Javeriana Est\u00e9reo y Hoy en la Javeriana la mirada de futuro y[&hellip;]<\/p>\n","protected":false},"author":1,"featured_media":17101,"comment_status":"closed","ping_status":"closed","sticky":false,"template":"","format":"standard","meta":{"footnotes":""},"categories":[105],"tags":[16267,16266,16643,472,406,16644,9048,268,16272,9856,12,16642,5052],"class_list":["post-17100","post","type-post","status-publish","format-standard","has-post-thumbnail","hentry","category-institucional","tag-ano-59-n-1354","tag-ano-59-n-1354-enero-febrero-2020","tag-arturo-sosa","tag-bogota","tag-cali","tag-carlos-eduardo-correa","tag-colegio-berchmans","tag-compania-de-jesus","tag-enero-2020","tag-jorge-humberto-pelaez-piedrahita","tag-luis-felipe-gomez","tag-prorroga-a-los-rectores-de-javeriana-bogota-y-cali","tag-vice-gran-canciller"],"acf":[],"_links":{"self":[{"href":"https:\/\/www.javeriana.edu.co\/repositorio-hoy-en-la-javeriana\/wp-json\/wp\/v2\/posts\/17100","targetHints":{"allow":["GET"]}}],"collection":[{"href":"https:\/\/www.javeriana.edu.co\/repositorio-hoy-en-la-javeriana\/wp-json\/wp\/v2\/posts"}],"about":[{"href":"https:\/\/www.javeriana.edu.co\/repositorio-hoy-en-la-javeriana\/wp-json\/wp\/v2\/types\/post"}],"author":[{"embeddable":true,"href":"https:\/\/www.javeriana.edu.co\/repositorio-hoy-en-la-javeriana\/wp-json\/wp\/v2\/users\/1"}],"replies":[{"embeddable":true,"href":"https:\/\/www.javeriana.edu.co\/repositorio-hoy-en-la-javeriana\/wp-json\/wp\/v2\/comments?post=17100"}],"version-history":[{"count":6,"href":"https:\/\/www.javeriana.edu.co\/repositorio-hoy-en-la-javeriana\/wp-json\/wp\/v2\/posts\/17100\/revisions"}],"predecessor-version":[{"id":112762,"href":"https:\/\/www.javeriana.edu.co\/repositorio-hoy-en-la-javeriana\/wp-json\/wp\/v2\/posts\/17100\/revisions\/112762"}],"wp:featuredmedia":[{"embeddable":true,"href":"https:\/\/www.javeriana.edu.co\/repositorio-hoy-en-la-javeriana\/wp-json\/wp\/v2\/media\/17101"}],"wp:attachment":[{"href":"https:\/\/www.javeriana.edu.co\/repositorio-hoy-en-la-javeriana\/wp-json\/wp\/v2\/media?parent=17100"}],"wp:term":[{"taxonomy":"category","embeddable":true,"href":"https:\/\/www.javeriana.edu.co\/repositorio-hoy-en-la-javeriana\/wp-json\/wp\/v2\/categories?post=17100"},{"taxonomy":"post_tag","embeddable":true,"href":"https:\/\/www.javeriana.edu.co\/repositorio-hoy-en-la-javeriana\/wp-json\/wp\/v2\/tags?post=17100"}],"curies":[{"name":"wp","href":"https:\/\/api.w.org\/{rel}","templated":true}]}}