{"id":17106,"date":"2017-02-01T19:34:25","date_gmt":"2017-02-02T00:34:25","guid":{"rendered":"http:\/\/www.javeriana.edu.co\/hoy-en-la-javeriana?p=17106"},"modified":"2020-06-11T19:43:16","modified_gmt":"2020-06-12T00:43:16","slug":"eduquemos-a-las-personas-para-una-ciudadania-ecologica-cardenal-peter-turkson","status":"publish","type":"post","link":"https:\/\/www.javeriana.edu.co\/repositorio-hoy-en-la-javeriana\/eduquemos-a-las-personas-para-una-ciudadania-ecologica-cardenal-peter-turkson\/","title":{"rendered":"\u201cEduquemos a las personas para una ciudadan\u00eda ecol\u00f3gica\u201d: Cardenal Peter Turkson"},"content":{"rendered":"<p>Tiene la misma fe en un mundo igualitario que Nelson Mandela, cree en el di\u00e1logo intercultural como Leopold Sedar Senghor, pero adem\u00e1s cree ciegamente en el intento del Papa Francisco en que debe haber un cambio para que la humanidad pueda seguir disfrutando del planeta, \u201cla Casa Com\u00fan\u201d de todos los seres vivos. Al igual que estos dos l\u00edderes africanos, el cardenal Peter Turkson, oriundo de Ghana y Prefecto del Dicasterio para el Servicio de Desarrollo Humano Integral para la Santa Sede, tiene la fe puesta en la Enc\u00edclica Laudato Si\u2019 que promueve el Vaticano y busca un cambio en la forma de pensar, vivir y actuar en nuestro planeta tierra. El Cardenal africano, en su paso por la Pontificia Universidad Javeriana, durante el cuarto seminario del Simposio Javeriano sobre la Carta Enc\u00edclica Laudato Si\u2019, manifest\u00f3 sus preocupaciones y conceptos alrededor de las transformaciones que necesita el mundo para asegurar su supervivencia. El evento se llev\u00f3 a cabo en el auditorio Alfonso Quintana, S.J. y fue presidido por el Rector de la Universidad, Padre Jorge Humberto Pel\u00e1ez Piedrahita, S.J., y por el Nuncio Apost\u00f3lico en Colombia, Ettore Balestrero. En el seminario tambi\u00e9n participaron como foristas Julio Carrizosa Uma\u00f1a, invitado externo y autoridad acad\u00e9mica de los temas ambientalistas; Andr\u00e9s Eter Rotisberger, Profesor Titular de la Facultad de Estudios Ambientales y Rurales; y el Padre Luis Guillermo Saraza Gallego, S.J., Decano de la Facultad de Teolog\u00eda. El moderador fue el Padre Vicente Dur\u00e1n Casas, S.J., ex Vicerrector Acad\u00e9mico de la Universidad, y la clausura estuvo a cargo del Padre Luis Alfonso Castellanos, S.J., Vicerrector del Medio Universitario.<\/p>\n<p style=\"text-align: center\"><strong>Las siete C <\/strong><\/p>\n<p>En su conferencia \u201cCiudadan\u00edas Ecol\u00f3gicas\u201d, Turkson habl\u00f3 sobre los tips que reflejan algunas caracter\u00edsticas fundamentales de la enc\u00edclica y que llam\u00f3 las 7 C, \u201cpara aquellos que no tengan tiempo de hacer una lectura de toda la enc\u00edclica\u201d. \u201cLa primera C es Continuidad: es una enc\u00edclica que cuando surgi\u00f3 en 2015 se present\u00f3 en la ONU y cada diplom\u00e1tico empez\u00f3 a decir que el Papa Francisco hab\u00eda escrito una enc\u00edclica sobre cambio clim\u00e1tico, y no, m\u00e1s bien la escribi\u00f3 sobre una econom\u00eda integral\u201d, dijo el Cardenal. Seg\u00fan explic\u00f3, este pensamiento viene desde el Papa Pablo VI cuando habl\u00f3 sobre el balance de los recursos de la creaci\u00f3n y nuestro desarrollo. Juan Pablo II lo tom\u00f3 y dedic\u00f3 un contenido completo sobre la ecolog\u00eda humana. Despu\u00e9s se escuch\u00f3 la conversi\u00f3n ecol\u00f3gica humana como una forma de corregir los abusos sobre el medio ambiente. El Papa Benedicto XVI habl\u00f3 de estas cosas a\u00f1adiendo la ecolog\u00eda social y la ecolog\u00eda de la paz. Ahora el Papa Francisco, continuando con este enriquecimiento de sus antecesores, habl\u00f3 de la econom\u00eda humana integral. La segunda C es la Colegialidad. Se trata de un documento que integra lo que han dicho las conferencias episcopales en todo el mundo, sobre la ecolog\u00eda y el medio ambiente. Conversaci\u00f3n es la tercera C. Para el cardenal Turkson el di\u00e1logo es una caracter\u00edstica crucial de esta enc\u00edclica. \u201cDebemos juntarnos hablando, dialogando para encontrar soluciones a estos problemas sobre el medio ambiente\u201d. \u201cLa cuarta C es Cuidado para la Creaci\u00f3n. El cuidado es m\u00e1s apasionado, es m\u00e1s del coraz\u00f3n, m\u00e1s profundo. Por eso el Papa nos invita a proteger lo creado, a discutir sobre c\u00f3mo cuidar la Casa Com\u00fan; es una conversi\u00f3n ecol\u00f3gica\u201d, se\u00f1ala el Cardenal africano. Como lo indica la Enc\u00edclica, es inevitable el cambio de vida de todos los habitantes del planeta, de los paradigmas tecnol\u00f3gicos. Es necesario cambiar las actitudes. \u201cLa forma de motivar a las personas para una conversi\u00f3n ecol\u00f3gica es lo que dice el Papa, eduquemos a las personas para una ciudadan\u00eda ecol\u00f3gica\u201d, seg\u00fan Turkson esto es lo que lleva a la quinta C, la Conversi\u00f3n ecol\u00f3gica. La sexta C es Ciudadan\u00eda Ecol\u00f3gica y el Papa Francisco lo se\u00f1ala como una toma de conciencia sobre \u201cla falta de conocimiento de nuestro origen com\u00fan, de nuestra pertenencia mutua, de nuestro futuro que debe ser compartido con todos\u201d. Al respecto el Cardenal se\u00f1ala que estamos perdiendo el sentido de nuestro futuro com\u00fan. Por esta raz\u00f3n hace una invitaci\u00f3n a reparar este d\u00e9ficit desde un marco antropol\u00f3gico para entender que nuestra creaci\u00f3n es la coexistencia. \u201cEl Papa no est\u00e1 invitando a reparar\u201d, se\u00f1ala. \u201cLa coexistencia es una vocaci\u00f3n humana, darle vida al humanismo. En la creaci\u00f3n Dios establece tres tipos de relaciones, las relaciones con Dios como creador, las relaciones entre nosotros en fraternidad y la hermandad que es la base de nuestra relaci\u00f3n\u201d. La \u00faltima C, seg\u00fan el cardenal Peter Turkson, es la Contemplaci\u00f3n. La enc\u00edclica empieza y termina con una oraci\u00f3n. Hay que aprender a admirar la naturaleza y a nosotros mismos como parte de ella. El Papa llama a una solidaridad global en la que cada acci\u00f3n es importante, sin importar que tan peque\u00f1a sea. \u201cLaudato Si\u2019 es un est\u00edmulo de esperanza para nuestro mundo que est\u00e1 al borde de un desastre ecol\u00f3gico. Cualquier lectura de la enc\u00edclica puede estimular la esperanza hacia una acci\u00f3n de compromiso para que el mundo evite una ca\u00edda, estimular un cambio de h\u00e1bitos, de actitudes para que la tierra sea un hogar com\u00fan\u201d, concluy\u00f3 el Cardenal.<\/p>\n","protected":false},"excerpt":{"rendered":"<p>Tiene la misma fe en un mundo igualitario que Nelson Mandela, cree en el di\u00e1logo intercultural como Leopold Sedar Senghor, pero adem\u00e1s cree ciegamente en el intento del Papa Francisco en que debe haber un cambio para que la humanidad pueda seguir disfrutando del planeta, \u201cla Casa Com\u00fan\u201d de todos los seres vivos. Al igual que estos dos l\u00edderes africanos, el cardenal Peter Turkson, oriundo de Ghana y Prefecto del Dicasterio para el Servicio de Desarrollo Humano Integral para la Santa Sede, tiene la fe puesta en la Enc\u00edclica Laudato Si\u2019 que promueve el Vaticano y busca un cambio en la forma de pensar, vivir y actuar en nuestro planeta tierra. El Cardenal africano, en su paso por la Pontificia[&hellip;]<\/p>\n","protected":false},"author":5,"featured_media":0,"comment_status":"closed","ping_status":"closed","sticky":false,"template":"","format":"standard","meta":{"footnotes":""},"categories":[1],"tags":[16264,16640,16641],"class_list":["post-17106","post","type-post","status-publish","format-standard","hentry","category-destacado","tag-ano-56","tag-enero-febrero-2017","tag-nro-1324"],"acf":[],"_links":{"self":[{"href":"https:\/\/www.javeriana.edu.co\/repositorio-hoy-en-la-javeriana\/wp-json\/wp\/v2\/posts\/17106","targetHints":{"allow":["GET"]}}],"collection":[{"href":"https:\/\/www.javeriana.edu.co\/repositorio-hoy-en-la-javeriana\/wp-json\/wp\/v2\/posts"}],"about":[{"href":"https:\/\/www.javeriana.edu.co\/repositorio-hoy-en-la-javeriana\/wp-json\/wp\/v2\/types\/post"}],"author":[{"embeddable":true,"href":"https:\/\/www.javeriana.edu.co\/repositorio-hoy-en-la-javeriana\/wp-json\/wp\/v2\/users\/5"}],"replies":[{"embeddable":true,"href":"https:\/\/www.javeriana.edu.co\/repositorio-hoy-en-la-javeriana\/wp-json\/wp\/v2\/comments?post=17106"}],"version-history":[{"count":3,"href":"https:\/\/www.javeriana.edu.co\/repositorio-hoy-en-la-javeriana\/wp-json\/wp\/v2\/posts\/17106\/revisions"}],"predecessor-version":[{"id":17109,"href":"https:\/\/www.javeriana.edu.co\/repositorio-hoy-en-la-javeriana\/wp-json\/wp\/v2\/posts\/17106\/revisions\/17109"}],"wp:attachment":[{"href":"https:\/\/www.javeriana.edu.co\/repositorio-hoy-en-la-javeriana\/wp-json\/wp\/v2\/media?parent=17106"}],"wp:term":[{"taxonomy":"category","embeddable":true,"href":"https:\/\/www.javeriana.edu.co\/repositorio-hoy-en-la-javeriana\/wp-json\/wp\/v2\/categories?post=17106"},{"taxonomy":"post_tag","embeddable":true,"href":"https:\/\/www.javeriana.edu.co\/repositorio-hoy-en-la-javeriana\/wp-json\/wp\/v2\/tags?post=17106"}],"curies":[{"name":"wp","href":"https:\/\/api.w.org\/{rel}","templated":true}]}}