{"id":17110,"date":"2017-02-01T19:43:22","date_gmt":"2017-02-02T00:43:22","guid":{"rendered":"http:\/\/www.javeriana.edu.co\/hoy-en-la-javeriana?p=17110"},"modified":"2020-06-11T19:50:00","modified_gmt":"2020-06-12T00:50:00","slug":"proyecto-de-investigacion-sobre-orquideas-en-cundinamarca","status":"publish","type":"post","link":"https:\/\/www.javeriana.edu.co\/repositorio-hoy-en-la-javeriana\/proyecto-de-investigacion-sobre-orquideas-en-cundinamarca\/","title":{"rendered":"Proyecto de investigaci\u00f3n sobre orqu\u00eddeas en Cundinamarca"},"content":{"rendered":"<p>Colombia cuenta con el mayor n\u00famero de especies de orqu\u00eddeas en el mundo. Seg\u00fan el Plan para el Estudio y la Conservaci\u00f3n de las Orqu\u00eddeas (2015), el pa\u00eds tiene aproximadamente 4.270 especies registradas, de las cuales 1.572 son exclusivas. Por su parte, la regi\u00f3n Andina posee la mayor cantidad de especies end\u00e9micas del pa\u00eds con un total de 944, cifra que representa el 78% de las especies end\u00e9micas registradas en Colombia. Ahora bien, las orqu\u00eddeas se han consolidado como un grupo muy popular y codiciado de plantas. Extractores, cultivadores, compradores y coleccionistas se han dejado cautivar por su variedad, colores, formas, tama\u00f1os y texturas. Sin embargo, dicha popularidad no ha sido del todo beneficiosa, por el contrario, ha revelado problem\u00e1ticas que han perjudicado algunas especies de orqu\u00eddeas. En zonas como Cundinamarca, donde abundan orqu\u00eddeas nativas y existe un importante comercio de las mismas, es com\u00fan encontrar un desconocimiento generalizado sobre su biolog\u00eda, distribuci\u00f3n y ecolog\u00eda. Tambi\u00e9n, es frecuente ver que las din\u00e1micas extractivas, tanto legales como ilegales, han tenido consecuencias devastadoras como la disminuci\u00f3n de las poblaciones silvestres de varias especies, y en otros casos, la extinci\u00f3n. Lo anterior sirvi\u00f3 como fundamento para el planteamiento del proyecto \u201cInvestigaci\u00f3n e innovaci\u00f3n tecnol\u00f3gica y apropiaci\u00f3n social del conocimiento cient\u00edfico de orqu\u00eddeas nativas de Cundinamarca\u201d. La iniciativa que busca generar un marco de acci\u00f3n para el conocimiento, conservaci\u00f3n y aprovechamiento sostenible de las orqu\u00eddeas fue presentada ante el Fondo de Ciencia, Tecnolog\u00eda e Innovaci\u00f3n del Sistema General de Regal\u00edas, donde obtuvo aprobaci\u00f3n y financiamiento con recursos de regal\u00edas. Desde varios frentes, la investigaci\u00f3n ha buscado disminuir la p\u00e9rdida de biodiversidad, innovar en el mercado de las orqu\u00eddeas y, por \u00faltimo, fortalecer la apropiaci\u00f3n y beneficio social del uso sostenible de estas flores en el departamento. Cabe se\u00f1alar que un componente esencial de este trabajo ha sido articular el conocimiento local y cient\u00edfico para as\u00ed poder \u201cincrementar la capacidad cient\u00edfica, tecnol\u00f3gica, de innovaci\u00f3n y de apropiaci\u00f3n social del conocimiento\u201d acerca de esta familia de plantas en Cundinamarca. La ejecuci\u00f3n del proyecto, cuya proyecci\u00f3n es de dos a\u00f1os y a\u00fan se encuentra en ejecuci\u00f3n, es coordinada por el Instituto de Investigaci\u00f3n de Recursos Biol\u00f3gicos Alexander von Humboldt, y cuenta con la participaci\u00f3n de la Pontificia Universidad Javeriana, el Jard\u00edn Bot\u00e1nico de Bogot\u00e1 Jos\u00e9 Celestino Mutis y la Corporaci\u00f3n Colombiana de Investigaci\u00f3n Agropecuaria (Corpoica). Adem\u00e1s, ha recibido asesor\u00eda de la Secretar\u00eda de Ciencia, Tecnolog\u00eda e Innovaci\u00f3n de la Gobernaci\u00f3n de Cundinamarca.<\/p>\n<p style=\"text-align: center\"><strong>Trabajo de campo<\/strong><\/p>\n<p>As\u00ed pues, entre las actividades desarrolladas hasta por el momento por los investigadores javerianos N\u00e9stor Garc\u00eda (investigador principal), Myreya Pinedo y Manuel Ruiz (co-investigadores), junto con un grupo de profesionales y estudiantes, todos pertenecientes al Departamento de Biolog\u00eda, se encuentra la recopilaci\u00f3n de informaci\u00f3n para la consolidaci\u00f3n de una base de datos sobre aspectos biol\u00f3gicos de las orqu\u00eddeas del departamento. Para esto se realiz\u00f3 un trabajo de campo en Fusagasug\u00e1, San Antonio del Tequendama y otros cuatro municipios, donde se identificaron las especies de orqu\u00eddeas nativas que han sido objeto de aprovechamiento comercial, y se gener\u00f3 un listado sobre ellas. Al final, se registraron 87 especies, de las cuales las m\u00e1s frecuente en los viveros son las catleyas (Cattleya trianae), las milt\u00f3nias (Miltoniopsis vexillaria) y los zapaticos (Phragmipedium longifolium). Muchas de estas plantas han sido extra\u00eddas del medio natural amenazando su existencia en los bosques. Luego, las fichas t\u00e9cnicas elaboradas para cada especie registrada se emplearon en la construcci\u00f3n de una cartilla dirigida a los viveristas de la zona, la cual se entreg\u00f3 en la socializaci\u00f3n de los resultados. Durante la actividad se cont\u00f3 con la participaci\u00f3n de 83 personas, 44 en San Antonio de Tequendama y 39 en Fusagasug\u00e1. Adem\u00e1s, se realiz\u00f3 tambi\u00e9n un taller sobre cultivo y manejo de orqu\u00eddeas al cual asistieron representantes de viveros, comerciantes, coleccionistas, autoridades regionales y ambientales, institutos de investigaci\u00f3n, universidades y jardines bot\u00e1nicos. Proyectos como este dejan ver que la biodiversidad es un recurso estrat\u00e9gico para el pa\u00eds y que su aprovechamiento debe basarse en los principios de sostenibilidad y equidad, como lo enfatiza el marco de la Pol\u00edtica Nacional para la Gesti\u00f3n Integral de la Biodiversidad y de los Servicios Ecosist\u00e9micos (2012). Igualmente, ponen en evidencia que el uso sostenible y el aprovechamiento de la flora pueden garantizar la conservaci\u00f3n de este recurso. De este modo, la consolidaci\u00f3n del aprovechamiento sostenible de las orqu\u00eddeas nativas de Cundinamarca puede generar el conocimiento base necesario para la identificaci\u00f3n y apropiaci\u00f3n de oportunidades, la evaluaci\u00f3n de alternativas para la comercializaci\u00f3n de nuevos productos sostenibles de biodiversidad, y la inclusi\u00f3n final en la cadena productiva y de mercado, lo cual es una oportunidad inmensa para la innovaci\u00f3n y el fomento del mercado nacional e internacional. Por \u00faltimo, la participaci\u00f3n de la Pontificia Universidad Javeriana en investigaciones de esta envergadura deja ver el compromiso que se tiene con la misi\u00f3n de ser una instituci\u00f3n integrada a un pa\u00eds de regiones. Como dice el investigador N\u00e9stor Garc\u00eda \u201clos proyectos de regal\u00edas tienen la ventaja de que pueden ser muy aplicables, y generar un impacto en la comunidad donde se implementan\u201d, adem\u00e1s \u201ces un reto incre\u00edble lograr integrar e impactar las regiones y no pensar \u00fanicamente en la generaci\u00f3n de productos acad\u00e9micos\u201d.<\/p>\n","protected":false},"excerpt":{"rendered":"<p>Colombia cuenta con el mayor n\u00famero de especies de orqu\u00eddeas en el mundo. Seg\u00fan el Plan para el Estudio y la Conservaci\u00f3n de las Orqu\u00eddeas (2015), el pa\u00eds tiene aproximadamente 4.270 especies registradas, de las cuales 1.572 son exclusivas. Por su parte, la regi\u00f3n Andina posee la mayor cantidad de especies end\u00e9micas del pa\u00eds con un total de 944, cifra que representa el 78% de las especies end\u00e9micas registradas en Colombia. Ahora bien, las orqu\u00eddeas se han consolidado como un grupo muy popular y codiciado de plantas. Extractores, cultivadores, compradores y coleccionistas se han dejado cautivar por su variedad, colores, formas, tama\u00f1os y texturas. Sin embargo, dicha popularidad no ha sido del todo beneficiosa, por el contrario, ha revelado problem\u00e1ticas[&hellip;]<\/p>\n","protected":false},"author":5,"featured_media":0,"comment_status":"closed","ping_status":"closed","sticky":false,"template":"","format":"standard","meta":{"footnotes":""},"categories":[1],"tags":[16264,16640,16641],"class_list":["post-17110","post","type-post","status-publish","format-standard","hentry","category-destacado","tag-ano-56","tag-enero-febrero-2017","tag-nro-1324"],"acf":[],"_links":{"self":[{"href":"https:\/\/www.javeriana.edu.co\/repositorio-hoy-en-la-javeriana\/wp-json\/wp\/v2\/posts\/17110","targetHints":{"allow":["GET"]}}],"collection":[{"href":"https:\/\/www.javeriana.edu.co\/repositorio-hoy-en-la-javeriana\/wp-json\/wp\/v2\/posts"}],"about":[{"href":"https:\/\/www.javeriana.edu.co\/repositorio-hoy-en-la-javeriana\/wp-json\/wp\/v2\/types\/post"}],"author":[{"embeddable":true,"href":"https:\/\/www.javeriana.edu.co\/repositorio-hoy-en-la-javeriana\/wp-json\/wp\/v2\/users\/5"}],"replies":[{"embeddable":true,"href":"https:\/\/www.javeriana.edu.co\/repositorio-hoy-en-la-javeriana\/wp-json\/wp\/v2\/comments?post=17110"}],"version-history":[{"count":2,"href":"https:\/\/www.javeriana.edu.co\/repositorio-hoy-en-la-javeriana\/wp-json\/wp\/v2\/posts\/17110\/revisions"}],"predecessor-version":[{"id":17112,"href":"https:\/\/www.javeriana.edu.co\/repositorio-hoy-en-la-javeriana\/wp-json\/wp\/v2\/posts\/17110\/revisions\/17112"}],"wp:attachment":[{"href":"https:\/\/www.javeriana.edu.co\/repositorio-hoy-en-la-javeriana\/wp-json\/wp\/v2\/media?parent=17110"}],"wp:term":[{"taxonomy":"category","embeddable":true,"href":"https:\/\/www.javeriana.edu.co\/repositorio-hoy-en-la-javeriana\/wp-json\/wp\/v2\/categories?post=17110"},{"taxonomy":"post_tag","embeddable":true,"href":"https:\/\/www.javeriana.edu.co\/repositorio-hoy-en-la-javeriana\/wp-json\/wp\/v2\/tags?post=17110"}],"curies":[{"name":"wp","href":"https:\/\/api.w.org\/{rel}","templated":true}]}}