{"id":17113,"date":"2017-02-01T19:50:05","date_gmt":"2017-02-02T00:50:05","guid":{"rendered":"http:\/\/www.javeriana.edu.co\/hoy-en-la-javeriana?p=17113"},"modified":"2020-06-11T19:56:42","modified_gmt":"2020-06-12T00:56:42","slug":"alvaro-davila-una-historia-de-goles-reestructuraciones-y-finanzas","status":"publish","type":"post","link":"https:\/\/www.javeriana.edu.co\/repositorio-hoy-en-la-javeriana\/alvaro-davila-una-historia-de-goles-reestructuraciones-y-finanzas\/","title":{"rendered":"\u00c1lvaro D\u00e1vila, una historia de goles, reestructuraciones y finanzas"},"content":{"rendered":"<p>La entrevista empez\u00f3 hablando de f\u00fatbol. Cuando lleg\u00f3 a su casa el fot\u00f3grafo de la Oficina de Informaci\u00f3n y Prensa, Carlos Prieto, quien trabaja en la Javeriana desde el a\u00f1o 1981, de inmediato \u00c1lvaro D\u00e1vila lo reconoci\u00f3 como uno de sus rivales en los partidos que se jugaban en la cancha de la Universidad. \u201cYo dur\u00e9 en la Javeriana de 1964 a 1992 y jugu\u00e9 f\u00fatbol todo ese tiempo, primero con el equipo de los estudiantes y luego con el de los empleados. Cuando era Decano entr\u00e9 a estudiar el posgrado en Ciencia Pol\u00edtica y dadas las normas pude jugar con la Universidad como estudiante hasta 1975. Luego me hice muy cercano a Alonso Rosas, que era el director de f\u00fatbol, y con \u00e9l logramos que los equipos de la Universidad jugaran en la Liga de Bogot\u00e1\u201d. El entrevistado, \u00c1lvaro D\u00e1vila Ladr\u00f3n de Guevara, fue uno de los decanos m\u00e1s j\u00f3venes que ha tenido la Pontificia Universidad Javeriana, a sus 27 a\u00f1os fue nombrado en este cargo en la Facultad de Ciencias Econ\u00f3micas y Sociales, pero como si fuera poco, despu\u00e9s, en el a\u00f1o 1975, se convirti\u00f3 en el primer Vicerrector Administrativo laico de la Universidad, cuando apenas contaba con 30 a\u00f1os. El tema del f\u00fatbol, una de sus mayores pasiones, sirvi\u00f3 para llamar la atenci\u00f3n sobre la falta de una persona que escriba la historia del deporte en la Javeriana. \u201cEsa es una historia que nunca nadie ha querido recoger. Curiosamente el deporte en la Javeriana, que ha sido muy importante, no ha tenido historiador, muy pocos saben que la Javeriana fue campeona nacional universitaria en Bogot\u00e1 en el a\u00f1o 1963 y que ah\u00ed jugaba, entre otros, el odont\u00f3logo Marino Kl\u00ednger, que luego fue delantero de Millonarios. La Universidad no son solo los rectores y los edificios, es tambi\u00e9n lo deportivo, lo cultural y el proceso de administrativo, que es muy interesante\u201d, afirm\u00f3. Record\u00f3 que \u00e9l estudi\u00f3 en la Javeriana por el f\u00fatbol. \u201cYo pas\u00e9 en la Nacional, pas\u00e9 en el Rosario, pero yo era muy amigo de un grupo de odont\u00f3logos que eran futbolistas todos, y ellos quer\u00edan que yo estudiara odontolog\u00eda para estar en el equipo con ellos, pero tampoco era tan bruto (risas), yo sab\u00eda que la odontolog\u00eda no era lo m\u00edo. Yo no sab\u00eda si estudiar Derecho o Econom\u00eda. Cuando me gradu\u00e9 del Bartolom\u00e9 Mayor, el d\u00eda que mataron a Kennedy, en 1963, me fui por la tarde para la Javeriana a inscribirme y en vez de irme para el segundo piso, donde estaba Derecho, me fui al tercero, y all\u00ed estaba el Padre Jaime Bernal, me pareci\u00f3 ch\u00e9vere y me present\u00e9\u201d. Antes exist\u00eda la Facultad de Ciencias Jur\u00eddicas y Econ\u00f3micas, y en 1963, en el rectorado del padre Jes\u00fas Emilio Ram\u00edrez, S.J., se separaron las dos facultades, la de Derecho y la de Econom\u00eda. Es decir, \u00c1lvaro D\u00e1vila form\u00f3 parte de la primera promoci\u00f3n de esa nueva Facultad. \u201cIniciamos en 1964 unos 50 estudiantes en el sal\u00f3n 319 del edificio central donde hicimos toda la carrera. Fueron decanos acad\u00e9micos m\u00edos Misael Pastrana Borrero, Guillermo Villaveces y Miguel \u00c1ngel Gonz\u00e1lez, y el decano de disciplina era el Padre Jaime Bernal, S.J.\u201d. Se gradu\u00f3 en abril de 1969 y lo llamaron a dictar clases como profesor de tiempo parcial en el Departamento de Econom\u00eda. A finales de 1970, Bernardo Gait\u00e1n Mahecha, que era en ese entonces Decano de la Facultad de Ciencias Econ\u00f3micas y Sociales, que conformaban Econom\u00eda, Trabajo Social y Sociolog\u00eda, lo nombr\u00f3 Director del Departamento de Econom\u00eda a partir de 1971. A sus 27 a\u00f1os, en 1972, el Padre Gerardo Arango, S.J., Provincial de la Compa\u00f1\u00eda de Jes\u00fas, lo nombra Decano de la Facultad encargado ante la renuncia de Gait\u00e1n Mahecha. Y simult\u00e1neamente Guillermo N\u00fa\u00f1ez Vergara, Director Financiero, lo nombr\u00f3 Director de Presupuesto. En noviembre de 1975, el Provincial lo nombra Director Administrativo y Financiero con categor\u00eda de Vicerrector y estuvo en el cargo hasta enero de 1986. Y a partir de ese momento fue miembro del Consejo de Regentes de la Universidad hasta 1992. \u201cMe toc\u00f3 vivir la etapa del nacimiento de una Facultad y luego uno de los procesos m\u00e1s importante que ha vivido la Universidad, que fue el cambio estatutario del Padre Borrero, que aclar\u00f3 las relaciones entre la Universidad y la Compa\u00f1\u00eda de Jes\u00fas y cre\u00f3 el Consejo de Regentes, d\u00e1ndole valor al laicado dentro de la estructura universitaria. El Padre Jes\u00fas Emilio Ram\u00edrez fue el gran comprador de tierras, eso fue una gran inversi\u00f3n, pero dej\u00f3 il\u00edquida a la Universidad. En esa \u00e9poca lleg\u00f3 una comisi\u00f3n de expertos conformada por Jaime Garc\u00eda Parra, Guillermo N\u00fa\u00f1ez Vergara y An\u00edbal Fern\u00e1ndez de Soto, que hicieron todo el estudio de reestructuraci\u00f3n financiera de la Universidad y del Hospital. Cuando llegu\u00e9 estaba en plena efervescencia todo ese cambio y me toc\u00f3 como Decano, como Director de Presupuesto y como Vicerrector\u201d. En Cali exist\u00eda en ese momento un programa de extensi\u00f3n de Contadur\u00eda P\u00fablica, que depend\u00eda de la Facultad, al que \u00c1lvaro D\u00e1vila visitaba como Director de Departamento una vez al mes. Exist\u00eda un programa nocturno de Relaciones Industriales que luego evolucion\u00f3 hacia Administrador de Empresas nocturno. Y adem\u00e1s Econom\u00eda pas\u00f3 de ser anual a semestral. \u201cEntonces me toc\u00f3 toda esa evoluci\u00f3n y la creaci\u00f3n de la que es ahora la Facultad de Ciencias Econ\u00f3micas y Administrativas\u201d. Entre an\u00e9cdotas e historias continu\u00f3 la entrevista durante una hora y media, con el f\u00fatbol en algunos momentos como columna vertebral de su relato, sobre todo cuando \u00c1lvaro D\u00e1vila recordaba personajes que fueron importantes en los procesos de los cuales fue protagonista, como Gilberto Troncoso, a quien recuerda como hincha furibundo del Am\u00e9rica, y quien tuvo mucho que ver en la creaci\u00f3n de la seccional de Cali. \u201cEl f\u00fatbol es muy importante en todo, lo que pasa es que no le paran bolas, eso me ayud\u00f3 a m\u00ed tremendamente para mi relaci\u00f3n con los dem\u00e1s en mi paso por la Javeriana\u201d.<\/p>\n","protected":false},"excerpt":{"rendered":"<p>La entrevista empez\u00f3 hablando de f\u00fatbol. Cuando lleg\u00f3 a su casa el fot\u00f3grafo de la Oficina de Informaci\u00f3n y Prensa, Carlos Prieto, quien trabaja en la Javeriana desde el a\u00f1o 1981, de inmediato \u00c1lvaro D\u00e1vila lo reconoci\u00f3 como uno de sus rivales en los partidos que se jugaban en la cancha de la Universidad. \u201cYo dur\u00e9 en la Javeriana de 1964 a 1992 y jugu\u00e9 f\u00fatbol todo ese tiempo, primero con el equipo de los estudiantes y luego con el de los empleados. Cuando era Decano entr\u00e9 a estudiar el posgrado en Ciencia Pol\u00edtica y dadas las normas pude jugar con la Universidad como estudiante hasta 1975. Luego me hice muy cercano a Alonso Rosas, que era el director de[&hellip;]<\/p>\n","protected":false},"author":5,"featured_media":0,"comment_status":"closed","ping_status":"closed","sticky":false,"template":"","format":"standard","meta":{"footnotes":""},"categories":[1],"tags":[16264,16640,16641],"class_list":["post-17113","post","type-post","status-publish","format-standard","hentry","category-destacado","tag-ano-56","tag-enero-febrero-2017","tag-nro-1324"],"acf":[],"_links":{"self":[{"href":"https:\/\/www.javeriana.edu.co\/repositorio-hoy-en-la-javeriana\/wp-json\/wp\/v2\/posts\/17113","targetHints":{"allow":["GET"]}}],"collection":[{"href":"https:\/\/www.javeriana.edu.co\/repositorio-hoy-en-la-javeriana\/wp-json\/wp\/v2\/posts"}],"about":[{"href":"https:\/\/www.javeriana.edu.co\/repositorio-hoy-en-la-javeriana\/wp-json\/wp\/v2\/types\/post"}],"author":[{"embeddable":true,"href":"https:\/\/www.javeriana.edu.co\/repositorio-hoy-en-la-javeriana\/wp-json\/wp\/v2\/users\/5"}],"replies":[{"embeddable":true,"href":"https:\/\/www.javeriana.edu.co\/repositorio-hoy-en-la-javeriana\/wp-json\/wp\/v2\/comments?post=17113"}],"version-history":[{"count":4,"href":"https:\/\/www.javeriana.edu.co\/repositorio-hoy-en-la-javeriana\/wp-json\/wp\/v2\/posts\/17113\/revisions"}],"predecessor-version":[{"id":17117,"href":"https:\/\/www.javeriana.edu.co\/repositorio-hoy-en-la-javeriana\/wp-json\/wp\/v2\/posts\/17113\/revisions\/17117"}],"wp:attachment":[{"href":"https:\/\/www.javeriana.edu.co\/repositorio-hoy-en-la-javeriana\/wp-json\/wp\/v2\/media?parent=17113"}],"wp:term":[{"taxonomy":"category","embeddable":true,"href":"https:\/\/www.javeriana.edu.co\/repositorio-hoy-en-la-javeriana\/wp-json\/wp\/v2\/categories?post=17113"},{"taxonomy":"post_tag","embeddable":true,"href":"https:\/\/www.javeriana.edu.co\/repositorio-hoy-en-la-javeriana\/wp-json\/wp\/v2\/tags?post=17113"}],"curies":[{"name":"wp","href":"https:\/\/api.w.org\/{rel}","templated":true}]}}