{"id":17118,"date":"2017-02-01T19:57:06","date_gmt":"2017-02-02T00:57:06","guid":{"rendered":"http:\/\/www.javeriana.edu.co\/hoy-en-la-javeriana?p=17118"},"modified":"2020-06-11T20:16:00","modified_gmt":"2020-06-12T01:16:00","slug":"maria-mccausland-comunicadora-cantante-y-sonadora","status":"publish","type":"post","link":"https:\/\/www.javeriana.edu.co\/repositorio-hoy-en-la-javeriana\/maria-mccausland-comunicadora-cantante-y-sonadora\/","title":{"rendered":"Mar\u00eda McCausland, comunicadora, cantante y so\u00f1adora"},"content":{"rendered":"<p>En octubre de 2015 se gradu\u00f3 como comunicadora social de la Pontificia Universidad Javeriana, carrera en la que tom\u00f3 materias electivas de la Facultad de Artes, que le sirvieron de complemento para empezar desde hace cuatro a\u00f1os una carrera musical, con logros tan importantes como alcanzar el puesto n\u00famero dos en iTunes en Colombia con la canci\u00f3n Queriendo sola. Actualmente est\u00e1 promocionando su \u00faltimo sencillo, que se llama <em>Vuelve a nacer<\/em>.<\/p>\n<p><strong>\u00bfPor qu\u00e9 decidi\u00f3 salir de Barranquilla para estudiar comunicaci\u00f3n en la Javeriana?<\/strong><\/p>\n<p>Mi mam\u00e1 es javeriana y estaba embarazada de m\u00ed cuando estudiaba ac\u00e1, es decir que pr\u00e1cticamente soy javeriana desde que estaba en la barriga. Eleg\u00ed comunicaci\u00f3n porque me encanta interactuar con la gente, el contacto, la investigaci\u00f3n, escribir, eso me mueve mucho. Mi mam\u00e1 tambi\u00e9n es comunicadora y en ese momento en que estaba decidiendo qu\u00e9 estudiar, ella estaba escribiendo un libro, entonces fueron como una cantidad de inspiraciones, as\u00ed que me vine para Bogot\u00e1 y me encant\u00f3, fue tal cual lo que yo me imaginaba, ten\u00eda como un poquito de todo con la libertad de las complementarias y las electivas, que fueron todas en m\u00fasica y artes esc\u00e9nicas, donde me dieron fundamentos desde la puesta en escena hasta fundamentaci\u00f3n te\u00f3rica en m\u00fasica.<\/p>\n<p><strong>\u00bfC\u00f3mo ha sido su proceso de crecimiento m\u00fasical?<\/strong><\/p>\n<p>En Barranquilla uno crece con el Carnaval, all\u00e1 la m\u00fasica y el arte tienen mucho que ver en tu vida, no es como cuando una persona va por primera vez a un concierto a los 14 a\u00f1os y ah\u00ed se enamora de la m\u00fasica, en el Carnaval desde peque\u00f1ita te est\u00e1n disfrazando, escuchas la tambora, desde chiquito uno empieza a crecer con esa cultura art\u00edstica. Fui reina infantil del Carnaval, a los 15 a\u00f1os protagonic\u00e9 en el colegio un musical y tres semestres despu\u00e9s de llegar a Bogot\u00e1 conoc\u00ed a Gabriel Llano, un m\u00e1nager que estaba buscando artistas nuevos, me reun\u00ed con \u00e9l y ah\u00ed comenz\u00f3 la bola de locura.<\/p>\n<p><strong> \u00bfY qu\u00e9 ha pasado en esos cuatro a\u00f1os de \u201clocura\u201d?<\/strong><\/p>\n<p>Ha sido un recorrido de exploraci\u00f3n, pero las canciones que m\u00e1s me ayudaron a comenzar fueron <em>Siempre supe<\/em> y<br \/>\n<em>Queriendo sola<\/em>, que fueron baladas pop, y ah\u00ed fue cuando comenc\u00e9 a ver cu\u00e1l era el trabajo que ten\u00eda que hacer y c\u00f3mo funcionaba el medio. Con <em>Siempre supe<\/em> alcanc\u00e9 a estar entre las canciones m\u00e1s sonadas de la radio y en iTunes Colombia y con eso cant\u00e9 en el Concurso Nacional de Belleza, me present\u00e9 dos a\u00f1os en Manizales Pop y en Pasi\u00f3n Caribe, en Barranquilla. Despu\u00e9s vino <em>Volverte a ver<\/em> y ahora estoy promocionando <em>Vuelve a nacer<\/em>, que es una canci\u00f3n pop, pero con una fusi\u00f3n de sonidos m\u00e1s Caribe, ya bailo entaconada cual reina de Carnaval, me ve mi familia y me dice \u201cah\u00ed est\u00e1 pintada\u201d.<\/p>\n","protected":false},"excerpt":{"rendered":"<p>En octubre de 2015 se gradu\u00f3 como comunicadora social de la Pontificia Universidad Javeriana, carrera en la que tom\u00f3 materias electivas de la Facultad de Artes, que le sirvieron de complemento para empezar desde hace cuatro a\u00f1os una carrera musical, con logros tan importantes como alcanzar el puesto n\u00famero dos en iTunes en Colombia con la canci\u00f3n Queriendo sola. Actualmente est\u00e1 promocionando su \u00faltimo sencillo, que se llama Vuelve a nacer. \u00bfPor qu\u00e9 decidi\u00f3 salir de Barranquilla para estudiar comunicaci\u00f3n en la Javeriana? Mi mam\u00e1 es javeriana y estaba embarazada de m\u00ed cuando estudiaba ac\u00e1, es decir que pr\u00e1cticamente soy javeriana desde que estaba en la barriga. Eleg\u00ed comunicaci\u00f3n porque me encanta interactuar con la gente, el contacto, la investigaci\u00f3n,[&hellip;]<\/p>\n","protected":false},"author":5,"featured_media":0,"comment_status":"closed","ping_status":"closed","sticky":false,"template":"","format":"standard","meta":{"footnotes":""},"categories":[1],"tags":[16264,16640,16641],"class_list":["post-17118","post","type-post","status-publish","format-standard","hentry","category-destacado","tag-ano-56","tag-enero-febrero-2017","tag-nro-1324"],"acf":[],"_links":{"self":[{"href":"https:\/\/www.javeriana.edu.co\/repositorio-hoy-en-la-javeriana\/wp-json\/wp\/v2\/posts\/17118","targetHints":{"allow":["GET"]}}],"collection":[{"href":"https:\/\/www.javeriana.edu.co\/repositorio-hoy-en-la-javeriana\/wp-json\/wp\/v2\/posts"}],"about":[{"href":"https:\/\/www.javeriana.edu.co\/repositorio-hoy-en-la-javeriana\/wp-json\/wp\/v2\/types\/post"}],"author":[{"embeddable":true,"href":"https:\/\/www.javeriana.edu.co\/repositorio-hoy-en-la-javeriana\/wp-json\/wp\/v2\/users\/5"}],"replies":[{"embeddable":true,"href":"https:\/\/www.javeriana.edu.co\/repositorio-hoy-en-la-javeriana\/wp-json\/wp\/v2\/comments?post=17118"}],"version-history":[{"count":2,"href":"https:\/\/www.javeriana.edu.co\/repositorio-hoy-en-la-javeriana\/wp-json\/wp\/v2\/posts\/17118\/revisions"}],"predecessor-version":[{"id":17120,"href":"https:\/\/www.javeriana.edu.co\/repositorio-hoy-en-la-javeriana\/wp-json\/wp\/v2\/posts\/17118\/revisions\/17120"}],"wp:attachment":[{"href":"https:\/\/www.javeriana.edu.co\/repositorio-hoy-en-la-javeriana\/wp-json\/wp\/v2\/media?parent=17118"}],"wp:term":[{"taxonomy":"category","embeddable":true,"href":"https:\/\/www.javeriana.edu.co\/repositorio-hoy-en-la-javeriana\/wp-json\/wp\/v2\/categories?post=17118"},{"taxonomy":"post_tag","embeddable":true,"href":"https:\/\/www.javeriana.edu.co\/repositorio-hoy-en-la-javeriana\/wp-json\/wp\/v2\/tags?post=17118"}],"curies":[{"name":"wp","href":"https:\/\/api.w.org\/{rel}","templated":true}]}}