{"id":17121,"date":"2017-02-01T20:16:19","date_gmt":"2017-02-02T01:16:19","guid":{"rendered":"http:\/\/www.javeriana.edu.co\/hoy-en-la-javeriana?p=17121"},"modified":"2020-06-11T20:22:00","modified_gmt":"2020-06-12T01:22:00","slug":"arte-en-el-tunel-paz-reconciliacion-y-perdon","status":"publish","type":"post","link":"https:\/\/www.javeriana.edu.co\/repositorio-hoy-en-la-javeriana\/arte-en-el-tunel-paz-reconciliacion-y-perdon\/","title":{"rendered":"Arte en el t\u00fanel: paz, reconciliaci\u00f3n y perd\u00f3n"},"content":{"rendered":"<p>A trav\u00e9s del arte urbano se logran manifestar necesidades, creencias, inconformidades y diferentes sentimientos que se gestan desde la cotidianidad, permitiendo que el p\u00fablico circundante sea admirador de estas obras. En Bogot\u00e1, el arte urbano tambi\u00e9n ha ganado su espacio. Encontramos murales de \u201cGuache\u201d, \u201cPez\u201d \u201cChanoir\u201d, que se unen a un colectivo an\u00f3nimo que permite que muchas paredes queden llenas de color y creatividad plasmando muchas veces un trabajo cr\u00edtico, incluyente y transformador. Un espacio privilegiado para los artistas urbanos ha sido el t\u00fanel que atraviesa la carrera s\u00e9ptima a la altura de la calle 40, pues es un lugar que cuenta con un gran p\u00fablico que transita diariamente y que puede llegar a inspirarse durante su transitar, con la creatividad presente en este lugar. Se le ha confiado al Centro Pastoral San Francisco Javier liderar y asumir el manejo de las iniciativas art\u00edsticas que puedan dar vida a uno de los muros transversales que all\u00ed se encuentran. En los \u00faltimos 3 a\u00f1os se han abierto convocatorias para que los artistas que deseen, puedan participar con sus propuestas, apoy\u00e1ndose en un tema central sugerido por el Centro y en sinton\u00eda con contextos actuales. Muchos de los postulantes son estudiantes de la Universidad Javeriana que refuerzan su vocaci\u00f3n y articulan su proyecto profesional con sus habilidades art\u00edsticas. Luego de un proceso de selecci\u00f3n de las obras de diferentes postulantes, se elige aquella que logre transmitir un mensaje claro y actual ante las situaciones que se viven en el pa\u00eds. Siempre, un artista diferente ha ganado la convocatoria. Para el 2017 el mural del t\u00fanel presenta sus im\u00e1genes centradas en el tema: Paz, reconciliaci\u00f3n y perd\u00f3n. Se espera que esta intervenci\u00f3n art\u00edstica pueda impregnar con fuerza y sentido los contextos universitario, ciudadano y de vida de los transe\u00fantes. Su creaci\u00f3n estuvo a cargo de Gabriel Henao, estudiante de Artes Visuales de la Javeriana, quien fue escogido junto a su grupo de artistas \u201cTaller Obra Negra\u201d para desarrollar la intervenci\u00f3n durante las primeras semanas de diciembre. Con estas im\u00e1genes el artista manifest\u00f3 su inter\u00e9s en expresar de manera metaf\u00f3rica, el mecanismo de deshumanizaci\u00f3n en que vive muchas veces el ser humano, para luego romperlo y humanizarse. Las m\u00e1scaras expresan la animalizaci\u00f3n para desvanecerse y dejar ver el rostro emp\u00e1tico del otro; pues considera que la reconciliaci\u00f3n solo ser\u00e1 posible, cuando se abandonen o transformen los imaginarios y representaciones que durante la guerra fueron gestadas, instauradas y normalizadas. Se espera que el nuevo mural suscite en quien pueda contemplarlo, el deseo de tener siempre presente en su acontecer diario la necesidad de que cada vez m\u00e1s caminemos hacia un mejor mundo para todos. Este es un aporte que se realiza de cara al logro de una sociedad m\u00e1s justa, sostenible, incluyente, democr\u00e1tica, solidaria y respetuosa de la dignidad humana.<\/p>\n","protected":false},"excerpt":{"rendered":"<p>A trav\u00e9s del arte urbano se logran manifestar necesidades, creencias, inconformidades y diferentes sentimientos que se gestan desde la cotidianidad, permitiendo que el p\u00fablico circundante sea admirador de estas obras. En Bogot\u00e1, el arte urbano tambi\u00e9n ha ganado su espacio. Encontramos murales de \u201cGuache\u201d, \u201cPez\u201d \u201cChanoir\u201d, que se unen a un colectivo an\u00f3nimo que permite que muchas paredes queden llenas de color y creatividad plasmando muchas veces un trabajo cr\u00edtico, incluyente y transformador. Un espacio privilegiado para los artistas urbanos ha sido el t\u00fanel que atraviesa la carrera s\u00e9ptima a la altura de la calle 40, pues es un lugar que cuenta con un gran p\u00fablico que transita diariamente y que puede llegar a inspirarse durante su transitar, con la[&hellip;]<\/p>\n","protected":false},"author":5,"featured_media":0,"comment_status":"closed","ping_status":"closed","sticky":false,"template":"","format":"standard","meta":{"footnotes":""},"categories":[1],"tags":[16264,16640,16641],"class_list":["post-17121","post","type-post","status-publish","format-standard","hentry","category-destacado","tag-ano-56","tag-enero-febrero-2017","tag-nro-1324"],"acf":[],"_links":{"self":[{"href":"https:\/\/www.javeriana.edu.co\/repositorio-hoy-en-la-javeriana\/wp-json\/wp\/v2\/posts\/17121","targetHints":{"allow":["GET"]}}],"collection":[{"href":"https:\/\/www.javeriana.edu.co\/repositorio-hoy-en-la-javeriana\/wp-json\/wp\/v2\/posts"}],"about":[{"href":"https:\/\/www.javeriana.edu.co\/repositorio-hoy-en-la-javeriana\/wp-json\/wp\/v2\/types\/post"}],"author":[{"embeddable":true,"href":"https:\/\/www.javeriana.edu.co\/repositorio-hoy-en-la-javeriana\/wp-json\/wp\/v2\/users\/5"}],"replies":[{"embeddable":true,"href":"https:\/\/www.javeriana.edu.co\/repositorio-hoy-en-la-javeriana\/wp-json\/wp\/v2\/comments?post=17121"}],"version-history":[{"count":2,"href":"https:\/\/www.javeriana.edu.co\/repositorio-hoy-en-la-javeriana\/wp-json\/wp\/v2\/posts\/17121\/revisions"}],"predecessor-version":[{"id":17123,"href":"https:\/\/www.javeriana.edu.co\/repositorio-hoy-en-la-javeriana\/wp-json\/wp\/v2\/posts\/17121\/revisions\/17123"}],"wp:attachment":[{"href":"https:\/\/www.javeriana.edu.co\/repositorio-hoy-en-la-javeriana\/wp-json\/wp\/v2\/media?parent=17121"}],"wp:term":[{"taxonomy":"category","embeddable":true,"href":"https:\/\/www.javeriana.edu.co\/repositorio-hoy-en-la-javeriana\/wp-json\/wp\/v2\/categories?post=17121"},{"taxonomy":"post_tag","embeddable":true,"href":"https:\/\/www.javeriana.edu.co\/repositorio-hoy-en-la-javeriana\/wp-json\/wp\/v2\/tags?post=17121"}],"curies":[{"name":"wp","href":"https:\/\/api.w.org\/{rel}","templated":true}]}}