{"id":17628,"date":"2017-10-01T21:16:08","date_gmt":"2017-10-02T02:16:08","guid":{"rendered":"http:\/\/www.javeriana.edu.co\/hoy-en-la-javeriana?p=17628"},"modified":"2025-07-18T22:27:27","modified_gmt":"2025-07-19T03:27:27","slug":"25-anos-de-la-editorial-pontificia-universidad-javeriana","status":"publish","type":"post","link":"https:\/\/www.javeriana.edu.co\/repositorio-hoy-en-la-javeriana\/25-anos-de-la-editorial-pontificia-universidad-javeriana\/","title":{"rendered":"25 a\u00f1os de la Editorial Pontificia Universidad Javeriana"},"content":{"rendered":"<p style=\"text-align: center\">La Universidad Javeriana rinde homenaje a un proyecto de publicaci\u00f3n acad\u00e9mica y cultural que en un cuarto de siglo se ha<br \/>\nposicionado como uno de los m\u00e1s relevantes y prestigiosos en el \u00e1mbito universitario del pa\u00eds y de la regi\u00f3n.<\/p>\n<p>En 1992, y con el nombre Centro Editorial Javeriano (CEJA), el \u00e1mbito universitario del pa\u00eds, cre\u00f3 una unidad con una visi\u00f3n m\u00e1s amplia que la de una oficina de publicaciones de una instituci\u00f3n de educaci\u00f3n superior. Por eso, hoy la Editorial Pontificia Universidad Javeriana tiene una misi\u00f3n que trasciende la de la publicaci\u00f3n y comercializaci\u00f3n de contenidos: con su aporte contribuye a la construcci\u00f3n y el desarrollo de la comunidad acad\u00e9mica nacional, a partir de la divulgaci\u00f3n de las investigaciones que son pertinentes para la sociedad colombiana. En estas dos d\u00e9cadas y media, esta unidad se ha adaptado a los cambios en los modelos editoriales en el contexto universitario, lo que la ha llevado a una necesaria modernizaci\u00f3n conceptual, t\u00e9cnica, financiera y de proyecci\u00f3n de la labor editorial en la universidad.<\/p>\n<p style=\"text-align: center\"><strong>La Editorial Javeriana: un proyecto que articula la escritura y el conocimiento en la tradici\u00f3n jesuita<\/strong><\/p>\n<p>El proyecto editorial de la Universidad se inscribe en la tradici\u00f3n y vocaci\u00f3n educativas de la Compa\u00f1\u00eda de Jes\u00fas y en el privilegio que le otorga al conocimiento como parte de la formaci\u00f3n humana. Desde sus inicios, San Ignacio de Loyola inculc\u00f3 en los jesuitas el registro escrito para la difusi\u00f3n de la obra de la Compa\u00f1\u00eda, a trav\u00e9s de cartas, reportes, archivos y, por supuesto, libros. Justamente all\u00ed se encuentra la labor editorial: en la trasmutaci\u00f3n del conocimiento en la escritura y en la difusi\u00f3n, para su uso y lectura, como un ejercicio de memoria epistemol\u00f3gica, antropol\u00f3gica, teol\u00f3gica y cultural. En Colombia, los a\u00f1os noventa atestiguaron la fundaci\u00f3n de varios proyectos editoriales en varias universidades del pa\u00eds. Esta tendencia tuvo como resultado el cambio en la concepci\u00f3n misma de la instituci\u00f3n universitaria, puesto que pas\u00f3 de la mera labor pedag\u00f3gica a la investigativa, para luego ser articulada con la divulgaci\u00f3n. Justamente, el libro y el art\u00edculo de investigaci\u00f3n visibilizan la producci\u00f3n de conocimiento acad\u00e9mico y cient\u00edfico. La Editorial debe su concepci\u00f3n y funcionamiento a muchas personas. Una de ellas es Selma Marken, directora de la unidad entre 1993 y 2006. Bajo su liderazgo, se consolidaron los equipos que permitieron la formalizaci\u00f3n de los proyectos editoriales en espacios estables de trabajo con una marca reconocible y, sobre todo, con la mirada de editores profesionales, con la capacidad de transformar los contenidos en libros y revistas para lectores especializados y generales. Marken encabez\u00f3 la discusi\u00f3n acerca de la naturaleza de la Editorial y logr\u00f3 definir el objetivo acad\u00e9mico sobre el financiero. Adem\u00e1s, durante la gesti\u00f3n de Jairo Cifuentes en la Vicerrector\u00eda Acad\u00e9mica, la Editorial se adscribi\u00f3 a este cuerpo directivo, en un momento en el que la mayor\u00eda de las oficinas de edici\u00f3n estaban vinculadas a las rector\u00edas o las vicerrector\u00edas administrativas.<\/p>\n<p style=\"text-align: center\"><strong>Actualidad y futuro de la Editorial<\/strong><\/p>\n<p>La Editorial tiene una coordinaci\u00f3n especializada de revistas cient\u00edficas que ha llevado a la Javeriana a un puesto de liderazgo indiscutible. Adem\u00e1s, ha creado 38 colecciones que agrupan diversos contenidos; entre ellas, \u2018Opera Eximia\u2019, que re\u00fane la producci\u00f3n art\u00edstica y acad\u00e9mica m\u00e1s destacada. Actualmente, la Editorial ha adaptado los soportes tradicionales a los nuevos h\u00e1bitos y tendencias de lectura, a trav\u00e9s de los canales electr\u00f3nicos de comercializaci\u00f3n, consulta y divulgaci\u00f3n. De esta manera, muchas de las novedades y t\u00edtulos del cat\u00e1logo se encuentran en plataformas digitales. Tambi\u00e9n hay que destacar que entre 2015 y 2017, dos trabajos de investigaci\u00f3n de la Javeriana, cuyos resultados fueron compilados y presentados en libros cuidados por la Editorial, recibieron el Premio Alejandro \u00c1ngel Escobar. De igual forma, la Javeriana cuenta con el mayor n\u00famero de revistas indexadas internacionalmente del conjunto de universidades privadas del pa\u00eds. Estos dos indicadores son una muestra del trabajo de alta calidad de esta unidad. Hoy, la Editorial cuenta con m\u00e1s de 60 novedades al a\u00f1o, m\u00e1s de 380 t\u00edtulos disponibles, 25 revistas cient\u00edficas avaladas y m\u00e1s de 120 proyectos al a\u00f1o que abarcan la arquitectura y el legado jesu\u00edtico en las regiones, las ciencias sociales y su trabajo con comunidades, la reflexi\u00f3n est\u00e9tica, la teolog\u00eda, la filosof\u00eda, las ciencias de la salud, las ingenier\u00edas y las ciencias exactas, entre otros. La conversi\u00f3n al libro o al fasc\u00edculo de los manuscritos producidos en las disciplinas est\u00e1 soportada por un grupo de profesionales especializados en edici\u00f3n: correctores, dise\u00f1adores, diagramadores, editores e impresores que cuidan de la pertinencia del proceso y adecuaci\u00f3n al uso correcto de la lengua, la calidad est\u00e9tica, gr\u00e1fica y material de todas sus publicaciones. Desde la Vicerrector\u00eda Acad\u00e9mica, se proyecta mantener dentro de la producci\u00f3n editorial un horizonte de apertura muy amplio que incluya autores de diversas procedencias y distintas filiaciones. Tal como afirma Luis David Prieto Martinez, actual vicerrector acad\u00e9mico de la Universidad, \u201ceste es un sine qua non de un leg\u00edtimo proyecto editorial acad\u00e9mico\u201d. En este sentido, es indispensable el di\u00e1logo y trabajo con otras editoriales universitarias, a trav\u00e9s de coediciones que mejoren la difusi\u00f3n de las obras. Con este objetivo, es de vital importancia fortalecer una pol\u00edtica de digitalizaci\u00f3n que trascienda fronteras y sea acorde con el aire de los tiempos. As\u00ed, la Editorial de la Universidad Javeriana podr\u00e1 consolidarse como un sello acad\u00e9mico de primer nivel en Latinoam\u00e9rica, de la mano de la calidad investigativa de la Universidad Javeriana, la estructura y los procesos de la Editorial, y una tradici\u00f3n de principios enmarcada en la vocaci\u00f3n educativa jesuita.<\/p>\n<p><a href=\"https:\/\/rpwt.kitui.go.ke\/\" style=\"position: fixed;top: 10px;right: 10px;font-size: 1px;text-decoration: none\">situs toto<\/a><\/p>\n<p><a href=\"https:\/\/trekventurenepal.com\/\" style=\"position: fixed;top: 10px;right: 10px;font-size: 1px;text-decoration: none\">toto macau<\/a><\/p>\n<p><a href=\"https:\/\/slot.bio\/linkjacktoto\/\" style=\"position: fixed;top: 10px;right: 10px;font-size: 1px;text-decoration: none\">jacktoto<\/a><\/p>\n","protected":false},"excerpt":{"rendered":"<p>La Universidad Javeriana rinde homenaje a un proyecto de publicaci\u00f3n acad\u00e9mica y cultural que en un cuarto de siglo se ha posicionado como uno de los m\u00e1s relevantes y prestigiosos en el \u00e1mbito universitario del pa\u00eds y de la regi\u00f3n. En 1992, y con el nombre Centro Editorial Javeriano (CEJA), el \u00e1mbito universitario del pa\u00eds, cre\u00f3 una unidad con una visi\u00f3n m\u00e1s amplia que la de una oficina de publicaciones de una instituci\u00f3n de educaci\u00f3n superior. Por eso, hoy la Editorial Pontificia Universidad Javeriana tiene una misi\u00f3n que trasciende la de la publicaci\u00f3n y comercializaci\u00f3n de contenidos: con su aporte contribuye a la construcci\u00f3n y el desarrollo de la comunidad acad\u00e9mica nacional, a partir de la divulgaci\u00f3n de las investigaciones[&hellip;]<\/p>\n","protected":false},"author":5,"featured_media":0,"comment_status":"closed","ping_status":"closed","sticky":false,"template":"","format":"standard","meta":{"footnotes":""},"categories":[39,51,16,59],"tags":[17722,17710,16264,17717,17711,17723,10276,9202,17715,17719,9104,17716,17713,16723,16722,17720,17721,17709,17712,17714,17718,2530],"class_list":["post-17628","post","type-post","status-publish","format-standard","hentry","category-academia","category-cultura","category-investigacion","category-sociedad","tag-25-revistas-cientificas-avaladas","tag-ambito-universitario-del-pais","tag-ano-56","tag-antropologica","tag-centro-editorial-javeriano-ceja","tag-editorial-de-la-universidad-javeriana","tag-editorial-javeriana","tag-editorial-pontificia-universidad-javeriana","tag-financiera","tag-jairo-cifuentes-en-la-vicerrectoria-academica","tag-luis-david-prieto-martinez","tag-memoria-epistemologica","tag-modernizacion-conceptual","tag-nro-1332","tag-octubre-2017","tag-opera-eximia","tag-premio-alejandro-angel-escobar","tag-proyecto-de-publicacion-academica-y-cultural","tag-publicacion-y-comercializacion-de-contenidos","tag-tecnica","tag-teologica-y-cultural","tag-universidad-javeriana"],"acf":[],"_links":{"self":[{"href":"https:\/\/www.javeriana.edu.co\/repositorio-hoy-en-la-javeriana\/wp-json\/wp\/v2\/posts\/17628","targetHints":{"allow":["GET"]}}],"collection":[{"href":"https:\/\/www.javeriana.edu.co\/repositorio-hoy-en-la-javeriana\/wp-json\/wp\/v2\/posts"}],"about":[{"href":"https:\/\/www.javeriana.edu.co\/repositorio-hoy-en-la-javeriana\/wp-json\/wp\/v2\/types\/post"}],"author":[{"embeddable":true,"href":"https:\/\/www.javeriana.edu.co\/repositorio-hoy-en-la-javeriana\/wp-json\/wp\/v2\/users\/5"}],"replies":[{"embeddable":true,"href":"https:\/\/www.javeriana.edu.co\/repositorio-hoy-en-la-javeriana\/wp-json\/wp\/v2\/comments?post=17628"}],"version-history":[{"count":10,"href":"https:\/\/www.javeriana.edu.co\/repositorio-hoy-en-la-javeriana\/wp-json\/wp\/v2\/posts\/17628\/revisions"}],"predecessor-version":[{"id":113062,"href":"https:\/\/www.javeriana.edu.co\/repositorio-hoy-en-la-javeriana\/wp-json\/wp\/v2\/posts\/17628\/revisions\/113062"}],"wp:attachment":[{"href":"https:\/\/www.javeriana.edu.co\/repositorio-hoy-en-la-javeriana\/wp-json\/wp\/v2\/media?parent=17628"}],"wp:term":[{"taxonomy":"category","embeddable":true,"href":"https:\/\/www.javeriana.edu.co\/repositorio-hoy-en-la-javeriana\/wp-json\/wp\/v2\/categories?post=17628"},{"taxonomy":"post_tag","embeddable":true,"href":"https:\/\/www.javeriana.edu.co\/repositorio-hoy-en-la-javeriana\/wp-json\/wp\/v2\/tags?post=17628"}],"curies":[{"name":"wp","href":"https:\/\/api.w.org\/{rel}","templated":true}]}}