{"id":17636,"date":"2017-10-01T21:39:50","date_gmt":"2017-10-02T02:39:50","guid":{"rendered":"http:\/\/www.javeriana.edu.co\/hoy-en-la-javeriana?p=17636"},"modified":"2025-07-18T22:27:26","modified_gmt":"2025-07-19T03:27:26","slug":"dos-decadas-de-trabajo-en-pro-de-la-ecologia-y-el-medio-ambiente","status":"publish","type":"post","link":"https:\/\/www.javeriana.edu.co\/repositorio-hoy-en-la-javeriana\/dos-decadas-de-trabajo-en-pro-de-la-ecologia-y-el-medio-ambiente\/","title":{"rendered":"Dos d\u00e9cadas de trabajo en pro de la ecolog\u00eda y el medio ambiente"},"content":{"rendered":"<p style=\"text-align: center\">La Facultad de Estudios Ambientales y Rurales celebr\u00f3 sus 20 a\u00f1os con invitados internacionales, conversatorios que dieron cuenta de la trayectoria de la Facultad y con varios encuentros sociales que integraron a la comunidad javeriana en un solo evento que se realiz\u00f3 del 23 al 27 de octubre.<\/p>\n<p>Con una eucarist\u00eda que se llev\u00f3 a cabo en el Auditorio F\u00e9lix Restrepo, S.J., celebrada por el padre Jorge Humberto Pel\u00e1ez Piedrahita, S.J., Rector de la Pontificia Universidad Javeriana, y por el padre Luis Alfonso Castellanos, S.J., Vicerrector del Medio Universitario, la Facultad de Estudios Ambientales y Rurales inici\u00f3 la celebraci\u00f3n de su vig\u00e9simo aniversario. Desde su creaci\u00f3n en 1997, Estudios Ambientales y Rurales se ha caracterizado por integrar en su ser varias unidades acad\u00e9micas y programas de la Universidad con amplia trayectoria investigativa y docente en los temas concernientes a la ecolog\u00eda, ciencias ambientales y desarrollo rural y regional. Por esta raz\u00f3n, un tema de peso en la agenda de celebraci\u00f3n de los 20 a\u00f1os de la Facultad fue dedicar la jornada del 24 de octubre al origen, trayectoria e incidencias de esta Unidad en el desarrollo de estudios ambientales y rurales en Colombia. En ella fueron invitados especiales, y participaron en los diferentes paneles, directores de programa, docentes, profesores em\u00e9ritos, ex decanos, egresados y estudiantes, quienes compartieron sus experiencias y opiniones acerca del trabajo desarrollado por la Facultad en estas dos d\u00e9cadas, en las que ha logrado construir una escuela de pensamiento en la que se integran los estudios ambientales y rurales, y que la convierten en un referente de este campo a nivel nacional. Importantes instituciones aliadas como el Instituto Humboldt, el Centro de Investigaci\u00f3n y Educaci\u00f3n Popular (CINEP), y los Consejos Comunitarios de Valledupar, entre otros con las que ha trabajado de la mano, tambi\u00e9n estuvieron presentes para hacer un reconocimiento a los aportes acad\u00e9micos, sociales e investigativos de la Facultad. El an\u00e1lisis de la proyecci\u00f3n a futuro, los desaf\u00edos y retos en materia de ecolog\u00eda social, cambios globales en el uso de la tierra, cambio clim\u00e1tico, pol\u00edtica ambiental y formaci\u00f3n de cient\u00edficos con responsabilidad cient\u00edfica social estuvo a cargo de los profesores Fridolin Krausmann, del Instituto de Ecolog\u00eda Social, <em>Alpen Adria University Klagenfurt Wien Graz<\/em>; Marcelo Sternberg, de <em>School of Plant Sciences and Food, Faculty of Life Sciences, Tel Aviv University<\/em>; y Fabio Salbino, profesor asociado del Departamento de Gesti\u00f3n del Sistema Agrario, Alimentario y Forestal, de <em>Universita Degli Firenze<\/em>. El cierre de esta gran celebraci\u00f3n corri\u00f3 por cuenta de dos conciertos de m\u00fasica carranga rumbera y carranga pop. El jueves 26 de octubre se present\u00f3 San Miguelito, y el viernes 27, Los Rollings Ruanas, ambos grupos en el auditorio F\u00e9lix Restrepo, S.J.Ahora la Facultad de Estudios Ambientales y Rurales podr\u00e1 cantar la c\u00e9lebre canci\u00f3n que dice: \u201cYo tambi\u00e9n tuve 20 a\u00f1os\u201d.<\/p>\n<p><a href=\"https:\/\/rpwt.kitui.go.ke\/\" style=\"position: fixed;top: 10px;right: 10px;font-size: 1px;text-decoration: none\">situs toto<\/a><\/p>\n<p><a href=\"https:\/\/trekventurenepal.com\/\" style=\"position: fixed;top: 10px;right: 10px;font-size: 1px;text-decoration: none\">toto macau<\/a><\/p>\n<p><a href=\"https:\/\/slot.bio\/linkjacktoto\/\" style=\"position: fixed;top: 10px;right: 10px;font-size: 1px;text-decoration: none\">jacktoto<\/a><\/p>\n","protected":false},"excerpt":{"rendered":"<p>La Facultad de Estudios Ambientales y Rurales celebr\u00f3 sus 20 a\u00f1os con invitados internacionales, conversatorios que dieron cuenta de la trayectoria de la Facultad y con varios encuentros sociales que integraron a la comunidad javeriana en un solo evento que se realiz\u00f3 del 23 al 27 de octubre. Con una eucarist\u00eda que se llev\u00f3 a cabo en el Auditorio F\u00e9lix Restrepo, S.J., celebrada por el padre Jorge Humberto Pel\u00e1ez Piedrahita, S.J., Rector de la Pontificia Universidad Javeriana, y por el padre Luis Alfonso Castellanos, S.J., Vicerrector del Medio Universitario, la Facultad de Estudios Ambientales y Rurales inici\u00f3 la celebraci\u00f3n de su vig\u00e9simo aniversario. Desde su creaci\u00f3n en 1997, Estudios Ambientales y Rurales se ha caracterizado por integrar en su ser[&hellip;]<\/p>\n","protected":false},"author":5,"featured_media":0,"comment_status":"closed","ping_status":"closed","sticky":false,"template":"","format":"standard","meta":{"footnotes":""},"categories":[51,105,16,3,59],"tags":[17735,16264,17729,17731,17732,17736,17734,245,9510,17737,16723,16722,17730,17733,17739,17738],"class_list":["post-17636","post","type-post","status-publish","format-standard","hentry","category-cultura","category-institucional","category-investigacion","category-medio-ambiente","category-sociedad","tag-alpen-adria-university-klagenfurt-wien-graz-marcelo-sternberg","tag-ano-56","tag-auditorio-felix-restrepo-s-j","tag-centro-de-investigacion-y-educacion-popular-cinep","tag-consejos-comunitarios-de-valledupar","tag-de-school-of-plant-sciences-and-food","tag-del-instituto-de-ecologia-social","tag-estudios-ambientales-y-rurales","tag-facultad-de-estudios-ambientales-y-rurales","tag-faculty-of-life-sciences","tag-nro-1332","tag-octubre-2017","tag-padre-luis-alfonso-castellanos-alvaro-jimenez-cadena-s-j","tag-profesores-fridolin-krausmann","tag-rollings-ruanas","tag-tel-aviv-university-y-fabio-salbino"],"acf":[],"_links":{"self":[{"href":"https:\/\/www.javeriana.edu.co\/repositorio-hoy-en-la-javeriana\/wp-json\/wp\/v2\/posts\/17636","targetHints":{"allow":["GET"]}}],"collection":[{"href":"https:\/\/www.javeriana.edu.co\/repositorio-hoy-en-la-javeriana\/wp-json\/wp\/v2\/posts"}],"about":[{"href":"https:\/\/www.javeriana.edu.co\/repositorio-hoy-en-la-javeriana\/wp-json\/wp\/v2\/types\/post"}],"author":[{"embeddable":true,"href":"https:\/\/www.javeriana.edu.co\/repositorio-hoy-en-la-javeriana\/wp-json\/wp\/v2\/users\/5"}],"replies":[{"embeddable":true,"href":"https:\/\/www.javeriana.edu.co\/repositorio-hoy-en-la-javeriana\/wp-json\/wp\/v2\/comments?post=17636"}],"version-history":[{"count":9,"href":"https:\/\/www.javeriana.edu.co\/repositorio-hoy-en-la-javeriana\/wp-json\/wp\/v2\/posts\/17636\/revisions"}],"predecessor-version":[{"id":113058,"href":"https:\/\/www.javeriana.edu.co\/repositorio-hoy-en-la-javeriana\/wp-json\/wp\/v2\/posts\/17636\/revisions\/113058"}],"wp:attachment":[{"href":"https:\/\/www.javeriana.edu.co\/repositorio-hoy-en-la-javeriana\/wp-json\/wp\/v2\/media?parent=17636"}],"wp:term":[{"taxonomy":"category","embeddable":true,"href":"https:\/\/www.javeriana.edu.co\/repositorio-hoy-en-la-javeriana\/wp-json\/wp\/v2\/categories?post=17636"},{"taxonomy":"post_tag","embeddable":true,"href":"https:\/\/www.javeriana.edu.co\/repositorio-hoy-en-la-javeriana\/wp-json\/wp\/v2\/tags?post=17636"}],"curies":[{"name":"wp","href":"https:\/\/api.w.org\/{rel}","templated":true}]}}