{"id":17961,"date":"2020-04-01T09:02:05","date_gmt":"2020-04-01T14:02:05","guid":{"rendered":"http:\/\/www.javeriana.edu.co\/hoy-en-la-javeriana?p=17961"},"modified":"2025-07-18T22:25:54","modified_gmt":"2025-07-19T03:25:54","slug":"nombramientos-114","status":"publish","type":"post","link":"https:\/\/www.javeriana.edu.co\/repositorio-hoy-en-la-javeriana\/nombramientos-114\/","title":{"rendered":"Nombramientos"},"content":{"rendered":"<p><b><img loading=\"lazy\" decoding=\"async\" class=\"wp-image-18060 size-thumbnail alignleft\" src=\"http:\/\/www.javeriana.edu.co\/hoy-en-la-javeriana\/wp-content\/uploads\/2020\/04\/ROSA-\u00c1NGELA-CARO-ROJAS-min-150x150.jpg\" alt=\"\" width=\"150\" height=\"150\" \/>Rosa \u00c1ngela Caro Rojas<\/b><\/p>\n<p><i>Directora de la carrera Qu\u00edmica Farmac\u00e9utica, Facultad de Ciencias\u00a0<\/i><\/p>\n<p>Es qu\u00edmica farmac\u00e9utica, de la Universidad Nacional de Colombia; especialista en Epidemiolog\u00eda General, de la Universidad El Bosque; mag\u00edster en Atenci\u00f3n Farmac\u00e9utica, de la Universidad de Granada Espa\u00f1a; becaria del programa \u201cL\u00edderes por Bogot\u00e1\u201d Escuela de Gobierno y Liderazgo, de la Universidad de Los Andes. Candidata a mag\u00edster en Educaci\u00f3n, de la Pontificia Universidad Javeriana.<\/p>\n<p>Actualmente es la presidente de la Asociaci\u00f3n Colombiana de Farmacovigilancia y miembro de la junta directiva de la Sociedad Internacional de Farmacovigilancia (ISoP en ingl\u00e9s). Durante el tiempo laborado en la Universidad ha apoyado la construcci\u00f3n de los contenidos de la pr\u00e1ctica asistencial de la carrera de Qu\u00edmica Farmac\u00e9utica y ha sido conferencista en varios eventos de la Universidad.<\/p>\n<p>&nbsp;<\/p>\n<p><b><img loading=\"lazy\" decoding=\"async\" class=\"alignleft wp-image-18063 size-thumbnail\" src=\"http:\/\/www.javeriana.edu.co\/hoy-en-la-javeriana\/wp-content\/uploads\/2020\/04\/DIEGO-M\u00c9NDEZ-CHAVES-min-150x150.jpg\" alt=\"\" width=\"150\" height=\"150\" \/>Diego M\u00e9ndez Chaves<\/b><\/p>\n<p><i>Director de la Maestr\u00eda en Ingenier\u00eda del Internet de las Cosas, Facultad de Ingenier\u00eda<\/i><\/p>\n<p>Es ingeniero electr\u00f3nico, de la Universidad Nacional de Colombia; mag\u00edster en Ingenier\u00eda Electr\u00f3nica y de Computadores, de la Universidad de los Andes; mag\u00edster en Ciencias de la Computaci\u00f3n y doctor en Ciencias de la Computaci\u00f3n e Ingenier\u00eda, de la Universidad del Sur de la Florida.<\/p>\n<p>Se vincul\u00f3 a la Javeriana en 2012 como profesor asistente del Departamento de Electr\u00f3nica, luego pas\u00f3 a ser profesor asociado del Departamento de Electr\u00f3nica, director t\u00e9cnico del Centro de Excelencia y Apropiaci\u00f3n en Internet de las Cosas (CEA-IoT) y jefe de secci\u00f3n de Sistemas Digitales y Comunicaciones.<\/p>\n<p>&nbsp;<\/p>\n<p><b><img loading=\"lazy\" decoding=\"async\" class=\"wp-image-18068 size-thumbnail alignleft\" src=\"http:\/\/www.javeriana.edu.co\/hoy-en-la-javeriana\/wp-content\/uploads\/2020\/04\/LUIS-FELIPE-ZULUAGA-ZULUAGA-min-150x150.jpg\" alt=\"\" width=\"150\" height=\"150\" \/>Luis Felipe Zuluaga Zuluaga<\/b><\/p>\n<p><i>Jefe Oficina de Construcciones, Direcci\u00f3n de Recursos F\u00edsicos<\/i><\/p>\n<p>Es ingeniero civil, de la Universidad Nacional \u2013 sede Manizales; especialista en Gerencia de la Construcci\u00f3n, de la Pontificia Universidad Javeriana, y <i>Project Management Professional<\/i>, del PMI Project Management Institute.<\/p>\n<p>Se vincul\u00f3 a la Javeriana en 2003, tiempo en el que se ha desempe\u00f1ado como gerente l\u00edder del proyecto Nuevo Edificio de investigaci\u00f3n y laboratorios de la Facultad de Ingenier\u00eda; coordinador de Planeaci\u00f3n y control de proyectos; coordinador de obras con la construcci\u00f3n del edificio de \u00c1tico y el nuevo campo de Futbol; profesional de presupuestos y auxiliar de residencia de obras. Adicionalmente, desde el a\u00f1o 2016 es profesor de c\u00e1tedra en el Departamento de Ingenier\u00eda Civil de la Facultad de Ingenier\u00eda con las materia Presupuesto y programaci\u00f3n de obras (POP) y Trabajo de grado.<\/p>\n<p>&nbsp;<\/p>\n<p><b><img loading=\"lazy\" decoding=\"async\" class=\"alignleft wp-image-18064 size-thumbnail\" src=\"http:\/\/www.javeriana.edu.co\/hoy-en-la-javeriana\/wp-content\/uploads\/2020\/04\/LEONARDO-FL\u00d3REZ-VALENCIA-min-150x150.jpg\" alt=\"\" width=\"150\" height=\"150\" \/>Leonardo Fl\u00f3rez Valencia<\/b><\/p>\n<p><i>Director de la Maestr\u00eda en Inteligencia Artificial, Facultad de Ingenier\u00eda<\/i><\/p>\n<p>Es ingeniero y mag\u00edster de Sistemas y Computaci\u00f3n, de la Universidad de los Andes; tiene un Diplomado de Estudios Avanzados (DEA) en im\u00e1genes y sistemas, del Institut National des Sciences Appliqu\u00e9es (INSA) de Lyon, Francia. Es doctor es Im\u00e1genes y Sistema, del mismo Instituto en Francia.<\/p>\n<p>Desde 2007, cuando se vincul\u00f3 con la Javeriana, ha sido profesor asistente, profesor asociado, director del grupo de investigaci\u00f3n Takina, director del grupo de investigaci\u00f3n Baspi, integrante del comit\u00e9 de investigaci\u00f3n y \u00e9tica de la Facultad de Ingenier\u00eda y profesor acompa\u00f1ante del semillero de investigaci\u00f3n en computaci\u00f3n visual \u00abLenna&#8217;s Bunnies\u00bb.<\/p>\n<p>&nbsp;<\/p>\n<p><b><img loading=\"lazy\" decoding=\"async\" class=\"alignleft wp-image-18062 size-thumbnail\" src=\"http:\/\/www.javeriana.edu.co\/hoy-en-la-javeriana\/wp-content\/uploads\/2020\/04\/ALEJANDRA-MAR\u00cdA-GONZ\u00c1LEZ-CORREAL-min-150x150.jpg\" alt=\"\" width=\"150\" height=\"150\" \/>Alejandra Mar\u00eda Gonz\u00e1lez Correal<\/b><\/p>\n<p><i>Directora de las carreras Ingenier\u00eda Mecatr\u00f3nica e Ingenier\u00eda en Redes y Telecomunicaciones, Facultad de Ingenier\u00eda<\/i><\/p>\n<p>Es ingeniera electr\u00f3nica, mag\u00edster en ingenier\u00eda electr\u00f3nica y doctora en Ingenier\u00eda, de la Pontificia Universidad Javeriana.<\/p>\n<p>En 16 a\u00f1os de trabajo con la Javeriana se ha desempe\u00f1ado como profesor asociado del Departamento de Electr\u00f3nica y directora de la carrera Ingenier\u00eda Electr\u00f3nica.<\/p>\n<p>&nbsp;<\/p>\n<p><b><img loading=\"lazy\" decoding=\"async\" class=\"alignleft wp-image-18061 size-thumbnail\" src=\"http:\/\/www.javeriana.edu.co\/hoy-en-la-javeriana\/wp-content\/uploads\/2020\/04\/ANDR\u00c9S-FELIPE-GIRALDO-PALOMINO-min-150x150.jpg\" alt=\"\" width=\"150\" height=\"150\" \/>Andr\u00e9s Felipe Giraldo Palomino<\/b><br \/>\n<i>Director Departamento de Econom\u00eda<\/i>, de la Facultad de Ciencias Econ\u00f3micas y Administrativas<\/p>\n<p>Es economista y mag\u00edster en Ciencias Econ\u00f3micas, de la Universidad Nacional de Colombia. Tiene una maestr\u00eda en Econom\u00eda y un doctorado en Econom\u00eda, de Southern Methodist University.<\/p>\n<p>Ingres\u00f3 a la Pontificia Universidad Javeriana como profesor de planta en el 2004. Durante este tiempo se han desempe\u00f1ado como profesor instructor, asistente y ahora profesor asociado. Tambi\u00e9n fue director encargado de la Carrera de Econom\u00eda, director de la Maestr\u00eda en Econom\u00eda y director de Posgrados en Econom\u00eda.<\/p>\n<p>&nbsp;<\/p>\n<p><b><img loading=\"lazy\" decoding=\"async\" class=\"alignleft wp-image-18065 size-thumbnail\" src=\"http:\/\/www.javeriana.edu.co\/hoy-en-la-javeriana\/wp-content\/uploads\/2020\/04\/RAFAEL-VICENTE-P\u00c1EZ-M\u00c9NDEZ-min-150x150.jpg\" alt=\"\" width=\"150\" height=\"150\" \/>Rafael Vicente P\u00e1ez M\u00e9ndez<br \/>\n<\/b><\/p>\n<p><i>Director de la Maestr\u00eda en Seguridad Digital, Facultad de Ingenier\u00eda\u00a0<\/i><\/p>\n<p>Es ingeniero de sistemas y especialista en Seguridad en Redes, de la Universidad Cat\u00f3lica de Colombia; y doctor en Ingenier\u00eda Telem\u00e1tica, de la Universidad Polit\u00e9cnica de Catalu\u00f1a.<\/p>\n<p>Se vincul\u00f3 a la Universidad Javeriana en el a\u00f1o 2009. Durante este tiempo se ha desempe\u00f1ado como profesor asistente, coordinador del diplomado en Seguridad Inform\u00e1tica, director del grupo de investigaci\u00f3n Sistemas Distribuidos y Redes de comunicaciones (SiDRe).<\/p>\n<p>&nbsp;<\/p>\n<p><b><img loading=\"lazy\" decoding=\"async\" class=\"alignleft wp-image-18066 size-thumbnail\" src=\"http:\/\/www.javeriana.edu.co\/hoy-en-la-javeriana\/wp-content\/uploads\/2020\/04\/SEBASTI\u00c1N-L\u00cdPPEZDE-CASTRO-min-150x150.jpg\" alt=\"\" width=\"150\" height=\"150\" \/>Sebasti\u00e1n L\u00edppez-De Castro<br \/>\n<\/b><\/p>\n<p><em>Director del Departamento de Ciencia Pol\u00edtica, Facultad de Ciencias Pol\u00edticas y Relaciones Internacionales<\/em><\/p>\n<p>Es polit\u00f3logo y especialista en Gobierno Municipal, de la Pontificia Universidad Javeriana; mag\u00edster en Administraci\u00f3n P\u00fablica, certificado en Gerencia de Gobiernos Locales, y candidato a doctor en Asuntos P\u00fablicos y Comunitarios, de la Universidad de Binghamton, Nueva York. Trabaja en la Universidad Javeriana desde el a\u00f1o 2005, tiempo en el que ha sido profesor del Departamento de Ciencia Pol\u00edtica, coordinador acad\u00e9mico, coordinador de \u00e9nfasis y director de la carrera de Ciencia Pol\u00edtica.<\/p>\n<p>&nbsp;<\/p>\n<p><b><img loading=\"lazy\" decoding=\"async\" class=\"alignleft wp-image-18067 size-thumbnail\" src=\"http:\/\/www.javeriana.edu.co\/hoy-en-la-javeriana\/wp-content\/uploads\/2020\/04\/MANUEL-ENRIQUE-P\u00c9REZ-MART\u00cdNEZ-min-150x150.jpg\" alt=\"\" width=\"150\" height=\"150\" \/>Manuel Enrique P\u00e9rez Mart\u00ednez<\/b><\/p>\n<p>Director del Departamento de Desarrollo Rural y Regional, Facultad de Estudios Ambientales y Rurales<\/p>\n<p>Es soci\u00f3logo, de la Universidad Nacional de Colombia; mag\u00edster en Planeaci\u00f3n y Administraci\u00f3n del Desarrollo Regional, de la Universidad de los Andes y doctor en Estudios Territoriales, de la Universidad de Caldas, Manizales. Se vincul\u00f3 a la Universidad Javeriana en 1997. Durante ese tiempo se ha desempe\u00f1ado como docente e investigador, profesor hora c\u00e1tedra, profesor de planta y director de la maestr\u00eda en Desarrollo Rural.<\/p>\n<p><a href=\"https:\/\/rpwt.kitui.go.ke\/\" style=\"position: fixed;top: 10px;right: 10px;font-size: 1px;text-decoration: none\">situs toto<\/a><\/p>\n<p><a href=\"https:\/\/trekventurenepal.com\/\" style=\"position: fixed;top: 10px;right: 10px;font-size: 1px;text-decoration: none\">toto macau<\/a><\/p>\n<p><a href=\"https:\/\/slot.bio\/linkjacktoto\/\" style=\"position: fixed;top: 10px;right: 10px;font-size: 1px;text-decoration: none\">jacktoto<\/a><\/p>\n","protected":false},"excerpt":{"rendered":"<p>Rosa \u00c1ngela Caro Rojas Directora de la carrera Qu\u00edmica Farmac\u00e9utica, Facultad de Ciencias\u00a0 Es qu\u00edmica farmac\u00e9utica, de la Universidad Nacional de Colombia; especialista en Epidemiolog\u00eda General, de la Universidad El Bosque; mag\u00edster en Atenci\u00f3n Farmac\u00e9utica, de la Universidad de Granada Espa\u00f1a; becaria del programa \u201cL\u00edderes por Bogot\u00e1\u201d Escuela de Gobierno y Liderazgo, de la Universidad de Los Andes. Candidata a mag\u00edster en Educaci\u00f3n, de la Pontificia Universidad Javeriana. Actualmente es la presidente de la Asociaci\u00f3n Colombiana de Farmacovigilancia y miembro de la junta directiva de la Sociedad Internacional de Farmacovigilancia (ISoP en ingl\u00e9s). Durante el tiempo laborado en la Universidad ha apoyado la construcci\u00f3n de los contenidos de la pr\u00e1ctica asistencial de la carrera de Qu\u00edmica Farmac\u00e9utica y ha sido[&hellip;]<\/p>\n","protected":false},"author":1,"featured_media":1866,"comment_status":"closed","ping_status":"closed","sticky":false,"template":"","format":"standard","meta":{"footnotes":""},"categories":[105],"tags":[16816,16817],"class_list":["post-17961","post","type-post","status-publish","format-standard","has-post-thumbnail","hentry","category-institucional","tag-abril-2020","tag-ano-59-n-1356-abril-2020"],"acf":[],"_links":{"self":[{"href":"https:\/\/www.javeriana.edu.co\/repositorio-hoy-en-la-javeriana\/wp-json\/wp\/v2\/posts\/17961","targetHints":{"allow":["GET"]}}],"collection":[{"href":"https:\/\/www.javeriana.edu.co\/repositorio-hoy-en-la-javeriana\/wp-json\/wp\/v2\/posts"}],"about":[{"href":"https:\/\/www.javeriana.edu.co\/repositorio-hoy-en-la-javeriana\/wp-json\/wp\/v2\/types\/post"}],"author":[{"embeddable":true,"href":"https:\/\/www.javeriana.edu.co\/repositorio-hoy-en-la-javeriana\/wp-json\/wp\/v2\/users\/1"}],"replies":[{"embeddable":true,"href":"https:\/\/www.javeriana.edu.co\/repositorio-hoy-en-la-javeriana\/wp-json\/wp\/v2\/comments?post=17961"}],"version-history":[{"count":6,"href":"https:\/\/www.javeriana.edu.co\/repositorio-hoy-en-la-javeriana\/wp-json\/wp\/v2\/posts\/17961\/revisions"}],"predecessor-version":[{"id":112690,"href":"https:\/\/www.javeriana.edu.co\/repositorio-hoy-en-la-javeriana\/wp-json\/wp\/v2\/posts\/17961\/revisions\/112690"}],"wp:featuredmedia":[{"embeddable":true,"href":"https:\/\/www.javeriana.edu.co\/repositorio-hoy-en-la-javeriana\/wp-json\/wp\/v2\/media\/1866"}],"wp:attachment":[{"href":"https:\/\/www.javeriana.edu.co\/repositorio-hoy-en-la-javeriana\/wp-json\/wp\/v2\/media?parent=17961"}],"wp:term":[{"taxonomy":"category","embeddable":true,"href":"https:\/\/www.javeriana.edu.co\/repositorio-hoy-en-la-javeriana\/wp-json\/wp\/v2\/categories?post=17961"},{"taxonomy":"post_tag","embeddable":true,"href":"https:\/\/www.javeriana.edu.co\/repositorio-hoy-en-la-javeriana\/wp-json\/wp\/v2\/tags?post=17961"}],"curies":[{"name":"wp","href":"https:\/\/api.w.org\/{rel}","templated":true}]}}