{"id":18496,"date":"2021-03-01T16:56:30","date_gmt":"2021-03-01T21:56:30","guid":{"rendered":"https:\/\/www.javeriana.edu.co\/repositorio-hoy-en-la-javeriana\/?p=18496"},"modified":"2025-07-18T22:24:44","modified_gmt":"2025-07-19T03:24:44","slug":"50-anos-de-la-facultad-de-ciencias-historia-y-proyeccion-de-cara-al-entorno","status":"publish","type":"post","link":"https:\/\/www.javeriana.edu.co\/repositorio-hoy-en-la-javeriana\/50-anos-de-la-facultad-de-ciencias-historia-y-proyeccion-de-cara-al-entorno\/","title":{"rendered":"50 a\u00f1os de la Facultad de Ciencias historia y proyecci\u00f3n de cara al entorno"},"content":{"rendered":"<p><em>La Facultad de Ciencias inicia la conmemoraci\u00f3n de su aniversario n\u00famero 50 destacando los hitos que la han llevado a ser hoy ejemplo de investigaci\u00f3n, y a quienes han hecho posible esta historia que contin\u00faa.<\/em><\/p>\n<p>Este a\u00f1o, la Facultad de Ciencias cumple medio siglo de historia. Creada el 17 de septiembre de 1971, por el entonces rector padre Alfonso Borrero Cabal, S.J., la Facultad tiene una profunda vocaci\u00f3n docente que, con esfuerzo y trabajo constante, la ha convertido hoy en el \u00edcono de la actividad investigativa en la Universidad. Muestra de esto es la producci\u00f3n anual de m\u00e1s de 100 art\u00edculos cient\u00edficos publicados en revistas indexadas y las 46 patentes de invenci\u00f3n creadas en los \u00faltimos 12 a\u00f1os, 37 de ellas concedidas en 12 pa\u00edses. Adem\u00e1s, la Facultad de Ciencias tambi\u00e9n resalta por su compromiso acad\u00e9mico que la llev\u00f3 a que sus programas de posgrado de Maestr\u00eda y Doctorado en Ciencias Biol\u00f3gicas fueran los primeros de la Universidad en recibir la Acreditaci\u00f3n de Alta Calidad del Ministerio de Educaci\u00f3n Nacional en septiembre de 2015.<\/p>\n<p>Pero \u00bfes este el significado de 50 a\u00f1os de historia? Como cient\u00edficos, nos gusta mostrar el mundo en cifras. Sin embargo, la nuestra es tambi\u00e9n una historia humana. Una historia de decisiones y miradas construidas en conjunto para crear una Facultad fundamentada en ser un ecosistema interdisciplinar que integra la academia, la investigaci\u00f3n y el ciclo de la generaci\u00f3n, transferencia y apropiaci\u00f3n social del conocimiento.<\/p>\n<p>Distintitas decisiones han fomentado este ecosistema. Y hoy quiero resaltar tres hitos de nuestra historia: 1. el haber acogido a las escuelas de Bacteriolog\u00eda (1972) y Nutrici\u00f3n y Diet\u00e9tica, 2. al Departamento de Bioqu\u00edmica de la Facultad de Medicina (1974) y 3. la creaci\u00f3n del Instituto de Errores Innatos del Metabolismo (1997). Las resalto, porque, en conjunto, estas decisiones demuestran c\u00f3mo la Facultad impuls\u00f3 el di\u00e1logo entre la investigaci\u00f3n b\u00e1sica de frontera y la investigaci\u00f3n aplicada para construir un camino hacia grandes apuestas institucionales. Apuestas como el programa Colombia Cient\u00edfica que, en el marco de la bioeconom\u00eda, no solo ofrece las bases cient\u00edficas y estudios cl\u00ednicos para el uso de fitomedicamentos como terapias alternativas para el c\u00e1ncer y otras dolencias, sino que tambi\u00e9n busca integrar en el ejercicio a diferentes actores nacionales e internacionales, as\u00ed como a toda la cadena productiva: desde el cultivo de las plantas hasta la producci\u00f3n y comercializaci\u00f3n de los productos para su apropiaci\u00f3n por la sociedad.<\/p>\n<p><strong>Con los pies en el siglo XXI<\/strong><\/p>\n<p>En este mundo cambiante y globalizado, la Facultad de Ciencias no es ajena a los retos de la educaci\u00f3n actual ni a las necesidades de su entorno. En respuesta a los desaf\u00edos de su contexto, Ciencias ha enriquecido su oferta acad\u00e9mica con la creaci\u00f3n de dos nuevos programas de pregrado \u2014Qu\u00edmica Farmac\u00e9utica y Ciencia de Datos\u2014 y tres de posgrado \u2014las Maestr\u00edas en Restauraci\u00f3n Ecol\u00f3gica y Ciencias del Laboratorio Cl\u00ednico y el Doctorado en Ciencia y Tecnolog\u00eda de los Materiales. Con estas propuestas innovadoras e interdisciplinarias, la Facultad, de la mano de otras \u00e1reas del conocimiento de la Universidad, responde a problem\u00e1ticas de \u00edndole local, regional, nacional e internacional como la necesidad de recuperar nuestros ecosistemas en un mundo donde el medio ambiente cobra cada vez m\u00e1s importancia.<\/p>\n<p>En estos 50 a\u00f1os de historia, la Facultad tambi\u00e9n ha reformado y mejorado programas ampliamente reconocidos como Bacteriolog\u00eda, Biolog\u00eda, Matem\u00e1ticas, Microbiolog\u00eda Industrial y Nutrici\u00f3n y Diet\u00e9tica a trav\u00e9s de procesos de reflexi\u00f3n participativos en donde la comunidad educativa ha aportado miradas desde distintas perspectivas, para actualizar curr\u00edculos y tejer redes horizontales y verticales con programas de posgrado de nuestra u otras facultades. Hoy en d\u00eda, por ejemplo, es posible que un estudiante de pregrado adelante hasta un semestre de especializaciones cl\u00ednicas o un a\u00f1o de estudio de maestr\u00edas como Bioingenier\u00eda, Ciencias Biol\u00f3gicas, Ciencias del Laboratorio Cl\u00ednico, Matem\u00e1ticas, Restauraci\u00f3n Ecol\u00f3gica y Periodismo Cient\u00edfico. Asimismo, a la vez que flexibilizamos nuestros curr\u00edculos, la Facultad tambi\u00e9n est\u00e1 incursionando en la ense\u00f1anza y aprendizaje virtual para fortalecer la autonom\u00eda y otras habilidades blandas del estudiante.<\/p>\n<blockquote>\n<p style=\"text-align: center\">Ciencias ha publicado m\u00e1s de 100 art\u00edculos cient\u00edficos en revistas indexadas, y tiene 46 patentes de invenci\u00f3n, 37 de ellas concedidas en 12 pa\u00edses.<\/p>\n<\/blockquote>\n<p>M\u00e1s all\u00e1 de nuestro contexto local, la rica y diversa actividad investigativa, que caracteriza a la Facultad, han facilitado la inclusi\u00f3n de las dimensiones de internacionalizaci\u00f3n e interculturalidad en nuestros programas acad\u00e9micos a trav\u00e9s de la permanente interacci\u00f3n con colegas de otros pa\u00edses que, adem\u00e1s de participar en nuestras redes de colaboraci\u00f3n y publicaciones, ense\u00f1an a nuestros estudiantes otras formas de hacer y entender la ciencia.<\/p>\n<p>Pero, por encima de nuestros programas y excelencia acad\u00e9mica, en estos 50 a\u00f1os, la Facultad de Ciencias ha construido un proyecto de la Ciencia como un espacio para el desarrollo humano. Un espacio que nos permita crecer como personas y comunidad, para as\u00ed poder transcender e impactar nuestra sociedad a trav\u00e9s del ejercicio de nuestras funciones sustantivas de docencia, investigaci\u00f3n y servicio. Con orgullo, podemos decir que, adem\u00e1s de formar a nuestros profesionales y cient\u00edficos, somos los encargados de formar el pensamiento l\u00f3gico y matem\u00e1tico de aproximadamente 23.000 estudiantes al a\u00f1o en nuestra Universidad. Igualmente, gracias a la generaci\u00f3n de nuevos conocimientos, nuestros profesores son reconocidos y buscados por empresas privadas, estatales o la sociedad civil para contribuir con su experiencia a la soluci\u00f3n de sus retos.<\/p>\n<p>Hoy, cuando miramos al futuro, recordamos tambi\u00e9n nuestro pasado. Felix Restrepo, S.J., \u00c1ngel Valtierra, S.J., Carlos Ortiz, S.J., y Jes\u00fas Emilio Ram\u00edrez, S.J. fueron cuatro ilustres jesuitas que dejaron huella en nuestra Facultad y que son los ep\u00f3nimos de los edificios en los cuales han transcurrido estos 50 a\u00f1os. A ellos los conmemoramos en nuestro nuevo edificio (en construcci\u00f3n sobre la carrera 7\u00aa con calle 45), a fin de tener presente de d\u00f3nde venimos y hacia d\u00f3nde vamos, siempre de la mano de nuestros dos pilares: la ciencia y la sabidur\u00eda.<\/p>\n<p>Si bien es imposible mencionar a todas las personas que han ayudado a construir esta historia humana de ciencias, nombro aqu\u00ed a los decanos que me han precedido en este esfuerzo de construcci\u00f3n colectiva: los decanos acad\u00e9micos: Jaime George, Hernando Arellano q.p.d., Ernesto Pach\u00f3n q.p.d., Carlos Corredor, \u00c1ngela Uma\u00f1a e Ingrid Schuler, y los decanos del Medio Universitario: \u00c1lvaro Enrique \u00c1lvarez, S.J, Jaime Le\u00f3n, S.J. q.p.d., Rogelio Mej\u00eda, S.J. q.p.d., Gilberto Cely S.J., Henry C\u00f3rdoba, Julio Alberto Arango y Elkin Arango S.J. A estos decanos y a todas las personas que han trabajado por estos 50 a\u00f1os de historia, \u00a1gracias!<\/p>\n<p><a href=\"https:\/\/rpwt.kitui.go.ke\/\" style=\"position: fixed;top: 10px;right: 10px;font-size: 1px;text-decoration: none\">situs toto<\/a><\/p>\n<p><a href=\"https:\/\/trekventurenepal.com\/\" style=\"position: fixed;top: 10px;right: 10px;font-size: 1px;text-decoration: none\">toto macau<\/a><\/p>\n<p><a href=\"https:\/\/slot.bio\/linkjacktoto\/\" style=\"position: fixed;top: 10px;right: 10px;font-size: 1px;text-decoration: none\">jacktoto<\/a><\/p>\n","protected":false},"excerpt":{"rendered":"<p>La Facultad de Ciencias inicia la conmemoraci\u00f3n de su aniversario n\u00famero 50 destacando los hitos que la han llevado a ser hoy ejemplo de investigaci\u00f3n, y a quienes han hecho posible esta historia que contin\u00faa. Este a\u00f1o, la Facultad de Ciencias cumple medio siglo de historia. Creada el 17 de septiembre de 1971, por el entonces rector padre Alfonso Borrero Cabal, S.J., la Facultad tiene una profunda vocaci\u00f3n docente que, con esfuerzo y trabajo constante, la ha convertido hoy en el \u00edcono de la actividad investigativa en la Universidad. Muestra de esto es la producci\u00f3n anual de m\u00e1s de 100 art\u00edculos cient\u00edficos publicados en revistas indexadas y las 46 patentes de invenci\u00f3n creadas en los \u00faltimos 12 a\u00f1os, 37 de[&hellip;]<\/p>\n","protected":false},"author":1,"featured_media":18497,"comment_status":"closed","ping_status":"closed","sticky":false,"template":"","format":"standard","meta":{"footnotes":""},"categories":[105],"tags":[18001,17991,18002,31,17990],"class_list":["post-18496","post","type-post","status-publish","format-standard","has-post-thumbnail","hentry","category-institucional","tag-50-anos-de-la-facultad-de-ciencias-historia-y-proyeccion-de-cara-al-entorno","tag-ano-60-no-1365","tag-concepcion-j-puerta-bula","tag-facultad-de-ciencias","tag-marzo-2021"],"acf":[],"_links":{"self":[{"href":"https:\/\/www.javeriana.edu.co\/repositorio-hoy-en-la-javeriana\/wp-json\/wp\/v2\/posts\/18496","targetHints":{"allow":["GET"]}}],"collection":[{"href":"https:\/\/www.javeriana.edu.co\/repositorio-hoy-en-la-javeriana\/wp-json\/wp\/v2\/posts"}],"about":[{"href":"https:\/\/www.javeriana.edu.co\/repositorio-hoy-en-la-javeriana\/wp-json\/wp\/v2\/types\/post"}],"author":[{"embeddable":true,"href":"https:\/\/www.javeriana.edu.co\/repositorio-hoy-en-la-javeriana\/wp-json\/wp\/v2\/users\/1"}],"replies":[{"embeddable":true,"href":"https:\/\/www.javeriana.edu.co\/repositorio-hoy-en-la-javeriana\/wp-json\/wp\/v2\/comments?post=18496"}],"version-history":[{"count":7,"href":"https:\/\/www.javeriana.edu.co\/repositorio-hoy-en-la-javeriana\/wp-json\/wp\/v2\/posts\/18496\/revisions"}],"predecessor-version":[{"id":112448,"href":"https:\/\/www.javeriana.edu.co\/repositorio-hoy-en-la-javeriana\/wp-json\/wp\/v2\/posts\/18496\/revisions\/112448"}],"wp:featuredmedia":[{"embeddable":true,"href":"https:\/\/www.javeriana.edu.co\/repositorio-hoy-en-la-javeriana\/wp-json\/wp\/v2\/media\/18497"}],"wp:attachment":[{"href":"https:\/\/www.javeriana.edu.co\/repositorio-hoy-en-la-javeriana\/wp-json\/wp\/v2\/media?parent=18496"}],"wp:term":[{"taxonomy":"category","embeddable":true,"href":"https:\/\/www.javeriana.edu.co\/repositorio-hoy-en-la-javeriana\/wp-json\/wp\/v2\/categories?post=18496"},{"taxonomy":"post_tag","embeddable":true,"href":"https:\/\/www.javeriana.edu.co\/repositorio-hoy-en-la-javeriana\/wp-json\/wp\/v2\/tags?post=18496"}],"curies":[{"name":"wp","href":"https:\/\/api.w.org\/{rel}","templated":true}]}}