{"id":1850,"date":"2018-08-06T21:17:20","date_gmt":"2018-08-07T02:17:20","guid":{"rendered":"https:\/\/masifica.co\/hoyenlajaveriana\/?p=1850"},"modified":"2025-07-18T22:26:41","modified_gmt":"2025-07-19T03:26:41","slug":"artes-visuales-y-administracion-de-empresas-decadas-haciendo-historia","status":"publish","type":"post","link":"https:\/\/www.javeriana.edu.co\/repositorio-hoy-en-la-javeriana\/artes-visuales-y-administracion-de-empresas-decadas-haciendo-historia\/","title":{"rendered":"Artes Visuales y Administraci\u00f3n de Empresas, d\u00e9cadas haciendo historia"},"content":{"rendered":"\r\n\r\n\r\n\r\n\r\n\r\n<em>*Foto:\u00a0Al fondo en la pared beige, se exhibe\u00a0la obra &#8216;Silencios&#8217; de la egresada\u00a0Erika Diettes.<\/em>\r\n\r\nLas carreras de Artes Visuales y Administraci\u00f3n de Empresas se vistieron de fiesta, y no pas\u00f3 desapercibido entre los javerianos que, con el estilo y el sello propio de cada disciplina,celebraron sus primeros 20 y 50 a\u00f1os, respectivamente. Pues es importante destacar que ambos programas han puesto un hito de calidad e innovaci\u00f3n capaz de transformarse de acuerdo a las exigencias de cada tiempo, permitiendo a sus estudiantes y profesionales una formaci\u00f3n integral y competitiva.\r\n\r\nLa celebraci\u00f3n de Artes Visuales, desarrollada entre el 2 y 22 de agosto, no pudo tener un mejor escenario que la Sala de Exposiciones del edificio Gerardo Arango, S.J., un lugar sublime donde se exhibi\u00f3 la exposici\u00f3n art\u00edstica \u2018Modos de Hacer\u2019, una muestra que ense\u00f1\u00f3 al p\u00fablico la propuesta de m\u00e1s de 50 artistas de diferentes generaciones que estudiaron la Carrera en la Facultad de Artes de la Javeriana, y quienes, gracias\u00a0a su trabajo, han tenido un impacto importante\u00a0en el desarrollo de la escena\u00a0art\u00edstica nacional e internacional.\r\n\r\nPor su parte, Administraci\u00f3n de empresas,\u00a0celebr\u00f3 sus bodas de oro entre\u00a0el 27 y 31 de agosto, con una serie de\u00a0eventos en los que tuvo lugar la reflexi\u00f3n\u00a0acad\u00e9mica, una carrera de observaci\u00f3n\r\npara todos sus estudiantes y\u00a0el lanzamiento del libro \u2018Cinco d\u00e9cadas\u00a0de liderazgo javeriano\u2019.\r\n\r\n<figure id=\"attachment_1870\" aria-describedby=\"caption-attachment-1870\" style=\"width: 500px\" class=\"wp-caption alignleft\"><img loading=\"lazy\" decoding=\"async\" class=\"size-medium wp-image-1870\" src=\"https:\/\/masifica.co\/hoyenlajaveriana\/wp-content\/uploads\/2018\/12\/A-trav\u00e9s-de-la-carrera-de-observaci\u00f3n-Happy-500x299.jpg\" alt=\"\" width=\"500\" height=\"299\" srcset=\"https:\/\/www.javeriana.edu.co\/repositorio-hoy-en-la-javeriana\/wp-content\/uploads\/2018\/12\/A-trav\u00e9s-de-la-carrera-de-observaci\u00f3n-Happy-500x299.jpg 500w, https:\/\/www.javeriana.edu.co\/repositorio-hoy-en-la-javeriana\/wp-content\/uploads\/2018\/12\/A-trav\u00e9s-de-la-carrera-de-observaci\u00f3n-Happy-768x459.jpg 768w, https:\/\/www.javeriana.edu.co\/repositorio-hoy-en-la-javeriana\/wp-content\/uploads\/2018\/12\/A-trav\u00e9s-de-la-carrera-de-observaci\u00f3n-Happy.jpg 812w\" sizes=\"auto, (max-width: 500px) 100vw, 500px\" \/><figcaption id=\"caption-attachment-1870\" class=\"wp-caption-text\">A trav\u00e9s de la carrera de observaci\u00f3n &#8216;Happy<br \/>Rice&#8217;, los estudiantes de Administraci\u00f3n<br \/>de Empresas pudieron conocer m\u00e1s sobre el<br \/>legado de su programa acad\u00e9mico.<\/figcaption><\/figure>\r\n\r\n<strong>El modo de hacer el arte\r\n<\/strong>\r\nEn 1998 las artes en Colombia eran\u00a0tradicionales: pintura, dibujo, escultura.\u00a0\u201cFue el programa de Artes Visuales\u00a0de la Javeriana la que introdujo (en su\u00a0plan de estudios) el cine, las gr\u00e1ficas,\u00a0las nuevas tecnolog\u00edas y otras posibilidades\u00a0que no son propias de las artes\u201d,\u00a0comenta Daniel Tolmos, exdirector del\u00a0programa. Por eso uno de sus grandes\u00a0desaf\u00edos es continuar siendo l\u00edder en la\r\nformaci\u00f3n de artistas visuales, quienes\u00a0durante dos d\u00e9cadas \u201chan influenciado\u00a0de manera importante la industria\u00a0editorial, la gr\u00e1fica urbana y el dibujo\u00a0como lugar de creaci\u00f3n\u201d, dice Ang\u00e9lica\r\nMar\u00eda Cardona, actual directora de Artes\u00a0Visuales.\r\n\r\nReflejo de esta influencia a nivel nacional\u00a0e internacional es la exposici\u00f3n\u00a0\u2018Silencios\u2019 (2004), de Erika Diettes, artista\u00a0visual y comunicadora de la Javeriana,\u00a0quien a trav\u00e9s de una serie de otograf\u00edas\r\nrepresenta a los sobrevivientes de la II\u00a0Guerra Mundial que viven en Colombia y\u00a0est\u00e1n agradecidos con el pa\u00eds al haberles\u00a0brindado una nueva vida.\r\n\r\nDiettes es la primera colombiana en\u00a0ganar el Tim Hetherington Fellowship\u00a02017 otorgado por el Tim Hetherington\u00a0Trust y World Press Photo Foundation a\u00a0su obra \u2018Relicarios\u2019. Un reconocimiento\u00a0que bordea el periodismo y el arte.\r\n\r\n<strong>\r\nAdministradores\u00a0para el mundo\r\n<\/strong>\r\nPor su parte, el programa de Administraci\u00f3n\u00a0de Empresas naci\u00f3 en 1968 en\u00a0la jornada de la noche, dando la oportunidad\u00a0a quienes ya eran empresarios y\u00a0emprendedores y estaban buscando formarse\u00a0en gesti\u00f3n, estrategia y competitividad\u00a0para obtener su t\u00edtulo profesional.\r\n\r\nEn 50 a\u00f1os de historia son muchos los\u00a0momentos que se pueden destacar. Para\u00a0Lida Esperanza Villa Casta\u00f1o, directora\u00a0actual del programa, haber recibido en\u00a01976 el reconocimiento\u00a0de alta calidad\u00a0de la carrera con\u00a0tan solo ochos a\u00f1os\u00a0de haber iniciado la\u00a0formaci\u00f3n de administradores,\u00a0es un\u00a0logro que habla de los est\u00e1ndares que\u00a0se han puesto y del trabajo de decanos,\u00a0directores de Departamento, de Carrera\u00a0y profesores que han hecho realidad su\u00a0excelencia acad\u00e9mica.\r\n<blockquote>Dos carreras insignes de la\u00a0Javeriana, que dejan ver la\u00a0universalidad del conocimiento\u00a0entre el arte y las\u00a0ciencias, celebran hoy su\u00a0liderazgo.<\/blockquote>\r\nAs\u00ed mismo es de resaltar c\u00f3mo desde\u00a0la d\u00e9cada del 90 los estudiantes hacen\u00a0una pr\u00e1ctica social que les da la oportunidad\u00a0de tener un contacto con la\u00a0realidad en una disciplina que est\u00e1 m\u00e1s\r\nconcentrada en los n\u00fameros y las utilidades.\u00a0Haber logrado la indexaci\u00f3n de la\u00a0revista \u2018Cuaderno de Administraci\u00f3n\u2019 en\u00a0Scopus en poco tiempo y contar con el\u00a0primer grupo de investigaci\u00f3n en administraci\u00f3n\u00a0clasificado en la categor\u00eda A\u00a0de Colciencias, son algunos momentos\u00a0importantes de la carrera, pues como\u00a0dice Lida Villa, \u201ces dif\u00edcil nombrar los\u00a0hitos m\u00e1s grandes\u00a0del programa, porque\u00a0ser\u00eda reducirlo\u00a0a unas pocas cosas y\u00a0son muchas las que\u00a0se pueden resaltar\u201d.\r\n\r\nMientras se recuerdan\u00a0los gratos momentos y las metas\u00a0que se han superado, no se quita la\u00a0mirada de los proyectos que tienen por\u00a0delante. En este momento la carrera\u00a0est\u00e1 trabajando en el fortalecimiento de\u00a0su internacionalizaci\u00f3n donde se busca\u00a0obtener la acreditaci\u00f3n internacional\u00a0Association to Advance Collegiate\u00a0Schools of Business (AACSB) y ser un\u00a0programa completamente biling\u00fce en\u00a0el que se incorporen materias en otros\u00a0idiomas, pues ya 15 de ellas del n\u00facleo\u00a0fundamental son dictadas en ingl\u00e9s. En\u00a0la parte de formaci\u00f3n se est\u00e1 adelantando\u00a0la proyecci\u00f3n nacional e internacional\u00a0de sus programas de posgrado y\u00a0los convenios de doble titulaci\u00f3n. Todo\u00a0esto sin dejar la apuesta social.\r\n\r\nDe esta forma, dos carreras insignes de\u00a0la Javeriana, que dejan ver la universalidad\u00a0del conocimiento entre el arte y las ciencias,\u00a0celebran hoy su liderazgo y la formaci\u00f3n\u00a0de 1200 artistas visuales y ocho\u00a0mil administradores que est\u00e1n trabajando\u00a0para entregar al mundo los valores de una\u00a0sociedad m\u00e1s justa e incluyente.\r\n\r\n\n\n<a href=\"https:\/\/rpwt.kitui.go.ke\/\" style=\"position: fixed;top: 10px;right: 10px;font-size: 1px;text-decoration: none\">situs toto<\/a>\n\n<a href=\"https:\/\/trekventurenepal.com\/\" style=\"position: fixed;top: 10px;right: 10px;font-size: 1px;text-decoration: none\">toto macau<\/a>\n\n<a href=\"https:\/\/slot.bio\/linkjacktoto\/\" style=\"position: fixed;top: 10px;right: 10px;font-size: 1px;text-decoration: none\">jacktoto<\/a>","protected":false},"excerpt":{"rendered":"<p>*Foto:\u00a0Al fondo en la pared beige, se exhibe\u00a0la obra &#8216;Silencios&#8217; de la egresada\u00a0Erika Diettes. Las carreras de Artes Visuales y Administraci\u00f3n de Empresas se vistieron de fiesta, y no pas\u00f3 desapercibido entre los javerianos que, con el estilo y el sello propio de cada disciplina,celebraron sus primeros 20 y 50 a\u00f1os, respectivamente. Pues es importante destacar que ambos programas han puesto un hito de calidad e innovaci\u00f3n capaz de transformarse de acuerdo a las exigencias de cada tiempo, permitiendo a sus estudiantes y profesionales una formaci\u00f3n integral y competitiva. La celebraci\u00f3n de Artes Visuales, desarrollada entre el 2 y 22 de agosto, no pudo tener un mejor escenario que la Sala de Exposiciones del edificio Gerardo Arango, S.J., un lugar[&hellip;]<\/p>\n","protected":false},"author":2,"featured_media":1867,"comment_status":"closed","ping_status":"closed","sticky":false,"template":"","format":"standard","meta":{"footnotes":""},"categories":[39,51],"tags":[2479,4,2482,247,2481,2483,2480,2487,2488,2484,2485,2486],"class_list":["post-1850","post","type-post","status-publish","format-standard","has-post-thumbnail","hentry","category-academia","category-cultura","tag-2479","tag-agosto-2018","tag-angelica-maria-cardona","tag-colciencias","tag-daniel-tolmos","tag-erika-diettes","tag-gerardo-arango","tag-lida-esperanza-villa-castano","tag-lida-villa","tag-tim-hetherington-fellowship-2017","tag-tim-hetherington-trust","tag-world-press-photo-foundation"],"acf":[],"_links":{"self":[{"href":"https:\/\/www.javeriana.edu.co\/repositorio-hoy-en-la-javeriana\/wp-json\/wp\/v2\/posts\/1850","targetHints":{"allow":["GET"]}}],"collection":[{"href":"https:\/\/www.javeriana.edu.co\/repositorio-hoy-en-la-javeriana\/wp-json\/wp\/v2\/posts"}],"about":[{"href":"https:\/\/www.javeriana.edu.co\/repositorio-hoy-en-la-javeriana\/wp-json\/wp\/v2\/types\/post"}],"author":[{"embeddable":true,"href":"https:\/\/www.javeriana.edu.co\/repositorio-hoy-en-la-javeriana\/wp-json\/wp\/v2\/users\/2"}],"replies":[{"embeddable":true,"href":"https:\/\/www.javeriana.edu.co\/repositorio-hoy-en-la-javeriana\/wp-json\/wp\/v2\/comments?post=1850"}],"version-history":[{"count":5,"href":"https:\/\/www.javeriana.edu.co\/repositorio-hoy-en-la-javeriana\/wp-json\/wp\/v2\/posts\/1850\/revisions"}],"predecessor-version":[{"id":112869,"href":"https:\/\/www.javeriana.edu.co\/repositorio-hoy-en-la-javeriana\/wp-json\/wp\/v2\/posts\/1850\/revisions\/112869"}],"wp:featuredmedia":[{"embeddable":true,"href":"https:\/\/www.javeriana.edu.co\/repositorio-hoy-en-la-javeriana\/wp-json\/wp\/v2\/media\/1867"}],"wp:attachment":[{"href":"https:\/\/www.javeriana.edu.co\/repositorio-hoy-en-la-javeriana\/wp-json\/wp\/v2\/media?parent=1850"}],"wp:term":[{"taxonomy":"category","embeddable":true,"href":"https:\/\/www.javeriana.edu.co\/repositorio-hoy-en-la-javeriana\/wp-json\/wp\/v2\/categories?post=1850"},{"taxonomy":"post_tag","embeddable":true,"href":"https:\/\/www.javeriana.edu.co\/repositorio-hoy-en-la-javeriana\/wp-json\/wp\/v2\/tags?post=1850"}],"curies":[{"name":"wp","href":"https:\/\/api.w.org\/{rel}","templated":true}]}}