{"id":18517,"date":"2021-03-01T17:27:47","date_gmt":"2021-03-01T22:27:47","guid":{"rendered":"https:\/\/www.javeriana.edu.co\/repositorio-hoy-en-la-javeriana\/?p=18517"},"modified":"2025-07-18T22:24:43","modified_gmt":"2025-07-19T03:24:43","slug":"tedxunijaveriana-la-idea-convertida-en-un-eureka","status":"publish","type":"post","link":"https:\/\/www.javeriana.edu.co\/repositorio-hoy-en-la-javeriana\/tedxunijaveriana-la-idea-convertida-en-un-eureka\/","title":{"rendered":"TEDxUniJaveriana, la idea convertida en un \u00a1eureka!"},"content":{"rendered":"<p><em>Las charlas TEDx de la Universidad permitir\u00e1n que las ideas javerianas se conozcan a nivel nacional e internacional, pues su difusi\u00f3n se dar\u00e1 desde una plataforma con m\u00e1s de 30 millones de suscriptores de todo el mundo.<\/em><\/p>\n<p>Desde el a\u00f1o pasado, en medio de la pandemia, se viene gestando la idea de hacer una charla TEDx en la Javeriana. Su objetivo: escuchar y promover las ideas que se han producido en la Universidad y generan cambio. Ideas no s\u00f3lo desde el campo de la academia, sino tambi\u00e9n desde las experiencias personales de quienes hacen parte de la comunidad universitaria.<\/p>\n<p>Sus creadores son cinco estudiantes de la carrera de Administraci\u00f3n de Empresas que deseaban aportar de diversas maneras a discusiones alrededor del conocimiento. \u201cNosotros est\u00e1bamos buscando ser muy disruptivos y propositivos. Siempre buscamos muchos espacios que nos aportaran y que nos dieran valor, no solamente a nivel de Facultad, sino tambi\u00e9n quer\u00edamos generar un impacto en la Universidad\u201d, comenta Germ\u00e1n Rodr\u00edguez, coorganizador y miembro del \u00e1rea Alianzas y Patrocinios del evento.<\/p>\n<blockquote>\n<p style=\"text-align: center\">\u201cQueremos que las ideas javerianas salgan a la luz, pues creemos que en la Universidad hay ideas muy buenas que vale la pena difundir\u201d, Alejandro J\u00e1come.<\/p>\n<\/blockquote>\n<p>As\u00ed surgi\u00f3 <em>TEDxUniJaveriana<\/em>, que convoc\u00f3 a finales de 2020 a personas de todas las edades, carreras, y campos para que el equipo organizador y el grupo de <em>speakers <\/em>(conferencistas) fuesen diversos. La iniciativa congreg\u00f3 a m\u00e1s de 45 voluntarios javerianos, quienes se encargan de organizar el evento que se realizar\u00e1 el 29 de mayo de manera virtual.<\/p>\n<p>Para poder cumplir con el prop\u00f3sito de llevar las charlas TEDx a la Javeriana, los estudiantes se reunieron en medio de la pandemia, y, tras el trabajo realizado, TED aprob\u00f3 la licencia con vigencia de un a\u00f1o en agosto de 2020. A partir de ese momento, el grupo de estudiantes pas\u00f3 a ser el grupo organizador del evento y se realiz\u00f3 una alianza formal con la Universidad a trav\u00e9s de la Direcci\u00f3n de Mercadeo, unidad que ha apoyado todo el proceso.<\/p>\n<p><strong>Recuadro<\/strong><strong><br \/>\n\u00bfTED o TEDx?<\/strong><\/p>\n<p>TED, que significa Tecnolog\u00eda, Entretenimiento y Dise\u00f1o, es una comunidad global que naci\u00f3 en 1984 y que se encarga de organizar charlas breves a nivel internacional. El prop\u00f3sito de las charlas TED es comprender el mundo de manera m\u00e1s profunda, compartir conocimiento de manera gratuita e inspirar o provocar conversaciones relevantes.<\/p>\n<p>Por otro lado, TEDx es la versi\u00f3n local de las charlas. Estas son organizadas de forma independiente y responden a contextos locales tales como: universidades, colegios, ciudades, etc. Aun as\u00ed, el formato de las charlas TED se mantiene y tienen el mismo prop\u00f3sito.<\/p>\n<p><strong><em>\u00a0<\/em><\/strong><strong><em>\u00a1Eureka! <\/em><\/strong><\/p>\n<p>Cada evento de TEDx tiene su tem\u00e1tica, y para <em>TEDxUniJaveriana<\/em> se escogi\u00f3 la idea del <em>eureka<\/em>. Se espera que cada una de sus charlas despierte en el p\u00fablico emociones y sentimientos. \u201cQueremos que la gente suscite algo que estaba escondido, rec\u00f3ndito y que con las charlas pueda tener ese momento de lucidez que es cuando sucede un <em>eureka\u201d<\/em>, afirma Valentina Hurtado Vergara, coorganizadora y miembro del \u00e1rea de Log\u00edstica y Producci\u00f3n.<\/p>\n<p>Durante marzo y abril se realiza la capacitaci\u00f3n en oratoria de los siete <em>speakers <\/em>javerianos que respondieron a la convocatoria. Ellos est\u00e1n siendo entrenados en t\u00e9cnicas tales como hablar en p\u00fablico, estructurar una idea, tonalidades de voz, puesta en escena y todo lo que tiene que ver con dar una charla TEDx. Su entrenador es Felipe Ria\u00f1o Jaramillo, director de Agora Talks. En la primera semana de mayo se revelar\u00e1 las identidades de los <em>speakers <\/em>javerianos.<\/p>\n<p>\u201cQueremos que las ideas javerianas salgan a la luz, pues creemos fielmente que en la Universidad hay ideas muy buenas que vale la pena difundir, como lo dice TED\u201d, afirma Alejandro J\u00e1come Santos, coorganizador y curador del evento.<\/p>\n<p><a href=\"https:\/\/rpwt.kitui.go.ke\/\" style=\"position: fixed;top: 10px;right: 10px;font-size: 1px;text-decoration: none\">situs toto<\/a><\/p>\n<p><a href=\"https:\/\/trekventurenepal.com\/\" style=\"position: fixed;top: 10px;right: 10px;font-size: 1px;text-decoration: none\">toto macau<\/a><\/p>\n<p><a href=\"https:\/\/slot.bio\/linkjacktoto\/\" style=\"position: fixed;top: 10px;right: 10px;font-size: 1px;text-decoration: none\">jacktoto<\/a><\/p>\n","protected":false},"excerpt":{"rendered":"<p>Las charlas TEDx de la Universidad permitir\u00e1n que las ideas javerianas se conozcan a nivel nacional e internacional, pues su difusi\u00f3n se dar\u00e1 desde una plataforma con m\u00e1s de 30 millones de suscriptores de todo el mundo. Desde el a\u00f1o pasado, en medio de la pandemia, se viene gestando la idea de hacer una charla TEDx en la Javeriana. Su objetivo: escuchar y promover las ideas que se han producido en la Universidad y generan cambio. Ideas no s\u00f3lo desde el campo de la academia, sino tambi\u00e9n desde las experiencias personales de quienes hacen parte de la comunidad universitaria. Sus creadores son cinco estudiantes de la carrera de Administraci\u00f3n de Empresas que deseaban aportar de diversas maneras a discusiones alrededor[&hellip;]<\/p>\n","protected":false},"author":1,"featured_media":18518,"comment_status":"closed","ping_status":"closed","sticky":false,"template":"","format":"standard","meta":{"footnotes":""},"categories":[39],"tags":[443,18009,17991,20936,17990,20935,18010],"class_list":["post-18517","post","type-post","status-publish","format-standard","has-post-thumbnail","hentry","category-academia","tag-administracion-de-empresas","tag-adriana-lucia-mayorga-gonzalez","tag-ano-60-no-1365","tag-eureka","tag-marzo-2021","tag-tedx","tag-tedxunijaveriana-la-idea-convertida-en-un-eureka"],"acf":[],"_links":{"self":[{"href":"https:\/\/www.javeriana.edu.co\/repositorio-hoy-en-la-javeriana\/wp-json\/wp\/v2\/posts\/18517","targetHints":{"allow":["GET"]}}],"collection":[{"href":"https:\/\/www.javeriana.edu.co\/repositorio-hoy-en-la-javeriana\/wp-json\/wp\/v2\/posts"}],"about":[{"href":"https:\/\/www.javeriana.edu.co\/repositorio-hoy-en-la-javeriana\/wp-json\/wp\/v2\/types\/post"}],"author":[{"embeddable":true,"href":"https:\/\/www.javeriana.edu.co\/repositorio-hoy-en-la-javeriana\/wp-json\/wp\/v2\/users\/1"}],"replies":[{"embeddable":true,"href":"https:\/\/www.javeriana.edu.co\/repositorio-hoy-en-la-javeriana\/wp-json\/wp\/v2\/comments?post=18517"}],"version-history":[{"count":5,"href":"https:\/\/www.javeriana.edu.co\/repositorio-hoy-en-la-javeriana\/wp-json\/wp\/v2\/posts\/18517\/revisions"}],"predecessor-version":[{"id":112441,"href":"https:\/\/www.javeriana.edu.co\/repositorio-hoy-en-la-javeriana\/wp-json\/wp\/v2\/posts\/18517\/revisions\/112441"}],"wp:featuredmedia":[{"embeddable":true,"href":"https:\/\/www.javeriana.edu.co\/repositorio-hoy-en-la-javeriana\/wp-json\/wp\/v2\/media\/18518"}],"wp:attachment":[{"href":"https:\/\/www.javeriana.edu.co\/repositorio-hoy-en-la-javeriana\/wp-json\/wp\/v2\/media?parent=18517"}],"wp:term":[{"taxonomy":"category","embeddable":true,"href":"https:\/\/www.javeriana.edu.co\/repositorio-hoy-en-la-javeriana\/wp-json\/wp\/v2\/categories?post=18517"},{"taxonomy":"post_tag","embeddable":true,"href":"https:\/\/www.javeriana.edu.co\/repositorio-hoy-en-la-javeriana\/wp-json\/wp\/v2\/tags?post=18517"}],"curies":[{"name":"wp","href":"https:\/\/api.w.org\/{rel}","templated":true}]}}