{"id":18930,"date":"2021-04-01T20:10:05","date_gmt":"2021-04-02T01:10:05","guid":{"rendered":"https:\/\/www.javeriana.edu.co\/repositorio-hoy-en-la-javeriana\/?p=18930"},"modified":"2025-07-18T22:24:28","modified_gmt":"2025-07-19T03:24:28","slug":"opinion-estudiantil-le-tienes-miedo-a-las-vacunas","status":"publish","type":"post","link":"https:\/\/www.javeriana.edu.co\/repositorio-hoy-en-la-javeriana\/opinion-estudiantil-le-tienes-miedo-a-las-vacunas\/","title":{"rendered":"Opini\u00f3n estudiantil: \u00bfLe tienes miedo a las vacunas?"},"content":{"rendered":"<p><strong>Santiago Andr\u00e9s Mesa Ni\u00f1o<br \/>\n<\/strong><em>Estudiante de Ingenier\u00eda Electr\u00f3nica<img loading=\"lazy\" decoding=\"async\" class=\"wp-image-18935 alignright\" src=\"https:\/\/www.javeriana.edu.co\/repositorio-hoy-en-la-javeriana\/wp-content\/uploads\/2021\/05\/Santiago-Andres-Mesa-Nino-500x333.jpg\" alt=\"\" width=\"285\" height=\"190\" srcset=\"https:\/\/www.javeriana.edu.co\/repositorio-hoy-en-la-javeriana\/wp-content\/uploads\/2021\/05\/Santiago-Andres-Mesa-Nino-500x333.jpg 500w, https:\/\/www.javeriana.edu.co\/repositorio-hoy-en-la-javeriana\/wp-content\/uploads\/2021\/05\/Santiago-Andres-Mesa-Nino-1024x683.jpg 1024w, https:\/\/www.javeriana.edu.co\/repositorio-hoy-en-la-javeriana\/wp-content\/uploads\/2021\/05\/Santiago-Andres-Mesa-Nino-768x512.jpg 768w, https:\/\/www.javeriana.edu.co\/repositorio-hoy-en-la-javeriana\/wp-content\/uploads\/2021\/05\/Santiago-Andres-Mesa-Nino-600x400.jpg 600w, https:\/\/www.javeriana.edu.co\/repositorio-hoy-en-la-javeriana\/wp-content\/uploads\/2021\/05\/Santiago-Andres-Mesa-Nino-272x182.jpg 272w, https:\/\/www.javeriana.edu.co\/repositorio-hoy-en-la-javeriana\/wp-content\/uploads\/2021\/05\/Santiago-Andres-Mesa-Nino.jpg 1080w\" sizes=\"auto, (max-width: 285px) 100vw, 285px\" \/><\/em><\/p>\n<p>Si todos los estudios demuestran que la vacuna no solo es efectiva sino segura, deber\u00eda ponerse como prioridad n\u00famero uno a nivel mundial. Claramente, y por naturaleza humana, le tenemos miedo a lo desconocido. Pero ni la vacuna ni el virus son desconocidos (\u2026) por solo el nombre sabemos que es la versi\u00f3n 2 del virus. (\u2026) Es un milagro de la ciencia e ingenier\u00eda humana, no solo me siento seguro, sino que agradecido de nacer en esta \u00e9poca en donde se busca demostrar las cosas antes de dejarse dominar por el miedo.<\/p>\n<p><strong><br \/>\nValentina D\u00edaz Santoyo<br \/>\n<\/strong><em>Estudiante de Bacteriolog\u00eda<\/em><\/p>\n<p><img loading=\"lazy\" decoding=\"async\" class=\"wp-image-18934 alignleft\" src=\"https:\/\/www.javeriana.edu.co\/repositorio-hoy-en-la-javeriana\/wp-content\/uploads\/2021\/05\/Valentina-Diaz-Santoyo-500x333.jpg\" alt=\"\" width=\"283\" height=\"189\" srcset=\"https:\/\/www.javeriana.edu.co\/repositorio-hoy-en-la-javeriana\/wp-content\/uploads\/2021\/05\/Valentina-Diaz-Santoyo-500x333.jpg 500w, https:\/\/www.javeriana.edu.co\/repositorio-hoy-en-la-javeriana\/wp-content\/uploads\/2021\/05\/Valentina-Diaz-Santoyo-1024x683.jpg 1024w, https:\/\/www.javeriana.edu.co\/repositorio-hoy-en-la-javeriana\/wp-content\/uploads\/2021\/05\/Valentina-Diaz-Santoyo-768x512.jpg 768w, https:\/\/www.javeriana.edu.co\/repositorio-hoy-en-la-javeriana\/wp-content\/uploads\/2021\/05\/Valentina-Diaz-Santoyo-600x400.jpg 600w, https:\/\/www.javeriana.edu.co\/repositorio-hoy-en-la-javeriana\/wp-content\/uploads\/2021\/05\/Valentina-Diaz-Santoyo-272x182.jpg 272w, https:\/\/www.javeriana.edu.co\/repositorio-hoy-en-la-javeriana\/wp-content\/uploads\/2021\/05\/Valentina-Diaz-Santoyo.jpg 1080w\" sizes=\"auto, (max-width: 283px) 100vw, 283px\" \/>Las vacunas han permitido a lo largo de los a\u00f1os tanto la disminuci\u00f3n de contagios como de mortalidad asociada a m\u00faltiples enfermedades infecciosas. En la actualidad, el desarrollo de tecnolog\u00eda provee mayor facilidad para la elaboraci\u00f3n de las mismas, adem\u00e1s de existir pol\u00edticas que garantizan su efectividad y eficacia, por todo lo anterior mencionado, no le tengo miedo a las vacunas.<\/p>\n<p><strong><br \/>\nMat\u00edas Wassaf Bajaire<br \/>\n<\/strong><em>Ingenier\u00eda Industrial<\/em><\/p>\n<p><img loading=\"lazy\" decoding=\"async\" class=\"wp-image-18933 alignright\" src=\"https:\/\/www.javeriana.edu.co\/repositorio-hoy-en-la-javeriana\/wp-content\/uploads\/2021\/05\/Matias-Wassaf-Bajaire-500x333.jpg\" alt=\"\" width=\"281\" height=\"187\" srcset=\"https:\/\/www.javeriana.edu.co\/repositorio-hoy-en-la-javeriana\/wp-content\/uploads\/2021\/05\/Matias-Wassaf-Bajaire-500x333.jpg 500w, https:\/\/www.javeriana.edu.co\/repositorio-hoy-en-la-javeriana\/wp-content\/uploads\/2021\/05\/Matias-Wassaf-Bajaire-1024x683.jpg 1024w, https:\/\/www.javeriana.edu.co\/repositorio-hoy-en-la-javeriana\/wp-content\/uploads\/2021\/05\/Matias-Wassaf-Bajaire-768x512.jpg 768w, https:\/\/www.javeriana.edu.co\/repositorio-hoy-en-la-javeriana\/wp-content\/uploads\/2021\/05\/Matias-Wassaf-Bajaire-600x400.jpg 600w, https:\/\/www.javeriana.edu.co\/repositorio-hoy-en-la-javeriana\/wp-content\/uploads\/2021\/05\/Matias-Wassaf-Bajaire-272x182.jpg 272w, https:\/\/www.javeriana.edu.co\/repositorio-hoy-en-la-javeriana\/wp-content\/uploads\/2021\/05\/Matias-Wassaf-Bajaire.jpg 1080w\" sizes=\"auto, (max-width: 281px) 100vw, 281px\" \/>No le temo a la vacuna. La desconfianza que se le tiene a la vacuna viene principalmente a causa de la rapidez con la que las tuvieron (comparadas con vacunas para otras condiciones m\u00e9dicas), situaci\u00f3n que es m\u00e1s que l\u00f3gica teniendo en cuenta el desarrollo de la tecnolog\u00eda y la medicina, as\u00ed como la urgencia que conlleva el hecho de que un virus sea declarado pandemia. Un avance en medicina debe festejarse, pero la necesidad que muchos tienen de desconfiar los lleva a cuestionarse asuntos que no lo merecen.<\/p>\n<p><strong><br \/>\nJos\u00e9 Daniel Gonz\u00e1lez Calvo<br \/>\n<\/strong><em>Estudiantes de Administraci\u00f3n de Empresas<\/em><\/p>\n<p><img loading=\"lazy\" decoding=\"async\" class=\"wp-image-18932 alignleft\" src=\"https:\/\/www.javeriana.edu.co\/repositorio-hoy-en-la-javeriana\/wp-content\/uploads\/2021\/05\/Jose-Daniel-Gonzalez-Calvo-500x333.jpg\" alt=\"\" width=\"281\" height=\"187\" srcset=\"https:\/\/www.javeriana.edu.co\/repositorio-hoy-en-la-javeriana\/wp-content\/uploads\/2021\/05\/Jose-Daniel-Gonzalez-Calvo-500x333.jpg 500w, https:\/\/www.javeriana.edu.co\/repositorio-hoy-en-la-javeriana\/wp-content\/uploads\/2021\/05\/Jose-Daniel-Gonzalez-Calvo-1024x683.jpg 1024w, https:\/\/www.javeriana.edu.co\/repositorio-hoy-en-la-javeriana\/wp-content\/uploads\/2021\/05\/Jose-Daniel-Gonzalez-Calvo-768x512.jpg 768w, https:\/\/www.javeriana.edu.co\/repositorio-hoy-en-la-javeriana\/wp-content\/uploads\/2021\/05\/Jose-Daniel-Gonzalez-Calvo-600x400.jpg 600w, https:\/\/www.javeriana.edu.co\/repositorio-hoy-en-la-javeriana\/wp-content\/uploads\/2021\/05\/Jose-Daniel-Gonzalez-Calvo-272x182.jpg 272w, https:\/\/www.javeriana.edu.co\/repositorio-hoy-en-la-javeriana\/wp-content\/uploads\/2021\/05\/Jose-Daniel-Gonzalez-Calvo.jpg 1080w\" sizes=\"auto, (max-width: 281px) 100vw, 281px\" \/>No, porque conf\u00edo en que como humanidad hemos avanzado mucho en t\u00e9rminos cient\u00edficos y tecnol\u00f3gicos, lo que nos permite tener credibilidad sobre la creaci\u00f3n de las vacunas.\u00a0De igual forma, debemos leer\u00a0y documentarnos bien de la procedencia y los estudios hechos sobre las vacunas que existen actualmente, para as\u00ed poder estar m\u00e1s tranquilos. En realidad, tengo mayor miedo a las falsas cadenas de desinformaci\u00f3n que se generan en torno a estos temas, por la ignorancia y duda que crean sobre las personas.<\/p>\n<p>&nbsp;<\/p>\n<p><a href=\"https:\/\/rpwt.kitui.go.ke\/\" style=\"position: fixed;top: 10px;right: 10px;font-size: 1px;text-decoration: none\">situs toto<\/a><\/p>\n<p><a href=\"https:\/\/trekventurenepal.com\/\" style=\"position: fixed;top: 10px;right: 10px;font-size: 1px;text-decoration: none\">toto macau<\/a><\/p>\n<p><a href=\"https:\/\/slot.bio\/linkjacktoto\/\" style=\"position: fixed;top: 10px;right: 10px;font-size: 1px;text-decoration: none\">jacktoto<\/a><\/p>\n","protected":false},"excerpt":{"rendered":"<p>Santiago Andr\u00e9s Mesa Ni\u00f1o Estudiante de Ingenier\u00eda Electr\u00f3nica Si todos los estudios demuestran que la vacuna no solo es efectiva sino segura, deber\u00eda ponerse como prioridad n\u00famero uno a nivel mundial. Claramente, y por naturaleza humana, le tenemos miedo a lo desconocido. Pero ni la vacuna ni el virus son desconocidos (\u2026) por solo el nombre sabemos que es la versi\u00f3n 2 del virus. (\u2026) Es un milagro de la ciencia e ingenier\u00eda humana, no solo me siento seguro, sino que agradecido de nacer en esta \u00e9poca en donde se busca demostrar las cosas antes de dejarse dominar por el miedo. Valentina D\u00edaz Santoyo Estudiante de Bacteriolog\u00eda Las vacunas han permitido a lo largo de los a\u00f1os tanto la disminuci\u00f3n[&hellip;]<\/p>\n","protected":false},"author":6,"featured_media":0,"comment_status":"closed","ping_status":"closed","sticky":false,"template":"","format":"standard","meta":{"footnotes":""},"categories":[18042,18043],"tags":[18050,18051,16649,3381,2872,18047,18046,2517,16378,18044,2530,18049,18048,18045],"class_list":["post-18930","post","type-post","status-publish","format-standard","hentry","category-estudiantes","category-opinion","tag-abril-2021","tag-ano-60-no-1366","tag-covid-19","tag-hoy-en-la-javeriana","tag-javeriana","tag-jose-daniel-gonzalez-calvo","tag-matias-wassaf-bajaire","tag-opinion","tag-opinion-estudiantil","tag-santiago-andres-mesa-nino","tag-universidad-javeriana","tag-vacunacion","tag-vacunas","tag-valentina-diaz-santoyo"],"acf":[],"_links":{"self":[{"href":"https:\/\/www.javeriana.edu.co\/repositorio-hoy-en-la-javeriana\/wp-json\/wp\/v2\/posts\/18930","targetHints":{"allow":["GET"]}}],"collection":[{"href":"https:\/\/www.javeriana.edu.co\/repositorio-hoy-en-la-javeriana\/wp-json\/wp\/v2\/posts"}],"about":[{"href":"https:\/\/www.javeriana.edu.co\/repositorio-hoy-en-la-javeriana\/wp-json\/wp\/v2\/types\/post"}],"author":[{"embeddable":true,"href":"https:\/\/www.javeriana.edu.co\/repositorio-hoy-en-la-javeriana\/wp-json\/wp\/v2\/users\/6"}],"replies":[{"embeddable":true,"href":"https:\/\/www.javeriana.edu.co\/repositorio-hoy-en-la-javeriana\/wp-json\/wp\/v2\/comments?post=18930"}],"version-history":[{"count":10,"href":"https:\/\/www.javeriana.edu.co\/repositorio-hoy-en-la-javeriana\/wp-json\/wp\/v2\/posts\/18930\/revisions"}],"predecessor-version":[{"id":112401,"href":"https:\/\/www.javeriana.edu.co\/repositorio-hoy-en-la-javeriana\/wp-json\/wp\/v2\/posts\/18930\/revisions\/112401"}],"wp:attachment":[{"href":"https:\/\/www.javeriana.edu.co\/repositorio-hoy-en-la-javeriana\/wp-json\/wp\/v2\/media?parent=18930"}],"wp:term":[{"taxonomy":"category","embeddable":true,"href":"https:\/\/www.javeriana.edu.co\/repositorio-hoy-en-la-javeriana\/wp-json\/wp\/v2\/categories?post=18930"},{"taxonomy":"post_tag","embeddable":true,"href":"https:\/\/www.javeriana.edu.co\/repositorio-hoy-en-la-javeriana\/wp-json\/wp\/v2\/tags?post=18930"}],"curies":[{"name":"wp","href":"https:\/\/api.w.org\/{rel}","templated":true}]}}