{"id":19211,"date":"2021-05-01T10:19:21","date_gmt":"2021-05-01T15:19:21","guid":{"rendered":"https:\/\/www.javeriana.edu.co\/repositorio-hoy-en-la-javeriana\/?p=19211"},"modified":"2025-07-18T22:24:17","modified_gmt":"2025-07-19T03:24:17","slug":"cual-es-la-situacion-de-los-ecosistemas-del-pais","status":"publish","type":"post","link":"https:\/\/www.javeriana.edu.co\/repositorio-hoy-en-la-javeriana\/cual-es-la-situacion-de-los-ecosistemas-del-pais\/","title":{"rendered":"\u00bfCu\u00e1l es la situaci\u00f3n de los ecosistemas del pa\u00eds?"},"content":{"rendered":"<p><em>La crisis ambiental del mundo obliga a los pa\u00edses a contar con herramientas que les permitan monitorear el estado de los diferentes sistemas biol\u00f3gicos en sus territorios con el fin de tomar medidas correctivas y preventivas para su conservaci\u00f3n. La Universidad Javeriana, Cooperaci\u00f3n Internacional Colombia y el Instituto Humboldt presentan Ecosistemas colombianos. Amenazas y riesgos, un libro clave para esa tarea.<\/em><\/p>\n<p>*La poblaci\u00f3n humana y sus demandas de recursos siguen en aumento, impactando y transformando los ecosistemas. La transformaci\u00f3n y degradaci\u00f3n de los ecosistemas, que son el h\u00e1bitat y soporte esencial de los procesos y servicios ecol\u00f3gicos, configuran uno de los grandes problemas contempor\u00e1neos relacionados con los cambios globales.<\/p>\n<p>Las actividades humanas y el cambio clim\u00e1tico est\u00e1n poniendo en riesgo la viabilidad futura de los ecosistemas y la disponibilidad y calidad de los bienes y servicios ecosist\u00e9micos que dependen de las caracter\u00edsticas y la distribuci\u00f3n geogr\u00e1fica de ellos. Por esta raz\u00f3n es de gran importancia conocer sus caracter\u00edsticas, los factores de amenaza y el estado de conservaci\u00f3n de los ecosistemas.<\/p>\n<p><img loading=\"lazy\" decoding=\"async\" class=\" wp-image-19212 alignleft\" src=\"https:\/\/www.javeriana.edu.co\/repositorio-hoy-en-la-javeriana\/wp-content\/uploads\/2021\/06\/Libro-Ecosistemas-colombianos-363x500.jpg\" alt=\"\" width=\"278\" height=\"383\" srcset=\"https:\/\/www.javeriana.edu.co\/repositorio-hoy-en-la-javeriana\/wp-content\/uploads\/2021\/06\/Libro-Ecosistemas-colombianos-363x500.jpg 363w, https:\/\/www.javeriana.edu.co\/repositorio-hoy-en-la-javeriana\/wp-content\/uploads\/2021\/06\/Libro-Ecosistemas-colombianos.jpg 528w\" sizes=\"auto, (max-width: 278px) 100vw, 278px\" \/>Actuar efectivamente ante este escenario, requiere que la toma de decisiones de planificaci\u00f3n y gesti\u00f3n est\u00e9n apoyadas por informaci\u00f3n acerca de las tendencias de cambio, verificable y replicable, que permita a su vez evaluar los impactos de las pol\u00edticas y los logros de objetivos ambientales y de desarrollo.<\/p>\n<p>La Lista Roja de Ecosistemas (LRE) proporciona un nuevo est\u00e1ndar unificado de car\u00e1cter global, desarrollado por la Uni\u00f3n Internacional de Conservaci\u00f3n de la Naturaleza (UICN), cuyo prop\u00f3sito es orientar procesos de evaluaci\u00f3n de riesgo que sean comparables y compatibles, acerca del estado de todos los ecosistemas del mundo, que pueda ser aplicado de manera coherente desde el nivel global, hasta los niv<span style=\"font-size: 1.6rem\">eles regional, nacional o local.<\/span><\/p>\n<p>El libro <em>Ecosistemas colombianos. Amenazas y riesgos,<\/em> coeditado por la Universidad Javeriana, Cooperaci\u00f3n\u00a0<span style=\"font-size: 1.6rem\">Internacional Colombia y el Instituto Humboldt, presenta la primera evaluaci\u00f3n nacional de los ecosistemas terrestres continentales de Colombia aplicando esta metodolog\u00eda, con el fin de aportar a la orientaci\u00f3n de la planificaci\u00f3n ambiental del pa\u00eds.<\/span><\/p>\n<p>Esta metodolog\u00eda permite valorar y comparar la situaci\u00f3n de riesgo de los ecosistemas, seg\u00fan criterios cuantitativos estandarizados, para por ejemplo hacer seguimiento de la efectividad de cumplimiento de acuerdos o pol\u00edticas, o prever los riesgos e impactos de futuros proyectos de desarrollo. Aqu\u00ed presentamos una primera evaluaci\u00f3n nacional de los ecosistemas terrestres continentales d<span style=\"font-size: 1.6rem\">e Colombia aplicando esta metodolog\u00eda, con el fin de aportar a la orientaci\u00f3n de la planificaci\u00f3n ambiental del pa\u00eds.<\/span><\/p>\n<p><em>* Tomado de la introducci\u00f3n del libro de autor\u00eda de Andr\u00e9s Etter, \u00c1ngela Andrade y Mateo Z\u00fa\u00f1iga<\/em><\/p>\n<p><a href=\"https:\/\/rpwt.kitui.go.ke\/\" style=\"position: fixed;top: 10px;right: 10px;font-size: 1px;text-decoration: none\">situs toto<\/a><\/p>\n<p><a href=\"https:\/\/trekventurenepal.com\/\" style=\"position: fixed;top: 10px;right: 10px;font-size: 1px;text-decoration: none\">toto macau<\/a><\/p>\n<p><a href=\"https:\/\/slot.bio\/linkjacktoto\/\" style=\"position: fixed;top: 10px;right: 10px;font-size: 1px;text-decoration: none\">jacktoto<\/a><\/p>\n","protected":false},"excerpt":{"rendered":"<p>La crisis ambiental del mundo obliga a los pa\u00edses a contar con herramientas que les permitan monitorear el estado de los diferentes sistemas biol\u00f3gicos en sus territorios con el fin de tomar medidas correctivas y preventivas para su conservaci\u00f3n. La Universidad Javeriana, Cooperaci\u00f3n Internacional Colombia y el Instituto Humboldt presentan Ecosistemas colombianos. Amenazas y riesgos, un libro clave para esa tarea. *La poblaci\u00f3n humana y sus demandas de recursos siguen en aumento, impactando y transformando los ecosistemas. La transformaci\u00f3n y degradaci\u00f3n de los ecosistemas, que son el h\u00e1bitat y soporte esencial de los procesos y servicios ecol\u00f3gicos, configuran uno de los grandes problemas contempor\u00e1neos relacionados con los cambios globales. Las actividades humanas y el cambio clim\u00e1tico est\u00e1n poniendo en riesgo[&hellip;]<\/p>\n","protected":false},"author":6,"featured_media":19304,"comment_status":"closed","ping_status":"closed","sticky":false,"template":"","format":"standard","meta":{"footnotes":""},"categories":[3,59],"tags":[18811,18812,18451,15789,18806,18801,18798,18804,17415,18803,18805,3381,18802,18808,18810,18813,18450,18799,14166,18807,18800,16866,18809,2530],"class_list":["post-19211","post","type-post","status-publish","format-standard","has-post-thumbnail","hentry","category-medio-ambiente","category-sociedad","tag-andres-etter","tag-angela-andrade","tag-ano-60-no-1367","tag-cambio-climatico","tag-cambios-globales","tag-cooperacion-internacional-colombia","tag-crisis-ambiental","tag-degradacion","tag-ecosistemas","tag-ecosistemas-colombianos-amenazas-y-riesgos","tag-habitat","tag-hoy-en-la-javeriana","tag-instituto-humboldt","tag-la-lista-roja-de-ecosistemas","tag-libro","tag-mateo-zuniga","tag-mayo-2021","tag-paises","tag-recursos","tag-servicios-ecosistemicos","tag-sistemas-biologicos","tag-transformacion","tag-union-internacional-de-conservacion-de-la-naturaleza","tag-universidad-javeriana"],"acf":[],"_links":{"self":[{"href":"https:\/\/www.javeriana.edu.co\/repositorio-hoy-en-la-javeriana\/wp-json\/wp\/v2\/posts\/19211","targetHints":{"allow":["GET"]}}],"collection":[{"href":"https:\/\/www.javeriana.edu.co\/repositorio-hoy-en-la-javeriana\/wp-json\/wp\/v2\/posts"}],"about":[{"href":"https:\/\/www.javeriana.edu.co\/repositorio-hoy-en-la-javeriana\/wp-json\/wp\/v2\/types\/post"}],"author":[{"embeddable":true,"href":"https:\/\/www.javeriana.edu.co\/repositorio-hoy-en-la-javeriana\/wp-json\/wp\/v2\/users\/6"}],"replies":[{"embeddable":true,"href":"https:\/\/www.javeriana.edu.co\/repositorio-hoy-en-la-javeriana\/wp-json\/wp\/v2\/comments?post=19211"}],"version-history":[{"count":6,"href":"https:\/\/www.javeriana.edu.co\/repositorio-hoy-en-la-javeriana\/wp-json\/wp\/v2\/posts\/19211\/revisions"}],"predecessor-version":[{"id":112385,"href":"https:\/\/www.javeriana.edu.co\/repositorio-hoy-en-la-javeriana\/wp-json\/wp\/v2\/posts\/19211\/revisions\/112385"}],"wp:featuredmedia":[{"embeddable":true,"href":"https:\/\/www.javeriana.edu.co\/repositorio-hoy-en-la-javeriana\/wp-json\/wp\/v2\/media\/19304"}],"wp:attachment":[{"href":"https:\/\/www.javeriana.edu.co\/repositorio-hoy-en-la-javeriana\/wp-json\/wp\/v2\/media?parent=19211"}],"wp:term":[{"taxonomy":"category","embeddable":true,"href":"https:\/\/www.javeriana.edu.co\/repositorio-hoy-en-la-javeriana\/wp-json\/wp\/v2\/categories?post=19211"},{"taxonomy":"post_tag","embeddable":true,"href":"https:\/\/www.javeriana.edu.co\/repositorio-hoy-en-la-javeriana\/wp-json\/wp\/v2\/tags?post=19211"}],"curies":[{"name":"wp","href":"https:\/\/api.w.org\/{rel}","templated":true}]}}