{"id":19229,"date":"2021-05-01T14:14:26","date_gmt":"2021-05-01T19:14:26","guid":{"rendered":"https:\/\/www.javeriana.edu.co\/repositorio-hoy-en-la-javeriana\/?p=19229"},"modified":"2025-07-18T22:24:13","modified_gmt":"2025-07-19T03:24:13","slug":"la-vision-javeriana-de-los-movimientos-sociales","status":"publish","type":"post","link":"https:\/\/www.javeriana.edu.co\/repositorio-hoy-en-la-javeriana\/la-vision-javeriana-de-los-movimientos-sociales\/","title":{"rendered":"La visi\u00f3n javeriana de los movimientos sociales"},"content":{"rendered":"<p>En medio de la movilizaci\u00f3n m\u00e1s larga y fuerte que ha vivido el pa\u00eds, cuando desde el 28 de abril se inici\u00f3 el paro nacional en contra de la reforma tributaria propuesta por el Gobierno nacional, y los ciudadanos continuaron la protesta en desacuerdo con la reforma a la salud, el desempleo, la falta de oportunidades para acceder a la educaci\u00f3n, entre otros temas, la Universidad Javeriana realiz\u00f3 el foro: \u201cActivismos y movimientos sociales: una visi\u00f3n javeriana\u201d.<\/p>\n<p>Vale la pena decir que este foro, que se desarroll\u00f3 en cuatro sesiones el 22 de abril, el 3, 6 y 13 de mayo, fue el primero que se contempl\u00f3 para iniciar los <strong><a href=\"https:\/\/www.javeriana.edu.co\/foros-javerianos\">Foros Javerianos sobre la coyuntura y el futuro de Colombia<\/a><\/strong>, a causa de las manifestaciones que vivi\u00f3 el pa\u00eds en noviembre de 2019. \u201cDesde ese momento, hemos tenido claro que como comunidad acad\u00e9mica debemos escuchar atentamente para poder contribuir a la reflexi\u00f3n y soluci\u00f3n de los problemas del pa\u00eds y por eso creamos esta serie de foros que ya llega a su sexta etapa\u201d, coment\u00f3 en la instalaci\u00f3n del foro el P. Jorge Humberto Pel\u00e1ez Piedrahita, S.J., rector de la Pontificia Universidad Javeriana.<\/p>\n<p>Para abordar el tema de forma amplia se cont\u00f3 con una serie de invitados que hablaron sobre medioambiente, g\u00e9nero, paz y conflicto; el papel de la fuerza p\u00fablica y la autoridad en la movilizaci\u00f3n social; la trayectoria que ha tenido la Universidad Javeriana en relaci\u00f3n con los movimientos sociales, y sobre la construcci\u00f3n de propuestas para una participaci\u00f3n social desde la educaci\u00f3n y el arte.<\/p>\n<figure id=\"attachment_19233\" aria-describedby=\"caption-attachment-19233\" style=\"width: 411px\" class=\"wp-caption alignnone\"><img loading=\"lazy\" decoding=\"async\" class=\"wp-image-19233\" src=\"https:\/\/www.javeriana.edu.co\/repositorio-hoy-en-la-javeriana\/wp-content\/uploads\/2021\/06\/Foro-movimientos-sociales-sesion-1-500x333.jpg\" alt=\"\" width=\"411\" height=\"274\" srcset=\"https:\/\/www.javeriana.edu.co\/repositorio-hoy-en-la-javeriana\/wp-content\/uploads\/2021\/06\/Foro-movimientos-sociales-sesion-1-500x333.jpg 500w, https:\/\/www.javeriana.edu.co\/repositorio-hoy-en-la-javeriana\/wp-content\/uploads\/2021\/06\/Foro-movimientos-sociales-sesion-1-1024x683.jpg 1024w, https:\/\/www.javeriana.edu.co\/repositorio-hoy-en-la-javeriana\/wp-content\/uploads\/2021\/06\/Foro-movimientos-sociales-sesion-1-768x512.jpg 768w, https:\/\/www.javeriana.edu.co\/repositorio-hoy-en-la-javeriana\/wp-content\/uploads\/2021\/06\/Foro-movimientos-sociales-sesion-1-600x400.jpg 600w, https:\/\/www.javeriana.edu.co\/repositorio-hoy-en-la-javeriana\/wp-content\/uploads\/2021\/06\/Foro-movimientos-sociales-sesion-1-272x182.jpg 272w, https:\/\/www.javeriana.edu.co\/repositorio-hoy-en-la-javeriana\/wp-content\/uploads\/2021\/06\/Foro-movimientos-sociales-sesion-1.jpg 1080w\" sizes=\"auto, (max-width: 411px) 100vw, 411px\" \/><figcaption id=\"caption-attachment-19233\" class=\"wp-caption-text\">Panelistas sesi\u00f3n 1: Los movimientos sociales actuales en la Colombia contempor\u00e1nea<\/figcaption><\/figure>\n<p>De acuerdo con Juliana Fl\u00f3rez, profesora del Instituto Pensar, los movimientos sociales han sido estudiados por cerca de 170 a\u00f1os donde los primeros cien fueron estigmatizados y en los 70 restantes se demostr\u00f3 que son actores leg\u00edtimos de un pa\u00eds y una democracia. Con ella coincide el profesor Henry Salgado, soci\u00f3logo de la Universidad Nacional, quien coment\u00f3 que varios autores analizan la acci\u00f3n colectiva como un fen\u00f3meno disfuncional y desde el punto de vista de la frustraci\u00f3n, ofreciendo un marco te\u00f3rico limitado y mostrando la protesta como algo marginal y negativo para la sociedad en su conjunto.<\/p>\n<p>Para Carolina Cepeda, directora de la Maestr\u00eda en Relaciones Internacionales, la movilizaci\u00f3n es un ejercicio pol\u00edtico ciudadano fuerte que ha logrado detener propuestas y decisiones como cuando la Mesa Amplia Nacional Estudiantil (MANE) impidi\u00f3 la reforma de la ley 30 de educaci\u00f3n superior o cuando el paro agrario logr\u00f3 que se revisara y abriera el debate sobre los Tratados de Libre Comercio (TLC) en Colombia y el efecto que tendr\u00edan en el pa\u00eds. A estas organizaciones tambi\u00e9n se han unido los ciudadanos que ven c\u00f3mo las decisiones del gobierno impactan su vida cotidiana y surgen protestas como el cacerolazo \u201cque no solo sirve para manifestar el descontento, sino para ver que no estoy solo, porque mis vecinos eventualmente piensan y sienten lo mismo que yo pienso y siento\u201d, dice Carolina.<\/p>\n<p><strong>El uso de la fuerza<\/strong><\/p>\n<p>\u201cQuienes ostentan el poder les est\u00e1 importando muy poco los destinatarios del poder (\u2026) creen que porque tienen el poder los otros deben obedecer. Eso se llama tiran\u00eda, y creo que eso es lo que estamos viendo ac\u00e1, una ruptura de legitimidad desde hace mucho tiempo. Y en la teor\u00eda del Estado, el uso de la fuerza, de la polic\u00eda, es la \u00faltima opci\u00f3n. Entonces cuando un gobernante usa la fuerza es porque ha perdido su credibilidad (\u2026) La polic\u00eda y el ej\u00e9rcito es otro mecanismo m\u00e1s del poder pol\u00edtico. Y cuando se tuvo la idea de militarizar las ciudades muchas voces le dec\u00edan al Gobierno nacional: no le haga eso al Ej\u00e9rcito. Asuma su costo pol\u00edtico y no lo ponga a \u00e9l a cargar esa responsabilidad y a desgastarlo m\u00e1s\u201d, coment\u00f3 Juan Felipe Garc\u00eda, director del Departamento de Filosof\u00eda del Derecho.<\/p>\n<figure id=\"attachment_19234\" aria-describedby=\"caption-attachment-19234\" style=\"width: 419px\" class=\"wp-caption alignnone\"><img loading=\"lazy\" decoding=\"async\" class=\"wp-image-19234\" src=\"https:\/\/www.javeriana.edu.co\/repositorio-hoy-en-la-javeriana\/wp-content\/uploads\/2021\/06\/Foro-movimientos-sociales-sesion-2-500x333.jpg\" alt=\"\" width=\"419\" height=\"279\" srcset=\"https:\/\/www.javeriana.edu.co\/repositorio-hoy-en-la-javeriana\/wp-content\/uploads\/2021\/06\/Foro-movimientos-sociales-sesion-2-500x333.jpg 500w, https:\/\/www.javeriana.edu.co\/repositorio-hoy-en-la-javeriana\/wp-content\/uploads\/2021\/06\/Foro-movimientos-sociales-sesion-2-1024x683.jpg 1024w, https:\/\/www.javeriana.edu.co\/repositorio-hoy-en-la-javeriana\/wp-content\/uploads\/2021\/06\/Foro-movimientos-sociales-sesion-2-768x512.jpg 768w, https:\/\/www.javeriana.edu.co\/repositorio-hoy-en-la-javeriana\/wp-content\/uploads\/2021\/06\/Foro-movimientos-sociales-sesion-2-600x400.jpg 600w, https:\/\/www.javeriana.edu.co\/repositorio-hoy-en-la-javeriana\/wp-content\/uploads\/2021\/06\/Foro-movimientos-sociales-sesion-2-272x182.jpg 272w, https:\/\/www.javeriana.edu.co\/repositorio-hoy-en-la-javeriana\/wp-content\/uploads\/2021\/06\/Foro-movimientos-sociales-sesion-2.jpg 1080w\" sizes=\"auto, (max-width: 419px) 100vw, 419px\" \/><figcaption id=\"caption-attachment-19234\" class=\"wp-caption-text\">Panelistas sesi\u00f3n 2: Movilizaci\u00f3n social y fuerza p\u00fablica: \u00bfRepresi\u00f3n, censura o ejercicio leg\u00edtimo de la autoridad en la protesta social?<\/figcaption><\/figure>\n<p>Frente a este mismo tema del papel de la fuerza p\u00fablica, Andr\u00e9s D\u00e1vila Ladr\u00f3n de Guevara, profesor Departamento de Ciencia Pol\u00edtica, expres\u00f3 que \u201chace falta control civil a los excesos de la Polic\u00eda, porque en este momento ni la Contralor\u00eda, ni la Fiscal\u00eda, ni la Defensor\u00eda ejercen su rol. Pero tambi\u00e9n veo una Polic\u00eda desgastada y cansada con lo que les ha tocado asumir durante la pandemia (\u2026) sabemos que el n\u00famero de polic\u00edas es peque\u00f1o para las necesidades de las grandes ciudades, entonces tenemos una Polic\u00eda reventada y sometida a la presi\u00f3n, excedidos, fuera de lugar, reprimiendo, violando derechos humanos, haciendo lo que no deber\u00edan hacer sin un control, ni un liderazgo civil claro que los ordene, y generando estas circunstancias que son tremendamente da\u00f1inas para el pa\u00eds\u201d.<\/p>\n<p><strong>La memoria en el arte<\/strong><\/p>\n<p>Los diferentes invitados coincidieron en que esta situaci\u00f3n que vive Colombia tuvo como detonante la reforma tributaria presentada por el ahora exministro Alberto Carrasquilla. Pero la molestia de la sociedad viene de tiempo atr\u00e1s. Mar\u00eda Teresa Garc\u00e9s, egresada de Derecho de la Javeriana y quien particip\u00f3 en los movimientos estudiantiles de los a\u00f1os 70, considera que es necesario reconocer la complejidad del conflicto. \u201cLas interpretaciones simplistas son lo peor. Hay que reconocer el inmenso descontento de la poblaci\u00f3n, en los j\u00f3venes (\u2026) las movilizaciones han sido multitudinarias, y un aspecto muy grave es la inmensa desconfianza en quienes nos representan en el gobierno y en el congreso\u201d.<\/p>\n<figure id=\"attachment_19235\" aria-describedby=\"caption-attachment-19235\" style=\"width: 428px\" class=\"wp-caption alignnone\"><img loading=\"lazy\" decoding=\"async\" class=\"wp-image-19235\" src=\"https:\/\/www.javeriana.edu.co\/repositorio-hoy-en-la-javeriana\/wp-content\/uploads\/2021\/06\/Foro-movimientos-sociales-sesion-3-500x333.jpg\" alt=\"\" width=\"428\" height=\"285\" srcset=\"https:\/\/www.javeriana.edu.co\/repositorio-hoy-en-la-javeriana\/wp-content\/uploads\/2021\/06\/Foro-movimientos-sociales-sesion-3-500x333.jpg 500w, https:\/\/www.javeriana.edu.co\/repositorio-hoy-en-la-javeriana\/wp-content\/uploads\/2021\/06\/Foro-movimientos-sociales-sesion-3-1024x683.jpg 1024w, https:\/\/www.javeriana.edu.co\/repositorio-hoy-en-la-javeriana\/wp-content\/uploads\/2021\/06\/Foro-movimientos-sociales-sesion-3-768x512.jpg 768w, https:\/\/www.javeriana.edu.co\/repositorio-hoy-en-la-javeriana\/wp-content\/uploads\/2021\/06\/Foro-movimientos-sociales-sesion-3-600x400.jpg 600w, https:\/\/www.javeriana.edu.co\/repositorio-hoy-en-la-javeriana\/wp-content\/uploads\/2021\/06\/Foro-movimientos-sociales-sesion-3-272x182.jpg 272w, https:\/\/www.javeriana.edu.co\/repositorio-hoy-en-la-javeriana\/wp-content\/uploads\/2021\/06\/Foro-movimientos-sociales-sesion-3.jpg 1080w\" sizes=\"auto, (max-width: 428px) 100vw, 428px\" \/><figcaption id=\"caption-attachment-19235\" class=\"wp-caption-text\">Panelistas sesi\u00f3n 3: Estar en el mundo: La Universidad Javeriana y los movimientos sociales.<\/figcaption><\/figure>\n<p>Una de las formas de manifestar ese descontento y molestia ha sido a trav\u00e9s de expresiones art\u00edsticas y gr\u00e1ficas que se toman las calles, cuyo prop\u00f3sito es \u201chacer un ejercicio de resistencia frente al olvido y la amnesia que ha sido impuesta en el pa\u00eds (\u2026) Por eso desde el lenguaje y la gr\u00e1fica queremos posicionar este tipo de mensajes\u201d, dijo Mauricio Pineda, representante del Colectivo Despierta. En este mismo sentido, Carlos Prieto, profesor del Departamento de Derecho laboral, coment\u00f3 c\u00f3mo el arte en muchas ocasiones ha sido marginado al mero entretenimiento y no se considera relevante a la hora de abordar los problemas de una comunidad. \u201cEsa visi\u00f3n es desafortunada y limita mucho las formas como las personas interactuamos. El arte no est\u00e1 alejado de las realidades y contextos en los que las personas viven\u201d.<\/p>\n<figure id=\"attachment_19236\" aria-describedby=\"caption-attachment-19236\" style=\"width: 431px\" class=\"wp-caption alignnone\"><img loading=\"lazy\" decoding=\"async\" class=\"wp-image-19236\" src=\"https:\/\/www.javeriana.edu.co\/repositorio-hoy-en-la-javeriana\/wp-content\/uploads\/2021\/06\/Foro-movimientos-sociales-sesion-4-500x333.jpg\" alt=\"\" width=\"431\" height=\"287\" srcset=\"https:\/\/www.javeriana.edu.co\/repositorio-hoy-en-la-javeriana\/wp-content\/uploads\/2021\/06\/Foro-movimientos-sociales-sesion-4-500x333.jpg 500w, https:\/\/www.javeriana.edu.co\/repositorio-hoy-en-la-javeriana\/wp-content\/uploads\/2021\/06\/Foro-movimientos-sociales-sesion-4-1024x683.jpg 1024w, https:\/\/www.javeriana.edu.co\/repositorio-hoy-en-la-javeriana\/wp-content\/uploads\/2021\/06\/Foro-movimientos-sociales-sesion-4-768x512.jpg 768w, https:\/\/www.javeriana.edu.co\/repositorio-hoy-en-la-javeriana\/wp-content\/uploads\/2021\/06\/Foro-movimientos-sociales-sesion-4-600x400.jpg 600w, https:\/\/www.javeriana.edu.co\/repositorio-hoy-en-la-javeriana\/wp-content\/uploads\/2021\/06\/Foro-movimientos-sociales-sesion-4-272x182.jpg 272w, https:\/\/www.javeriana.edu.co\/repositorio-hoy-en-la-javeriana\/wp-content\/uploads\/2021\/06\/Foro-movimientos-sociales-sesion-4.jpg 1080w\" sizes=\"auto, (max-width: 431px) 100vw, 431px\" \/><figcaption id=\"caption-attachment-19236\" class=\"wp-caption-text\">Panelistas sesi\u00f3n 4: Propuestas: Activismo desde el curr\u00edculo y desde el arte.<\/figcaption><\/figure>\n<p>Justamente es a trav\u00e9s del arte como las madres de Soacha mantienen viva la memoria y lo que ocurri\u00f3 con sus hijos y seres queridos entre 2006 y 2009, en los llamados falsos positivos cuando el Ej\u00e9rcito asesin\u00f3 civiles para hacerlos pasar como guerrilleros en combate. De acuerdo con Jacqueline Castillo, hermana de Jaime Castillo quien apareci\u00f3 muerto el 12 de agosto de 2008 en Oca\u00f1a, las madres de Soacha cuentan su historia a trav\u00e9s de la pintura en telas, tatuajes en su cuerpo y tallando en la madera el rostro de sus hijos. \u201cHoy 13 a\u00f1os despu\u00e9s, estas madres a trav\u00e9s del arte, la m\u00fasica y la pintura hemos logrado sanar en algo estas heridas y hoy puedo decir que estamos listas para tener un encuentro con nuestros victimarios\u201d, expres\u00f3 Jacqueline.<\/p>\n<p>En medio de las tensiones pol\u00edticas, sociales, econ\u00f3micas, de salud y de la diversidad de pensamientos, posturas y creencias, una de las ense\u00f1anzas que esta realidad deja al P. Luis Fernando M\u00fanera, S.J., decano de la Facultad de Ciencias Pol\u00edticas y Relaciones Internacionales de la Universidad Javeriana hasta noviembre de 2020, es que \u201cla movilizaci\u00f3n estudiantil es un proceso de los estudiantes que la Universidad debe respetar y acompa\u00f1ar, pero no se trata de cooptarlo (\u2026) La Universidad busca ser un espacio plural y democr\u00e1tico y eso implica acoger y aceptar modos de vida diferentes. Y algo que he aprendido de la Universidad es que, si quiere ser esa casa de todos donde podemos escuchar y dialogar, tiene que ser muy cuidadosa cuando se pronuncia, porque se est\u00e1 pronunciando en nombre de una comunidad muy plural que piensa muy distinto y que es importante que piense distinto\u201d.<\/p>\n<p><strong><a href=\"https:\/\/www.javeriana.edu.co\/foros-javerianos\/-\/activismo-y-movimientos-sociales\">Aqu\u00ed encuentra y puede ver cada una de las sesiones del foro: Activismos y movimientos sociales: una visi\u00f3n javeriana.<\/a><\/strong><\/p>\n<p>&nbsp;<\/p>\n<p><a href=\"https:\/\/rpwt.kitui.go.ke\/\" style=\"position: fixed;top: 10px;right: 10px;font-size: 1px;text-decoration: none\">situs toto<\/a><\/p>\n<p><a href=\"https:\/\/trekventurenepal.com\/\" style=\"position: fixed;top: 10px;right: 10px;font-size: 1px;text-decoration: none\">toto macau<\/a><\/p>\n<p><a href=\"https:\/\/slot.bio\/linkjacktoto\/\" style=\"position: fixed;top: 10px;right: 10px;font-size: 1px;text-decoration: none\">jacktoto<\/a><\/p>\n","protected":false},"excerpt":{"rendered":"<p>En medio de la movilizaci\u00f3n m\u00e1s larga y fuerte que ha vivido el pa\u00eds, cuando desde el 28 de abril se inici\u00f3 el paro nacional en contra de la reforma tributaria propuesta por el Gobierno nacional, y los ciudadanos continuaron la protesta en desacuerdo con la reforma a la salud, el desempleo, la falta de oportunidades para acceder a la educaci\u00f3n, entre otros temas, la Universidad Javeriana realiz\u00f3 el foro: \u201cActivismos y movimientos sociales: una visi\u00f3n javeriana\u201d. Vale la pena decir que este foro, que se desarroll\u00f3 en cuatro sesiones el 22 de abril, el 3, 6 y 13 de mayo, fue el primero que se contempl\u00f3 para iniciar los Foros Javerianos sobre la coyuntura y el futuro de Colombia,[&hellip;]<\/p>\n","protected":false},"author":6,"featured_media":19232,"comment_status":"closed","ping_status":"closed","sticky":false,"template":"","format":"standard","meta":{"footnotes":""},"categories":[39,105,59],"tags":[8204,18897,18924,18920,18451,18923,11193,18909,18931,18904,4815,1822,18896,18922,16912,17238,18932,18919,126,9092,271,18911,7120,18927,357,18934,18921,18895,18901,18905,16909,18903,10535,4422,18908,3381,556,18935,18936,18918,18907,18906,18916,18933,18910,18925,18930,18450,18902,18146,18912,18170,18926,18894,14396,18929,17437,18937,18167,18913,18898,9392,18917,18817,2639,18276,18169,594,13,18900,18899,18928,18915,18914,2530,2933,18890],"class_list":["post-19229","post","type-post","status-publish","format-standard","has-post-thumbnail","hentry","category-academia","category-institucional","category-sociedad","tag-desempleo","tag-activismos","tag-alberto-carrasquilla","tag-andres-davila-ladron-de-guevara","tag-ano-60-no-1367","tag-cacerolazo","tag-carlos-prieto","tag-carolina-cepeda","tag-colectivo-despierta","tag-conflicto","tag-congreso","tag-contraloria","tag-coyuntura","tag-defensoria","tag-democracia","tag-departamento-de-ciencia-politica","tag-departamento-de-derecho-laboral","tag-departamento-de-filosofia-del-derecho","tag-derecho","tag-derechos-humanos","tag-educacion","tag-ejercicio-politico","tag-ejercito","tag-expresiones-artisticas","tag-facultad-de-ciencias-politicas-y-relaciones-internacionales","tag-falsos-positivos","tag-fiscalia","tag-foro-javeriano","tag-foros-javerianos-sobre-la-coyuntura-y-el-futuro-de-colombia","tag-fuerza-publica","tag-futuro-de-colombia","tag-genero","tag-gobierno","tag-gobierno-nacional","tag-henry-salgado","tag-hoy-en-la-javeriana","tag-instituto-pensar","tag-jacqueline-castillo","tag-jaime-castillo","tag-juan-felipe-garcia","tag-juliana-florez","tag-la-autoridad","tag-legitimidad","tag-madres-de-soacha","tag-maestria-en-relaciones-internacionales","tag-maria-teresa-garces","tag-mauricio-pineda","tag-mayo-2021","tag-medioambiente","tag-memoria","tag-mesa-amplia-nacional-estudiantil","tag-movilizacion-social","tag-movimientos-estudiantiles","tag-movimientos-sociales","tag-ocana","tag-olvido","tag-p-jorge-humberto-pelaez-piedrahita-s-j","tag-p-luis-fernando-munera-s-j","tag-pais","tag-paro-agrario","tag-paro-nacional","tag-paz","tag-poder-politico","tag-policia","tag-pontificia-universidad-javeriana","tag-propuestas","tag-protesta","tag-rector","tag-reflexion","tag-reforma-a-la-salud","tag-reforma-tributaria","tag-resistencia","tag-tirania","tag-tratados-de-libre-comercio","tag-universidad-javeriana","tag-universidad-nacional","tag-victimarios"],"acf":[],"_links":{"self":[{"href":"https:\/\/www.javeriana.edu.co\/repositorio-hoy-en-la-javeriana\/wp-json\/wp\/v2\/posts\/19229","targetHints":{"allow":["GET"]}}],"collection":[{"href":"https:\/\/www.javeriana.edu.co\/repositorio-hoy-en-la-javeriana\/wp-json\/wp\/v2\/posts"}],"about":[{"href":"https:\/\/www.javeriana.edu.co\/repositorio-hoy-en-la-javeriana\/wp-json\/wp\/v2\/types\/post"}],"author":[{"embeddable":true,"href":"https:\/\/www.javeriana.edu.co\/repositorio-hoy-en-la-javeriana\/wp-json\/wp\/v2\/users\/6"}],"replies":[{"embeddable":true,"href":"https:\/\/www.javeriana.edu.co\/repositorio-hoy-en-la-javeriana\/wp-json\/wp\/v2\/comments?post=19229"}],"version-history":[{"count":7,"href":"https:\/\/www.javeriana.edu.co\/repositorio-hoy-en-la-javeriana\/wp-json\/wp\/v2\/posts\/19229\/revisions"}],"predecessor-version":[{"id":112379,"href":"https:\/\/www.javeriana.edu.co\/repositorio-hoy-en-la-javeriana\/wp-json\/wp\/v2\/posts\/19229\/revisions\/112379"}],"wp:featuredmedia":[{"embeddable":true,"href":"https:\/\/www.javeriana.edu.co\/repositorio-hoy-en-la-javeriana\/wp-json\/wp\/v2\/media\/19232"}],"wp:attachment":[{"href":"https:\/\/www.javeriana.edu.co\/repositorio-hoy-en-la-javeriana\/wp-json\/wp\/v2\/media?parent=19229"}],"wp:term":[{"taxonomy":"category","embeddable":true,"href":"https:\/\/www.javeriana.edu.co\/repositorio-hoy-en-la-javeriana\/wp-json\/wp\/v2\/categories?post=19229"},{"taxonomy":"post_tag","embeddable":true,"href":"https:\/\/www.javeriana.edu.co\/repositorio-hoy-en-la-javeriana\/wp-json\/wp\/v2\/tags?post=19229"}],"curies":[{"name":"wp","href":"https:\/\/api.w.org\/{rel}","templated":true}]}}