{"id":19394,"date":"1967-05-11T11:13:28","date_gmt":"1967-05-11T16:13:28","guid":{"rendered":"https:\/\/www.javeriana.edu.co\/repositorio-hoy-en-la-javeriana\/?p=19394"},"modified":"2021-07-12T11:16:34","modified_gmt":"2021-07-12T16:16:34","slug":"nuevo-academico-de-numero-de-la-academia-nacional-de-medicina","status":"publish","type":"post","link":"https:\/\/www.javeriana.edu.co\/repositorio-hoy-en-la-javeriana\/nuevo-academico-de-numero-de-la-academia-nacional-de-medicina\/","title":{"rendered":"Nuevo acad\u00e9mico de n\u00famero de la Academia Nacional de Medicina"},"content":{"rendered":"<p>En solemne acto que tuvo lugar en la Biblioteca \u00abLuis Angel Arango\u00bb, en el d\u00eda de ayer, el Dr. Fernando Serpa Fl\u00f3rez fue nombrado Acad\u00e9mico de N\u00famero de la Academia Nacional de Medicina.<\/p>\n<p>El Dr. Serpa Fl\u00f3rez, que est\u00e1 vinculado a la Universidad, tiene a su cargo las c\u00e1tedras de Medicina Preventiva y Salud P\u00fablica en la Facultad de Medicina.<\/p>\n","protected":false},"excerpt":{"rendered":"<p>En solemne acto que tuvo lugar en la Biblioteca \u00abLuis Angel Arango\u00bb, en el d\u00eda de ayer, el Dr. Fernando Serpa Fl\u00f3rez fue nombrado Acad\u00e9mico de N\u00famero de la Academia Nacional de Medicina. El Dr. Serpa Fl\u00f3rez, que est\u00e1 vinculado a la Universidad, tiene a su cargo las c\u00e1tedras de Medicina Preventiva y Salud P\u00fablica en la Facultad de Medicina.<\/p>\n","protected":false},"author":1,"featured_media":19338,"comment_status":"closed","ping_status":"closed","sticky":false,"template":"","format":"standard","meta":{"footnotes":""},"categories":[39],"tags":[19084,19086,19077,2627,97,19085,19076,19038,3635,19087],"class_list":["post-19394","post","type-post","status-publish","format-standard","has-post-thumbnail","hentry","category-academia","tag-academia-nacional-de-medicina","tag-academico-de-numero-de-la-academia-nacional-de-medicina","tag-ano-7-n-14","tag-biblioteca-luis-angel-arango","tag-facultad-de-medicina","tag-fernando-serpa-florez","tag-mayo-1967","tag-medicina-preventiva","tag-salud-publica","tag-serpa-florez"],"acf":[],"_links":{"self":[{"href":"https:\/\/www.javeriana.edu.co\/repositorio-hoy-en-la-javeriana\/wp-json\/wp\/v2\/posts\/19394","targetHints":{"allow":["GET"]}}],"collection":[{"href":"https:\/\/www.javeriana.edu.co\/repositorio-hoy-en-la-javeriana\/wp-json\/wp\/v2\/posts"}],"about":[{"href":"https:\/\/www.javeriana.edu.co\/repositorio-hoy-en-la-javeriana\/wp-json\/wp\/v2\/types\/post"}],"author":[{"embeddable":true,"href":"https:\/\/www.javeriana.edu.co\/repositorio-hoy-en-la-javeriana\/wp-json\/wp\/v2\/users\/1"}],"replies":[{"embeddable":true,"href":"https:\/\/www.javeriana.edu.co\/repositorio-hoy-en-la-javeriana\/wp-json\/wp\/v2\/comments?post=19394"}],"version-history":[{"count":2,"href":"https:\/\/www.javeriana.edu.co\/repositorio-hoy-en-la-javeriana\/wp-json\/wp\/v2\/posts\/19394\/revisions"}],"predecessor-version":[{"id":19396,"href":"https:\/\/www.javeriana.edu.co\/repositorio-hoy-en-la-javeriana\/wp-json\/wp\/v2\/posts\/19394\/revisions\/19396"}],"wp:featuredmedia":[{"embeddable":true,"href":"https:\/\/www.javeriana.edu.co\/repositorio-hoy-en-la-javeriana\/wp-json\/wp\/v2\/media\/19338"}],"wp:attachment":[{"href":"https:\/\/www.javeriana.edu.co\/repositorio-hoy-en-la-javeriana\/wp-json\/wp\/v2\/media?parent=19394"}],"wp:term":[{"taxonomy":"category","embeddable":true,"href":"https:\/\/www.javeriana.edu.co\/repositorio-hoy-en-la-javeriana\/wp-json\/wp\/v2\/categories?post=19394"},{"taxonomy":"post_tag","embeddable":true,"href":"https:\/\/www.javeriana.edu.co\/repositorio-hoy-en-la-javeriana\/wp-json\/wp\/v2\/tags?post=19394"}],"curies":[{"name":"wp","href":"https:\/\/api.w.org\/{rel}","templated":true}]}}