{"id":19479,"date":"2021-06-01T01:30:26","date_gmt":"2021-06-01T06:30:26","guid":{"rendered":"https:\/\/www.javeriana.edu.co\/repositorio-hoy-en-la-javeriana\/?p=19479"},"modified":"2025-07-18T22:23:55","modified_gmt":"2025-07-19T03:23:55","slug":"noticias-de-la-seccional-cali","status":"publish","type":"post","link":"https:\/\/www.javeriana.edu.co\/repositorio-hoy-en-la-javeriana\/noticias-de-la-seccional-cali\/","title":{"rendered":"Noticias de la Seccional Cali"},"content":{"rendered":"<p><strong>Portal web \u201cColombia nos duele\u201d<\/strong><\/p>\n<p><img loading=\"lazy\" decoding=\"async\" class=\"wp-image-19486 alignleft\" src=\"https:\/\/www.javeriana.edu.co\/repositorio-hoy-en-la-javeriana\/wp-content\/uploads\/2021\/06\/Portal-web-Colombia-nos-duele-500x333.jpg\" alt=\"\" width=\"317\" height=\"211\" srcset=\"https:\/\/www.javeriana.edu.co\/repositorio-hoy-en-la-javeriana\/wp-content\/uploads\/2021\/06\/Portal-web-Colombia-nos-duele-500x333.jpg 500w, https:\/\/www.javeriana.edu.co\/repositorio-hoy-en-la-javeriana\/wp-content\/uploads\/2021\/06\/Portal-web-Colombia-nos-duele-1024x683.jpg 1024w, https:\/\/www.javeriana.edu.co\/repositorio-hoy-en-la-javeriana\/wp-content\/uploads\/2021\/06\/Portal-web-Colombia-nos-duele-768x512.jpg 768w, https:\/\/www.javeriana.edu.co\/repositorio-hoy-en-la-javeriana\/wp-content\/uploads\/2021\/06\/Portal-web-Colombia-nos-duele-600x400.jpg 600w, https:\/\/www.javeriana.edu.co\/repositorio-hoy-en-la-javeriana\/wp-content\/uploads\/2021\/06\/Portal-web-Colombia-nos-duele-272x182.jpg 272w, https:\/\/www.javeriana.edu.co\/repositorio-hoy-en-la-javeriana\/wp-content\/uploads\/2021\/06\/Portal-web-Colombia-nos-duele.jpg 1080w\" sizes=\"auto, (max-width: 317px) 100vw, 317px\" \/>El 25 de junio Javeriana Cali present\u00f3 el portal web <em>Colombia nos duele, Javeriana Cali propone: Datos y reflexiones del Paro Nacional 2021<\/em>, donde se compila y comparte informaci\u00f3n veraz y din\u00e1mica que permite tener una lectura amplia de la coyuntura actual y de esta manera comprender, analizar, reflexionar y esclarecer posibles acciones frente a las diferentes situaciones de tensi\u00f3n. A trav\u00e9s de diferentes herramientas como el geovisor y el <em>data studio<\/em> con datos cuantitativos, se presentan variables sociales y econ\u00f3micas existentes en los puntos de resistencia de Santiago de Cali y los departamentos del Cauca y Valle del Cauca.<\/p>\n<p>&nbsp;<\/p>\n<p><strong>Reconocimiento a profesores javerianos<\/strong><\/p>\n<p><img loading=\"lazy\" decoding=\"async\" class=\"wp-image-19483 alignright\" src=\"https:\/\/www.javeriana.edu.co\/repositorio-hoy-en-la-javeriana\/wp-content\/uploads\/2021\/06\/Dia-del-profesor-PUJ-Cali-500x333.jpg\" alt=\"\" width=\"339\" height=\"226\" srcset=\"https:\/\/www.javeriana.edu.co\/repositorio-hoy-en-la-javeriana\/wp-content\/uploads\/2021\/06\/Dia-del-profesor-PUJ-Cali-500x333.jpg 500w, https:\/\/www.javeriana.edu.co\/repositorio-hoy-en-la-javeriana\/wp-content\/uploads\/2021\/06\/Dia-del-profesor-PUJ-Cali-1024x683.jpg 1024w, https:\/\/www.javeriana.edu.co\/repositorio-hoy-en-la-javeriana\/wp-content\/uploads\/2021\/06\/Dia-del-profesor-PUJ-Cali-768x512.jpg 768w, https:\/\/www.javeriana.edu.co\/repositorio-hoy-en-la-javeriana\/wp-content\/uploads\/2021\/06\/Dia-del-profesor-PUJ-Cali-600x400.jpg 600w, https:\/\/www.javeriana.edu.co\/repositorio-hoy-en-la-javeriana\/wp-content\/uploads\/2021\/06\/Dia-del-profesor-PUJ-Cali-272x182.jpg 272w, https:\/\/www.javeriana.edu.co\/repositorio-hoy-en-la-javeriana\/wp-content\/uploads\/2021\/06\/Dia-del-profesor-PUJ-Cali.jpg 1080w\" sizes=\"auto, (max-width: 339px) 100vw, 339px\" \/>Javeriana Cali realiz\u00f3 una ceremonia de reconocimiento como parte de la celebraci\u00f3n del D\u00eda del Profesor. El encuentro se realiz\u00f3 el 17 de junio, debido a la situaci\u00f3n de orden p\u00fablico de Cali y la coyuntura del covid-19. En el acto estuvo presente el cuerpo directivo de la Universidad en cabeza del rector, P. Luis Felipe G\u00f3mez Restrepo, S.J., quien inici\u00f3 la ceremonia con unas palabras dedicadas a la excelencia humana como principal motor de la transformaci\u00f3n del pa\u00eds. Por su parte, el decano de la Facultad de Ingenier\u00eda y Ciencias, Camilo Rocha, comparti\u00f3 su testimonio en el que dedic\u00f3 unas palabras al profesor Hugo Fernando Prado, quien falleci\u00f3 d\u00edas atr\u00e1s y era respetado y apreciado por sus estudiantes y colegas.<\/p>\n<p>&nbsp;<\/p>\n<p><strong>El mejor programa de Arquitectura<\/strong><\/p>\n<p><img loading=\"lazy\" decoding=\"async\" class=\"wp-image-19487 alignleft\" src=\"https:\/\/www.javeriana.edu.co\/repositorio-hoy-en-la-javeriana\/wp-content\/uploads\/2021\/06\/Saber-pro-Arquitectura-500x333.jpg\" alt=\"\" width=\"344\" height=\"229\" srcset=\"https:\/\/www.javeriana.edu.co\/repositorio-hoy-en-la-javeriana\/wp-content\/uploads\/2021\/06\/Saber-pro-Arquitectura-500x333.jpg 500w, https:\/\/www.javeriana.edu.co\/repositorio-hoy-en-la-javeriana\/wp-content\/uploads\/2021\/06\/Saber-pro-Arquitectura-1024x683.jpg 1024w, https:\/\/www.javeriana.edu.co\/repositorio-hoy-en-la-javeriana\/wp-content\/uploads\/2021\/06\/Saber-pro-Arquitectura-768x512.jpg 768w, https:\/\/www.javeriana.edu.co\/repositorio-hoy-en-la-javeriana\/wp-content\/uploads\/2021\/06\/Saber-pro-Arquitectura-600x400.jpg 600w, https:\/\/www.javeriana.edu.co\/repositorio-hoy-en-la-javeriana\/wp-content\/uploads\/2021\/06\/Saber-pro-Arquitectura-272x182.jpg 272w, https:\/\/www.javeriana.edu.co\/repositorio-hoy-en-la-javeriana\/wp-content\/uploads\/2021\/06\/Saber-pro-Arquitectura.jpg 1080w\" sizes=\"auto, (max-width: 344px) 100vw, 344px\" \/>Con los resultados en las pruebas Saber Pro 2020, los estudiantes de Arquitectura lograron que la Javeriana en Cali ocupara el primer puesto en la ciudad y el s\u00e9ptimo en el pa\u00eds en el ranking anual de las mejores universidades por programa de pregrado. Esto ratifica que la Javeriana Cali es la \u00fanica universidad del suroccidente colombiano en el top 10 de las instituciones de educaci\u00f3n superior con carrera de Arquitectura m\u00e1s destacadas de Colombia. La informaci\u00f3n fue publicada el 1 de junio por la revista <em>Dinero<\/em>.<\/p>\n<p>&nbsp;<\/p>\n<p><strong>Nutrici\u00f3n y Diet\u00e9tica primer puesto en Saber Pro 2020<\/strong><\/p>\n<p><img loading=\"lazy\" decoding=\"async\" class=\"wp-image-19488 alignright\" src=\"https:\/\/www.javeriana.edu.co\/repositorio-hoy-en-la-javeriana\/wp-content\/uploads\/2021\/06\/Saber-pro-Nutricion-y-dietetica-500x333.jpg\" alt=\"\" width=\"318\" height=\"212\" srcset=\"https:\/\/www.javeriana.edu.co\/repositorio-hoy-en-la-javeriana\/wp-content\/uploads\/2021\/06\/Saber-pro-Nutricion-y-dietetica-500x333.jpg 500w, https:\/\/www.javeriana.edu.co\/repositorio-hoy-en-la-javeriana\/wp-content\/uploads\/2021\/06\/Saber-pro-Nutricion-y-dietetica-1024x683.jpg 1024w, https:\/\/www.javeriana.edu.co\/repositorio-hoy-en-la-javeriana\/wp-content\/uploads\/2021\/06\/Saber-pro-Nutricion-y-dietetica-768x512.jpg 768w, https:\/\/www.javeriana.edu.co\/repositorio-hoy-en-la-javeriana\/wp-content\/uploads\/2021\/06\/Saber-pro-Nutricion-y-dietetica-600x400.jpg 600w, https:\/\/www.javeriana.edu.co\/repositorio-hoy-en-la-javeriana\/wp-content\/uploads\/2021\/06\/Saber-pro-Nutricion-y-dietetica-272x182.jpg 272w, https:\/\/www.javeriana.edu.co\/repositorio-hoy-en-la-javeriana\/wp-content\/uploads\/2021\/06\/Saber-pro-Nutricion-y-dietetica.jpg 1080w\" sizes=\"auto, (max-width: 318px) 100vw, 318px\" \/>La primera cohorte de este programa, <em>ad portas<\/em> de graduarse, alcanz\u00f3 los mejores puntajes en el n\u00facleo b\u00e1sico de conocimiento que mide este examen nacional. Los estudiantes se destacaron en las competencias gen\u00e9ricas: comunicaci\u00f3n escrita, razonamiento cuantitativo, competencias ciudadanas, lectura cr\u00edtica e ingl\u00e9s, ubicando a la carrera de Nutrici\u00f3n y Diet\u00e9tica de la Javeriana Cali en el tercer puesto en el pa\u00eds y en el primero de la regi\u00f3n en el ranking de los mejores programas, seg\u00fan la clasificaci\u00f3n que anualmente realiza la revista <em>Dinero<\/em> y que public\u00f3 el 1 de junio.<\/p>\n<p>&nbsp;<\/p>\n<p><strong>Nuevo director del Centro de Consultor\u00eda y Educaci\u00f3n Continua<\/strong><\/p>\n<p><img loading=\"lazy\" decoding=\"async\" class=\"wp-image-19485 alignleft\" src=\"https:\/\/www.javeriana.edu.co\/repositorio-hoy-en-la-javeriana\/wp-content\/uploads\/2021\/06\/Mario-Julian-Mora-500x333.jpg\" alt=\"\" width=\"312\" height=\"208\" srcset=\"https:\/\/www.javeriana.edu.co\/repositorio-hoy-en-la-javeriana\/wp-content\/uploads\/2021\/06\/Mario-Julian-Mora-500x333.jpg 500w, https:\/\/www.javeriana.edu.co\/repositorio-hoy-en-la-javeriana\/wp-content\/uploads\/2021\/06\/Mario-Julian-Mora-1024x683.jpg 1024w, https:\/\/www.javeriana.edu.co\/repositorio-hoy-en-la-javeriana\/wp-content\/uploads\/2021\/06\/Mario-Julian-Mora-768x512.jpg 768w, https:\/\/www.javeriana.edu.co\/repositorio-hoy-en-la-javeriana\/wp-content\/uploads\/2021\/06\/Mario-Julian-Mora-600x400.jpg 600w, https:\/\/www.javeriana.edu.co\/repositorio-hoy-en-la-javeriana\/wp-content\/uploads\/2021\/06\/Mario-Julian-Mora-272x182.jpg 272w, https:\/\/www.javeriana.edu.co\/repositorio-hoy-en-la-javeriana\/wp-content\/uploads\/2021\/06\/Mario-Julian-Mora.jpg 1080w\" sizes=\"auto, (max-width: 312px) 100vw, 312px\" \/>Mario Juli\u00e1n Mora Cardona es el nuevo director del Centro de Consultor\u00eda y Educaci\u00f3n Continua, cargo que ocupaba anteriormente Jaime Figueroa, a quien agradecemos su compromiso durante estos a\u00f1os con su destacada labor. Mario se desempa\u00f1aba como decano de la Facultad de Ingenier\u00eda de la Universidad de San Buenaventura, instituci\u00f3n en la que trabaj\u00f3 por nueve a\u00f1os. Es ingeniero de Sistemas y computaci\u00f3n, especialista en Sistemas Gerenciales en Ingenier\u00eda y mag\u00edster en Ingenier\u00eda con \u00e9nfasis en sistemas y computaci\u00f3n.<\/p>\n<p>&nbsp;<\/p>\n<p><strong>Mejores Saber Pro de Administraci\u00f3n de Empresas<\/strong><\/p>\n<p><img loading=\"lazy\" decoding=\"async\" class=\"wp-image-19484 alignright\" src=\"https:\/\/www.javeriana.edu.co\/repositorio-hoy-en-la-javeriana\/wp-content\/uploads\/2021\/06\/Estudiantes-CEA-Cali-500x333.jpg\" alt=\"\" width=\"308\" height=\"205\" srcset=\"https:\/\/www.javeriana.edu.co\/repositorio-hoy-en-la-javeriana\/wp-content\/uploads\/2021\/06\/Estudiantes-CEA-Cali-500x333.jpg 500w, https:\/\/www.javeriana.edu.co\/repositorio-hoy-en-la-javeriana\/wp-content\/uploads\/2021\/06\/Estudiantes-CEA-Cali-1024x683.jpg 1024w, https:\/\/www.javeriana.edu.co\/repositorio-hoy-en-la-javeriana\/wp-content\/uploads\/2021\/06\/Estudiantes-CEA-Cali-768x512.jpg 768w, https:\/\/www.javeriana.edu.co\/repositorio-hoy-en-la-javeriana\/wp-content\/uploads\/2021\/06\/Estudiantes-CEA-Cali-600x400.jpg 600w, https:\/\/www.javeriana.edu.co\/repositorio-hoy-en-la-javeriana\/wp-content\/uploads\/2021\/06\/Estudiantes-CEA-Cali-272x182.jpg 272w, https:\/\/www.javeriana.edu.co\/repositorio-hoy-en-la-javeriana\/wp-content\/uploads\/2021\/06\/Estudiantes-CEA-Cali.jpg 1080w\" sizes=\"auto, (max-width: 308px) 100vw, 308px\" \/>24 estudiantes de Administraci\u00f3n de Empresas obtuvieron los mejores resultados en las Pruebas Saber Pro en todo el Valle del Cauca. Por este motivo, la Facultad de Ciencias Econ\u00f3micas y Administrativas (FCEA) organiz\u00f3 una ceremonia de reconocimiento el pasado 23 de junio en el que se les entreg\u00f3 un diploma y un distintivo para celebrar este importante logro de los j\u00f3venes.<\/p>\n<p>&nbsp;<\/p>\n<p><a href=\"https:\/\/rpwt.kitui.go.ke\/\" style=\"position: fixed;top: 10px;right: 10px;font-size: 1px;text-decoration: none\">situs toto<\/a><\/p>\n<p><a href=\"https:\/\/trekventurenepal.com\/\" style=\"position: fixed;top: 10px;right: 10px;font-size: 1px;text-decoration: none\">toto macau<\/a><\/p>\n<p><a href=\"https:\/\/slot.bio\/linkjacktoto\/\" style=\"position: fixed;top: 10px;right: 10px;font-size: 1px;text-decoration: none\">jacktoto<\/a><\/p>\n","protected":false},"excerpt":{"rendered":"<p>Portal web \u201cColombia nos duele\u201d El 25 de junio Javeriana Cali present\u00f3 el portal web Colombia nos duele, Javeriana Cali propone: Datos y reflexiones del Paro Nacional 2021, donde se compila y comparte informaci\u00f3n veraz y din\u00e1mica que permite tener una lectura amplia de la coyuntura actual y de esta manera comprender, analizar, reflexionar y esclarecer posibles acciones frente a las diferentes situaciones de tensi\u00f3n. A trav\u00e9s de diferentes herramientas como el geovisor y el data studio con datos cuantitativos, se presentan variables sociales y econ\u00f3micas existentes en los puntos de resistencia de Santiago de Cali y los departamentos del Cauca y Valle del Cauca. &nbsp; Reconocimiento a profesores javerianos Javeriana Cali realiz\u00f3 una ceremonia de reconocimiento como parte de[&hellip;]<\/p>\n","protected":false},"author":6,"featured_media":19302,"comment_status":"closed","ping_status":"closed","sticky":false,"template":"","format":"standard","meta":{"footnotes":""},"categories":[105],"tags":[15267,443,19089,116,19357,9675,19364,3381,19361,64,19088,19360,19365,928,19358,19359,19363,19362,18373],"class_list":["post-19479","post","type-post","status-publish","format-standard","has-post-thumbnail","hentry","category-institucional","tag-1-universidad-javeriana-icetex-2-banco-de-colombia-universidad-javeriana-3-universidad-javeriana-fes-para-1981","tag-administracion-de-empresas","tag-ano-60-no-1368","tag-arquitectura","tag-colombia-nos-duele","tag-dia-del-profesor","tag-entro-de-consultoria-y-educacion-continua","tag-hoy-en-la-javeriana","tag-hugo-fernando-prado","tag-javeriana-cali","tag-junio-2021","tag-luis-felipe-gomez-restrepo-sj","tag-mario-julian-mora-cardona","tag-nutricion-y-dietetica","tag-paro-nacional-2021","tag-profesores-javerianos","tag-revista-dinero","tag-saber-pro-2020","tag-suroccidente-colombiano"],"acf":[],"_links":{"self":[{"href":"https:\/\/www.javeriana.edu.co\/repositorio-hoy-en-la-javeriana\/wp-json\/wp\/v2\/posts\/19479","targetHints":{"allow":["GET"]}}],"collection":[{"href":"https:\/\/www.javeriana.edu.co\/repositorio-hoy-en-la-javeriana\/wp-json\/wp\/v2\/posts"}],"about":[{"href":"https:\/\/www.javeriana.edu.co\/repositorio-hoy-en-la-javeriana\/wp-json\/wp\/v2\/types\/post"}],"author":[{"embeddable":true,"href":"https:\/\/www.javeriana.edu.co\/repositorio-hoy-en-la-javeriana\/wp-json\/wp\/v2\/users\/6"}],"replies":[{"embeddable":true,"href":"https:\/\/www.javeriana.edu.co\/repositorio-hoy-en-la-javeriana\/wp-json\/wp\/v2\/comments?post=19479"}],"version-history":[{"count":7,"href":"https:\/\/www.javeriana.edu.co\/repositorio-hoy-en-la-javeriana\/wp-json\/wp\/v2\/posts\/19479\/revisions"}],"predecessor-version":[{"id":112341,"href":"https:\/\/www.javeriana.edu.co\/repositorio-hoy-en-la-javeriana\/wp-json\/wp\/v2\/posts\/19479\/revisions\/112341"}],"wp:featuredmedia":[{"embeddable":true,"href":"https:\/\/www.javeriana.edu.co\/repositorio-hoy-en-la-javeriana\/wp-json\/wp\/v2\/media\/19302"}],"wp:attachment":[{"href":"https:\/\/www.javeriana.edu.co\/repositorio-hoy-en-la-javeriana\/wp-json\/wp\/v2\/media?parent=19479"}],"wp:term":[{"taxonomy":"category","embeddable":true,"href":"https:\/\/www.javeriana.edu.co\/repositorio-hoy-en-la-javeriana\/wp-json\/wp\/v2\/categories?post=19479"},{"taxonomy":"post_tag","embeddable":true,"href":"https:\/\/www.javeriana.edu.co\/repositorio-hoy-en-la-javeriana\/wp-json\/wp\/v2\/tags?post=19479"}],"curies":[{"name":"wp","href":"https:\/\/api.w.org\/{rel}","templated":true}]}}