{"id":20509,"date":"2016-11-01T01:05:33","date_gmt":"2016-11-01T06:05:33","guid":{"rendered":"https:\/\/www.javeriana.edu.co\/repositorio-hoy-en-la-javeriana\/?p=20509"},"modified":"2021-12-06T14:39:30","modified_gmt":"2021-12-06T19:39:30","slug":"huespedes-felinos-en-el-campus","status":"publish","type":"post","link":"https:\/\/www.javeriana.edu.co\/repositorio-hoy-en-la-javeriana\/huespedes-felinos-en-el-campus\/","title":{"rendered":"Hu\u00e9spedes felinos en el campus"},"content":{"rendered":"<p>14 felinos, no dom\u00e9sticos, tienen actualmente la atenci\u00f3n de estudiantes, vigilantes, trabajadores y profesores, quienes velan por su cuidado, salud, alimentaci\u00f3n, limpieza de comederos, seguimiento, capturas y hogares de paso. La oficina de campus les ofrece todo el apoyo para los gastos de comida, veterinaria y comederos.<\/p>\n<p>Los voluntarios pertenecen a las facultades de Ciencias Sociales, Ciencias y Estudios Ambientales y Rurales; al Programa Universidad Saludable, al Centro de Asesor\u00eda Psicol\u00f3gica y al Grupo Estudiantil de Protecci\u00f3n Animal Javeriana. \u201cEllos ofrecen estrategias pedag\u00f3gicas y formativas para una mejor interacci\u00f3n con los animales urbanos en general\u201d, dice Luc\u00eda Rojas G\u00f3mez, del Centro de Asesor\u00eda Psicol\u00f3gica y Salud y coordinadora del programa de protecci\u00f3n de gatos.<\/p>\n<p>Explica que las 16 hect\u00e1reas de la Universidad Javeriana colindan con los cerros orientales y con el Parque Nacional, es un corredor vivo y una frontera entre lo urbano y lo silvestre. Las zonas verdes ofrecen un ambiente propicio para la fauna.<\/p>\n<figure id=\"attachment_20510\" aria-describedby=\"caption-attachment-20510\" style=\"width: 350px\" class=\"wp-caption alignright\"><img loading=\"lazy\" decoding=\"async\" class=\"wp-image-20510\" src=\"https:\/\/www.javeriana.edu.co\/repositorio-hoy-en-la-javeriana\/wp-content\/uploads\/2021\/12\/Gatos-de-la-Javeriana-500x333.jpg\" alt=\"\" width=\"350\" height=\"233\" srcset=\"https:\/\/www.javeriana.edu.co\/repositorio-hoy-en-la-javeriana\/wp-content\/uploads\/2021\/12\/Gatos-de-la-Javeriana-500x333.jpg 500w, https:\/\/www.javeriana.edu.co\/repositorio-hoy-en-la-javeriana\/wp-content\/uploads\/2021\/12\/Gatos-de-la-Javeriana-1024x683.jpg 1024w, https:\/\/www.javeriana.edu.co\/repositorio-hoy-en-la-javeriana\/wp-content\/uploads\/2021\/12\/Gatos-de-la-Javeriana-768x512.jpg 768w, https:\/\/www.javeriana.edu.co\/repositorio-hoy-en-la-javeriana\/wp-content\/uploads\/2021\/12\/Gatos-de-la-Javeriana-600x400.jpg 600w, https:\/\/www.javeriana.edu.co\/repositorio-hoy-en-la-javeriana\/wp-content\/uploads\/2021\/12\/Gatos-de-la-Javeriana-272x182.jpg 272w, https:\/\/www.javeriana.edu.co\/repositorio-hoy-en-la-javeriana\/wp-content\/uploads\/2021\/12\/Gatos-de-la-Javeriana.jpg 1080w\" sizes=\"auto, (max-width: 350px) 100vw, 350px\" \/><figcaption id=\"caption-attachment-20510\" class=\"wp-caption-text\">14 gatos viven, duermen y comen en el campus de la Universidad. Desde hace siete a\u00f1os un grupo de administrativos, profesores y estudiantes cuida a los gatos que llegan a la Javeriana.<\/figcaption><\/figure>\n<p>Desde el 2009 se inici\u00f3 esta labor de amor por los animales. En el caso espec\u00edfico de los gatos, considerados ferales (especies dom\u00e9sticas que sin cuidados de humanos vuelven a comportarse como en estado silvestre), se requer\u00eda de un programa que minimizara los efectos negativos (riesgos a la salud, desorden en basuras, incomodidades en cafeter\u00edas, etc..), y potenciara los efectos positivos (respeto a otras formas de vida, entorno saludable y agradable, control de plagas en el campus, ejemplo de convivencia con otras especies, testimonio de cuidado y articulaci\u00f3n de varios estamentos y disciplinas).<\/p>\n<p>\u201cDurante estos a\u00f1os hemos dado en adopci\u00f3n 72 gatos, buscando que sea a personas responsables y verificando luego el estado del animal\u201d, explic\u00f3 Laura Reina, directora del Grupo de Protecci\u00f3n Animal Javeriana, quien cursa octavo semestre de Lenguas Modernas.<\/p>\n<p>Las labores que ha realizado el grupo de profesores y administrativos son: censo de poblaci\u00f3n felina, recolecci\u00f3n de los gatos, a los que se les ha esterilizado, vacunado y desparasitado. As\u00ed mismo, se realiza un trabajo pedag\u00f3gico con la comunidad educativa para tartar de evitar que jueguen con los animales, ya que no todos son dom\u00e9sticos y pueden defenderse.<\/p>\n<p>Los integrantes del grupo de protecci\u00f3n destacan la labor de los vigilantes, conserjes, jardineros, profesores, estudiantes, directivos, quienes apoyan incondicionalmente el programa de gatos y est\u00e1n atentos para cuando se les deba dar comida o agua a los hu\u00e9spedes de la Javeriana.<\/p>\n<p><strong>Los hu\u00e9spedes:<\/strong><\/p>\n<ul>\n<li>Kiwi<\/li>\n<li>L\u00eda y Momo<\/li>\n<li>Lulo y Nacho<\/li>\n<li>Sara y Tom\u00e1s<\/li>\n<li>Nani y Honus<\/li>\n<li>Alheli, Lola, Naranjo, Javi, Isha<\/li>\n<\/ul>\n<p><strong>Zonas de h\u00e1bitat:<\/strong><\/p>\n<ul>\n<li>Edificio Pablo VI<\/li>\n<li>Plazoleta Arquitectura y Dise\u00f1o<\/li>\n<li>Edificio 67<\/li>\n<li>Unidad de Biolog\u00eda Comparada<\/li>\n<li>Plazoleta Fac. Teolog\u00eda<\/li>\n<li>Ingenier\u00eda y Edif. Bar\u00f3n<\/li>\n<\/ul>\n<p>&nbsp;<\/p>\n","protected":false},"excerpt":{"rendered":"<p>14 felinos, no dom\u00e9sticos, tienen actualmente la atenci\u00f3n de estudiantes, vigilantes, trabajadores y profesores, quienes velan por su cuidado, salud, alimentaci\u00f3n, limpieza de comederos, seguimiento, capturas y hogares de paso. La oficina de campus les ofrece todo el apoyo para los gastos de comida, veterinaria y comederos. Los voluntarios pertenecen a las facultades de Ciencias Sociales, Ciencias y Estudios Ambientales y Rurales; al Programa Universidad Saludable, al Centro de Asesor\u00eda Psicol\u00f3gica y al Grupo Estudiantil de Protecci\u00f3n Animal Javeriana. \u201cEllos ofrecen estrategias pedag\u00f3gicas y formativas para una mejor interacci\u00f3n con los animales urbanos en general\u201d, dice Luc\u00eda Rojas G\u00f3mez, del Centro de Asesor\u00eda Psicol\u00f3gica y Salud y coordinadora del programa de protecci\u00f3n de gatos. Explica que las 16 hect\u00e1reas de[&hellip;]<\/p>\n","protected":false},"author":8,"featured_media":20511,"comment_status":"closed","ping_status":"closed","sticky":false,"template":"","format":"standard","meta":{"footnotes":""},"categories":[1],"tags":[21049,20938,21042,20828,246,1498,19825,245,21043,21044,21047,3381,21050,21048,20937,21045,11383,2639,21046],"class_list":["post-20509","post","type-post","status-publish","format-standard","has-post-thumbnail","hentry","category-destacado","tag-animales","tag-ano-55-no-1323","tag-carlos-andres-medina-porras","tag-centro-de-asesoria-psicologica","tag-ciencias","tag-ciencias-sociales","tag-direccion-de-comunicaciones","tag-estudios-ambientales-y-rurales","tag-felinos","tag-gatos","tag-grupo-estudiantil-de-proteccion-animal-javeriana","tag-hoy-en-la-javeriana","tag-laura-reina","tag-lucia-rojas-gomez","tag-noviembre-diciembre-2016","tag-oficina-de-campus","tag-parque-nacional","tag-pontificia-universidad-javeriana","tag-programa-universidad-saludable"],"acf":[],"_links":{"self":[{"href":"https:\/\/www.javeriana.edu.co\/repositorio-hoy-en-la-javeriana\/wp-json\/wp\/v2\/posts\/20509","targetHints":{"allow":["GET"]}}],"collection":[{"href":"https:\/\/www.javeriana.edu.co\/repositorio-hoy-en-la-javeriana\/wp-json\/wp\/v2\/posts"}],"about":[{"href":"https:\/\/www.javeriana.edu.co\/repositorio-hoy-en-la-javeriana\/wp-json\/wp\/v2\/types\/post"}],"author":[{"embeddable":true,"href":"https:\/\/www.javeriana.edu.co\/repositorio-hoy-en-la-javeriana\/wp-json\/wp\/v2\/users\/8"}],"replies":[{"embeddable":true,"href":"https:\/\/www.javeriana.edu.co\/repositorio-hoy-en-la-javeriana\/wp-json\/wp\/v2\/comments?post=20509"}],"version-history":[{"count":4,"href":"https:\/\/www.javeriana.edu.co\/repositorio-hoy-en-la-javeriana\/wp-json\/wp\/v2\/posts\/20509\/revisions"}],"predecessor-version":[{"id":20545,"href":"https:\/\/www.javeriana.edu.co\/repositorio-hoy-en-la-javeriana\/wp-json\/wp\/v2\/posts\/20509\/revisions\/20545"}],"wp:featuredmedia":[{"embeddable":true,"href":"https:\/\/www.javeriana.edu.co\/repositorio-hoy-en-la-javeriana\/wp-json\/wp\/v2\/media\/20511"}],"wp:attachment":[{"href":"https:\/\/www.javeriana.edu.co\/repositorio-hoy-en-la-javeriana\/wp-json\/wp\/v2\/media?parent=20509"}],"wp:term":[{"taxonomy":"category","embeddable":true,"href":"https:\/\/www.javeriana.edu.co\/repositorio-hoy-en-la-javeriana\/wp-json\/wp\/v2\/categories?post=20509"},{"taxonomy":"post_tag","embeddable":true,"href":"https:\/\/www.javeriana.edu.co\/repositorio-hoy-en-la-javeriana\/wp-json\/wp\/v2\/tags?post=20509"}],"curies":[{"name":"wp","href":"https:\/\/api.w.org\/{rel}","templated":true}]}}